{"id":8867,"date":"2023-03-06T10:30:39","date_gmt":"2023-03-06T09:30:39","guid":{"rendered":"https:\/\/luciepo.com\/25-pozitivnich-jarnich-inspirativnich-citatu-ktere-vam-zvednou-naladu\/"},"modified":"2024-03-04T19:14:23","modified_gmt":"2024-03-04T18:14:23","slug":"25-pozitivnich-jarnich-inspirativnich-citatu-ktere-vam-zvednou-naladu","status":"publish","type":"post","link":"https:\/\/luciepo.com\/cs\/25-pozitivnich-jarnich-inspirativnich-citatu-ktere-vam-zvednou-naladu\/","title":{"rendered":"25 pozitivn\u00edch jarn\u00edch inspirativn\u00edch cit\u00e1t\u016f, kter\u00e9 v\u00e1m zvednou n\u00e1ladu"},"content":{"rendered":"\n<p>Pokud hled\u00e1te n\u011bjak\u00e9 informace a povzbuzen\u00ed na za\u010d\u00e1tek nov\u00e9ho jarn\u00edho obdob\u00ed, nehledejte nic jin\u00e9ho. Najdete zde \u0159adu inspirativn\u00edch v\u00fdrok\u016f, kter\u00e9 v\u00e1m maj\u00ed v t\u011bchto nejist\u00fdch \u010dasech zlep\u0161it n\u00e1ladu. Od ver\u0161\u016f klasick\u00fdch autor\u016f, kter\u00e9 nut\u00ed k zamy\u0161len\u00ed, a\u017e po cit\u00e1ty sou\u010dasn\u00fdch b\u00e1sn\u00edk\u016f &#8211; ka\u017ed\u00fd z nich v\u00e1m jist\u011b zvedne n\u00e1ladu a pom\u016f\u017ee v\u00e1m p\u0159ekonat jarn\u00ed obdob\u00ed. Usa\u010fte se tedy s \u0161\u00e1lkem \u010daje a nechte se un\u00e1\u0161et t\u011bmito povzbudiv\u00fdmi v\u00fdrazy; je \u010das p\u0159ipravit se na nov\u00fd r\u016fst, kter\u00fd p\u0159ich\u00e1z\u00ed s t\u00edmto zvl\u00e1\u0161tn\u00edm ro\u010dn\u00edm obdob\u00edm!<\/p>\n\n<p><strong>Jaro je obdob\u00edm obnovy a znovuzrozen\u00ed a je to ide\u00e1ln\u00ed \u010das pro hled\u00e1n\u00ed motivace a povzbuzen\u00ed. A\u0165 v\u00e1m tyto inspirativn\u00ed cit\u00e1ty zvednou n\u00e1ladu a vnesou do va\u0161eho \u017eivota trochu optimismu v tomto kr\u00e1sn\u00e9m jarn\u00edm obdob\u00ed!<\/strong><\/p>\n<div class=\"wp-block-image\">\n<figure class=\"aligncenter size-large\"><a href=\"https:\/\/www.pinterest.com\/lucieposp\/\" target=\"_blank\" rel=\"noopener\"><img decoding=\"async\" loading=\"lazy\" width=\"576\" height=\"1024\" src=\"https:\/\/luciepo.com\/wp-content\/uploads\/2023\/02\/spring-quotes-inspirational-1-576x1024.png\" alt=\"jarn&#xED; cit&#xE1;ty inspirativn&#xED;\" class=\"wp-image-2169\" srcset=\"https:\/\/luciepo.com\/wp-content\/uploads\/2023\/02\/spring-quotes-inspirational-1-576x1024.png 576w, https:\/\/luciepo.com\/wp-content\/uploads\/2023\/02\/spring-quotes-inspirational-1-169x300.png 169w, https:\/\/luciepo.com\/wp-content\/uploads\/2023\/02\/spring-quotes-inspirational-1-768x1365.png 768w, https:\/\/luciepo.com\/wp-content\/uploads\/2023\/02\/spring-quotes-inspirational-1-864x1536.png 864w, https:\/\/luciepo.com\/wp-content\/uploads\/2023\/02\/spring-quotes-inspirational-1-600x1067.png 600w, https:\/\/luciepo.com\/wp-content\/uploads\/2023\/02\/spring-quotes-inspirational-1.png 1080w\" sizes=\"(max-width: 576px) 100vw, 576px\" \/><\/a><\/figure><\/div>\n<p><\/p>\n\n<h2 id='v\u00fdznam-jara'  id=\"boomdevs_1\" class=\"wp-block-heading\" ><strong>V\u00fdznam jara<\/strong><\/h2>\n\n<p>Jaro nen\u00ed jen zm\u011bnou po\u010das\u00ed, je to metaforick\u00e9 zn\u00e1zorn\u011bn\u00ed \u017eivota jako takov\u00e9ho. Znamen\u00e1 konec drsn\u00fdch podm\u00ednek a p\u0159\u00edchod obdob\u00ed pln\u00e9ho nad\u011bje, r\u016fstu a nov\u00fdch p\u0159\u00edle\u017eitost\u00ed. Objeven\u00ed barevn\u00fdch kv\u011bt\u016f, n\u00e1vrat zp\u00edvaj\u00edc\u00edch pt\u00e1k\u016f a del\u0161\u00ed dny zalit\u00e9 sluncem p\u0159isp\u00edvaj\u00ed k pocitu omlazen\u00ed, kter\u00fd jaro p\u0159in\u00e1\u0161\u00ed. Je to \u010das, kdy n\u00e1m p\u0159\u00edroda ukazuje neuv\u011b\u0159itelnou s\u00edlu odolnosti a p\u0159ipom\u00edn\u00e1 n\u00e1m, \u017ee i po nejchladn\u011bj\u0161\u00edch a nejtemn\u011bj\u0161\u00edch obdob\u00edch m\u016f\u017ee kr\u00e1sa znovu rozkv\u00e9st.<\/p>\n\n<p><\/p>\n\n<p><strong>S\u00edla pozitivn\u00edch cit\u00e1t\u016f<\/strong><\/p>\n\n<p>Pozitivn\u00ed cit\u00e1ty maj\u00ed pozoruhodnou schopnost pozvednout na\u0161i n\u00e1ladu a zm\u011bnit n\u00e1\u0161 pohled na v\u011bc. Slou\u017e\u00ed jako jemn\u00e1 p\u0159ipom\u00ednka p\u0159irozen\u00e9 kr\u00e1sy a radosti, kterou \u017eivot nab\u00edz\u00ed. Pozitivn\u00ed cit\u00e1ty mohou v kontextu jara umocnit pocity nad\u011bje, optimismu a \u0161t\u011bst\u00ed, kter\u00fdch je v tomto ro\u010dn\u00edm obdob\u00ed u\u017e tak dost. Kdy\u017e se pono\u0159\u00edme do moudrosti a inspirace druh\u00fdch, m\u016f\u017eeme vyu\u017e\u00edt svou vlastn\u00ed vnit\u0159n\u00ed s\u00edlu a p\u0159ijmout transformativn\u00ed s\u00edlu jara. Prozkoumejme tyto cit\u00e1ty v r\u016fzn\u00fdch kategori\u00edch, abychom vystihli podstatu jara.<\/p>\n\n<p><\/p>\n\n<h2 id='cit\u00e1ty-s-vysv\u011btlen\u00edm'  id=\"boomdevs_2\" class=\"wp-block-heading\" >Cit\u00e1ty s vysv\u011btlen\u00edm<\/h2>\n\n<p><\/p>\n\n<h3 id='1-8220-jaro-je-zp\u016fsob-jak\u00fdm-p\u0159\u00edroda-\u0159\u00edk\u00e1-8220-poj\u010fme-se-bavit-8221-8221-robin-williams'  id=\"boomdevs_3\" class=\"wp-block-heading\" >1. &#8220;Jaro je zp\u016fsob, jak\u00fdm p\u0159\u00edroda \u0159\u00edk\u00e1: &#8220;Poj\u010fme se bavit!&#8221;&#8221; &#8211; Robin Williams<\/h3>\n\n<p>Jaro je ide\u00e1ln\u00ed p\u0159\u00edle\u017eitost\u00ed k oslav\u011b \u017eivota a v\u0161eho, co toto obdob\u00ed nab\u00edz\u00ed. A\u0165 u\u017e je to kr\u00e1sn\u00e1 rozkvetl\u00e1 kv\u011btina, n\u00e1dhern\u00fd slune\u010dn\u00fd den nebo vo\u0148av\u00e1 de\u0161\u0165ov\u00e1 p\u0159eh\u00e1\u0148ka &#8211; p\u0159\u00edroda se n\u00e1m na ja\u0159e ur\u010dit\u011b p\u0159edvede. Nezapome\u0148te si tedy u\u017e\u00edt v\u0161e, co jaro nab\u00edz\u00ed, a ka\u017ed\u00fd den si u\u017eijte p\u00e1rty!<\/p>\n<div class=\"wp-block-image\">\n<figure class=\"aligncenter size-large\"><a href=\"https:\/\/www.pinterest.com\/lucieposp\/\" target=\"_blank\" rel=\"noopener\"><img decoding=\"async\" loading=\"lazy\" width=\"576\" height=\"1024\" src=\"https:\/\/luciepo.com\/wp-content\/uploads\/2023\/02\/spring-quotes-inspirational-2-576x1024.png\" alt=\"kr&#xE1;tk&#xE9; inspirativn&#xED; jarn&#xED; cit&#xE1;ty\" class=\"wp-image-2240\" srcset=\"https:\/\/luciepo.com\/wp-content\/uploads\/2023\/02\/spring-quotes-inspirational-2-576x1024.png 576w, https:\/\/luciepo.com\/wp-content\/uploads\/2023\/02\/spring-quotes-inspirational-2-169x300.png 169w, https:\/\/luciepo.com\/wp-content\/uploads\/2023\/02\/spring-quotes-inspirational-2-768x1365.png 768w, https:\/\/luciepo.com\/wp-content\/uploads\/2023\/02\/spring-quotes-inspirational-2-864x1536.png 864w, https:\/\/luciepo.com\/wp-content\/uploads\/2023\/02\/spring-quotes-inspirational-2-600x1067.png 600w, https:\/\/luciepo.com\/wp-content\/uploads\/2023\/02\/spring-quotes-inspirational-2.png 1080w\" sizes=\"(max-width: 576px) 100vw, 576px\" \/><\/a><\/figure><\/div>\n<h3 id='2-8220-p\u0159i\u0161lo-kr\u00e1sn\u00e9-jaro-a-kdy\u017e-p\u0159\u00edroda-znovu-o\u017eije-svou-kr\u00e1sou-o\u017eije-i-lidsk\u00e1-du\u0161e-8221-harriet-ann-jacobsov\u00e1'  id=\"boomdevs_4\" class=\"wp-block-heading\" >2. &#8220;P\u0159i\u0161lo kr\u00e1sn\u00e9 jaro, a kdy\u017e p\u0159\u00edroda znovu o\u017eije svou kr\u00e1sou, o\u017eije i lidsk\u00e1 du\u0161e.&#8221; &#8211; Harriet Ann Jacobsov\u00e1<\/h3>\n\n<p>Jaro je ide\u00e1ln\u00ed \u010das pro nov\u00fd za\u010d\u00e1tek. Je to p\u0159ipom\u00ednka toho, \u017ee i v t\u011bch nejtemn\u011bj\u0161\u00edch dnech se nakonec vr\u00e1t\u00ed kr\u00e1sa a nad\u011bje. Tento inspirativn\u00ed cit\u00e1t Harriet Anne Jacobsov\u00e9 dokonale vyjad\u0159uje pocit omlazen\u00ed a nov\u00e9ho \u017eivota, kter\u00fd p\u0159ich\u00e1z\u00ed s p\u0159\u00edchodem jara. Kdy\u017e se na chv\u00edli zastav\u00edme a obdivujeme v\u0161echnu tu kr\u00e1su kolem n\u00e1s, sn\u00e1ze ocen\u00edme, jak je \u017eivot skute\u010dn\u011b vz\u00e1cn\u00fd.<\/p>\n<div class=\"wp-block-image\">\n<figure class=\"aligncenter size-large\"><a href=\"https:\/\/www.pinterest.com\/lucieposp\/\" target=\"_blank\" rel=\"noopener\"><img decoding=\"async\" loading=\"lazy\" width=\"576\" height=\"1024\" src=\"https:\/\/luciepo.com\/wp-content\/uploads\/2023\/02\/spring-quotes-inspirational-8-576x1024.png\" alt=\"Jarn&#xED; l&#xE1;ska Cit&#xE1;ty\" class=\"wp-image-2248\" srcset=\"https:\/\/luciepo.com\/wp-content\/uploads\/2023\/02\/spring-quotes-inspirational-8-576x1024.png 576w, https:\/\/luciepo.com\/wp-content\/uploads\/2023\/02\/spring-quotes-inspirational-8-169x300.png 169w, https:\/\/luciepo.com\/wp-content\/uploads\/2023\/02\/spring-quotes-inspirational-8-768x1365.png 768w, https:\/\/luciepo.com\/wp-content\/uploads\/2023\/02\/spring-quotes-inspirational-8-864x1536.png 864w, https:\/\/luciepo.com\/wp-content\/uploads\/2023\/02\/spring-quotes-inspirational-8-600x1067.png 600w, https:\/\/luciepo.com\/wp-content\/uploads\/2023\/02\/spring-quotes-inspirational-8.png 1080w\" sizes=\"(max-width: 576px) 100vw, 576px\" \/><\/a><\/figure><\/div>\n<h3 id='3-8220-kv\u011btiny-jsou-v\u017edycky-pro-ty-kdo-je-cht\u011bj\u00ed-vid\u011bt-8221-henri-matisse'  id=\"boomdevs_5\" class=\"wp-block-heading\" >3. &#8220;Kv\u011btiny jsou v\u017edycky pro ty, kdo je cht\u011bj\u00ed vid\u011bt.&#8221; &#8211; Henri Matisse<\/h3>\n\n<p>Pro ty, kte\u0159\u00ed se sna\u017e\u00ed udr\u017eet si pozitivn\u00ed pohled na \u017eivot, je tento cit\u00e1t Henriho Matisse dokonalou p\u0159ipom\u00ednkou toho, \u017ee i kdy\u017e se sv\u011bt kolem n\u00e1s zd\u00e1 b\u00fdt bez\u00fat\u011b\u0161n\u00fd, v\u017edy v n\u011bm bude kr\u00e1sa, pokud se ji rozhodneme hledat. Vypov\u00edd\u00e1 o s\u00edle pohledu dovnit\u0159, kde m\u016f\u017eeme objevit vnit\u0159n\u00ed s\u00edlu a klid. Bez ohledu na to, jak \u0161patn\u011b se v\u00e1m n\u011bkdy v\u011bci mohou zd\u00e1t, skute\u010dn\u00e1 svoboda spo\u010d\u00edv\u00e1 ve va\u0161\u00ed vlastn\u00ed perspektiv\u011b.<\/p>\n<div class=\"wp-block-image\">\n<figure class=\"aligncenter size-large\"><a href=\"https:\/\/www.pinterest.com\/lucieposp\/\" target=\"_blank\" rel=\"noopener\"><img decoding=\"async\" loading=\"lazy\" width=\"576\" height=\"1024\" src=\"https:\/\/luciepo.com\/wp-content\/uploads\/2023\/02\/spring-quotes-inspirational-9-576x1024.png\" alt=\"Ahoj jarn&#xED; cit&#xE1;ty\" class=\"wp-image-2249\" srcset=\"https:\/\/luciepo.com\/wp-content\/uploads\/2023\/02\/spring-quotes-inspirational-9-576x1024.png 576w, https:\/\/luciepo.com\/wp-content\/uploads\/2023\/02\/spring-quotes-inspirational-9-169x300.png 169w, https:\/\/luciepo.com\/wp-content\/uploads\/2023\/02\/spring-quotes-inspirational-9-768x1365.png 768w, https:\/\/luciepo.com\/wp-content\/uploads\/2023\/02\/spring-quotes-inspirational-9-864x1536.png 864w, https:\/\/luciepo.com\/wp-content\/uploads\/2023\/02\/spring-quotes-inspirational-9-600x1067.png 600w, https:\/\/luciepo.com\/wp-content\/uploads\/2023\/02\/spring-quotes-inspirational-9.png 1080w\" sizes=\"(max-width: 576px) 100vw, 576px\" \/><\/a><\/figure><\/div>\n<h3 id='4-8220-zaj\u00edmat-se-o-st\u0159\u00edd\u00e1n\u00ed-ro\u010dn\u00edch-obdob\u00ed-je-\u0161\u0165astn\u011bj\u0161\u00ed-stav-mysli-ne\u017e-b\u00fdt-beznad\u011bjn\u011b-zamilovan\u00fd-do-jara-8221-george-santayana'  id=\"boomdevs_6\" class=\"wp-block-heading\" >4. &#8220;Zaj\u00edmat se o st\u0159\u00edd\u00e1n\u00ed ro\u010dn\u00edch obdob\u00ed je \u0161\u0165astn\u011bj\u0161\u00ed stav mysli ne\u017e b\u00fdt beznad\u011bjn\u011b zamilovan\u00fd do jara.&#8221; &#8211; George Santayana<\/h3>\n\n<p>Jaro je \u010dasto spojov\u00e1no s radost\u00ed, r\u016fstem a nad\u011bj\u00ed, ale \u017eivot takov\u00fd v\u017edy nen\u00ed. M\u00edsto abychom se ztr\u00e1celi v p\u0159edstav\u011b dokonalosti a idylick\u00e9ho sv\u011bta (kter\u00fd neexistuje), m\u011bli bychom se nau\u010dit oce\u0148ovat st\u0159\u00edd\u00e1n\u00ed ro\u010dn\u00edch obdob\u00ed. Tento cit\u00e1t je d\u016fle\u017eitou p\u0159ipom\u00ednkou pro ka\u017ed\u00e9ho, kdo pot\u0159ebuje trochu povzbudit: je v po\u0159\u00e1dku b\u00fdt zv\u011bdav\u00fd na ka\u017ed\u00e9 ro\u010dn\u00ed obdob\u00ed a u\u017e\u00edvat si v\u0161ech jeho jedine\u010dn\u00fdch nab\u00eddek, ani\u017e bychom na sebe p\u0159\u00edli\u0161 tla\u010dili.<\/p>\n<div class=\"wp-block-image\">\n<figure class=\"aligncenter size-large\"><a href=\"https:\/\/www.pinterest.com\/lucieposp\/\" target=\"_blank\" rel=\"noopener\"><img decoding=\"async\" loading=\"lazy\" width=\"576\" height=\"1024\" src=\"https:\/\/luciepo.com\/wp-content\/uploads\/2023\/02\/spring-quotes-inspirational-5-576x1024.png\" alt=\"Kr&#xE1;sn&#xE9; jarn&#xED; cit&#xE1;ty\" class=\"wp-image-2245\" srcset=\"https:\/\/luciepo.com\/wp-content\/uploads\/2023\/02\/spring-quotes-inspirational-5-576x1024.png 576w, https:\/\/luciepo.com\/wp-content\/uploads\/2023\/02\/spring-quotes-inspirational-5-169x300.png 169w, https:\/\/luciepo.com\/wp-content\/uploads\/2023\/02\/spring-quotes-inspirational-5-768x1365.png 768w, https:\/\/luciepo.com\/wp-content\/uploads\/2023\/02\/spring-quotes-inspirational-5-864x1536.png 864w, https:\/\/luciepo.com\/wp-content\/uploads\/2023\/02\/spring-quotes-inspirational-5-600x1067.png 600w, https:\/\/luciepo.com\/wp-content\/uploads\/2023\/02\/spring-quotes-inspirational-5.png 1080w\" sizes=\"(max-width: 576px) 100vw, 576px\" \/><\/a><\/figure><\/div>\n<h3 id='5-8220-jaro-ukazuje-co-b\u016fh-dok\u00e1\u017ee-ud\u011blat-s-\u0161ediv\u00fdm-a-\u0161pinav\u00fdm-sv\u011btem-8221-virgil-a-kraft'  id=\"boomdevs_7\" class=\"wp-block-heading\" >5. &#8220;Jaro ukazuje, co B\u016fh dok\u00e1\u017ee ud\u011blat s \u0161ediv\u00fdm a \u0161pinav\u00fdm sv\u011btem.&#8221; &#8211; Virgil A. Kraft<\/h3>\n\n<p>Tento cit\u00e1t Virgila Krafta n\u00e1m p\u0159ipom\u00edn\u00e1, \u017ee sv\u011bt nen\u00ed v\u017edy takov\u00fd, jak se zd\u00e1 v chladn\u00e9 a temn\u00e9 zim\u011b. Kdy\u017e p\u0159ijde jaro, m\u016f\u017eeme vid\u011bt Bo\u017e\u00ed d\u00edlo, kter\u00e9 p\u0159in\u00e1\u0161\u00ed sv\u011btu nov\u00fd \u017eivot a kr\u00e1su. Jaro je pln\u00e9 mo\u017enost\u00ed a potenci\u00e1lu, proto\u017ee kvetou kv\u011btiny a pt\u00e1ci se st\u011bhuj\u00ed za hn\u00edzd\u011bn\u00edm do teplej\u0161\u00edch krajin. Kdy\u017e si ud\u011bl\u00e1me \u010das na to, abychom se t\u011b\u0161ili z prost\u00fdch Bo\u017e\u00edch stvo\u0159en\u00ed a skutk\u016f, m\u016f\u017eeme si v\u00e1\u017eit tohoto obdob\u00ed pro jeho kr\u00e1su a p\u0159\u00edslib toho, co teprve p\u0159ijde. S ka\u017ed\u00fdm dal\u0161\u00edm obdob\u00edm a miln\u00edkem se m\u016f\u017eeme pou\u010dit ze v\u0161ech \u010d\u00e1st\u00ed \u017eivota, pokud si jen ud\u011bl\u00e1me \u010das na jejich pozorov\u00e1n\u00ed.<\/p>\n<div class=\"wp-block-image\">\n<figure class=\"aligncenter size-large\"><a href=\"https:\/\/www.pinterest.com\/lucieposp\/\" target=\"_blank\" rel=\"noopener\"><img decoding=\"async\" loading=\"lazy\" width=\"576\" height=\"1024\" src=\"https:\/\/luciepo.com\/wp-content\/uploads\/2023\/02\/spring-quotes-inspirational-4-576x1024.png\" alt=\"Jarn&#xED; cit&#xE1;ty kr&#xE1;tk&#xE9;\" class=\"wp-image-2244\" srcset=\"https:\/\/luciepo.com\/wp-content\/uploads\/2023\/02\/spring-quotes-inspirational-4-576x1024.png 576w, https:\/\/luciepo.com\/wp-content\/uploads\/2023\/02\/spring-quotes-inspirational-4-169x300.png 169w, https:\/\/luciepo.com\/wp-content\/uploads\/2023\/02\/spring-quotes-inspirational-4-768x1365.png 768w, https:\/\/luciepo.com\/wp-content\/uploads\/2023\/02\/spring-quotes-inspirational-4-864x1536.png 864w, https:\/\/luciepo.com\/wp-content\/uploads\/2023\/02\/spring-quotes-inspirational-4-600x1067.png 600w, https:\/\/luciepo.com\/wp-content\/uploads\/2023\/02\/spring-quotes-inspirational-4.png 1080w\" sizes=\"(max-width: 576px) 100vw, 576px\" \/><\/a><\/figure><\/div>\n<h3 id='6-8220-je-to-jarn\u00ed-hore\u010dka-tak-se-to-jmenuje-a-kdy\u017e-ji-m\u00e1\u0161-chce\u0161-ach-nev\u00ed\u0161-p\u0159esn\u011b-co-chce\u0161-ale-docela-t\u011b-z-toho-bol\u00ed-srdce-tak-moc-to-chce\u0161-8221-mark-twain'  id=\"boomdevs_8\" class=\"wp-block-heading\" >6. &#8220;Je to jarn\u00ed hore\u010dka. Tak se to jmenuje. A kdy\u017e ji m\u00e1\u0161, chce\u0161 &#8211; ach, nev\u00ed\u0161 p\u0159esn\u011b, co chce\u0161, ale docela t\u011b z toho bol\u00ed srdce, tak moc to chce\u0161!&#8221; -Mark Twain<\/h3>\n\n<p>Tento vesel\u00fd a optimistick\u00fd cit\u00e1t Marka Twaina vystihuje p\u0159\u00edslib, \u017ee jaro v\u00e1s obnov\u00ed. S prodlu\u017euj\u00edc\u00edmi se a jasn\u011bj\u0161\u00edmi dny si dovolte zbavit se starost\u00ed a u\u017e\u00edvat si radosti, kterou jaro p\u0159in\u00e1\u0161\u00ed. Osv\u011b\u017ete se a na\u010derpejte energii d\u00edky kr\u00e1sn\u00fdm pohled\u016fm, zvuk\u016fm a v\u016fn\u00edm!<\/p>\n<div class=\"wp-block-image\">\n<figure class=\"aligncenter size-large\"><a href=\"https:\/\/www.pinterest.com\/lucieposp\/\" target=\"_blank\" rel=\"noopener\"><img decoding=\"async\" loading=\"lazy\" width=\"576\" height=\"1024\" src=\"https:\/\/luciepo.com\/wp-content\/uploads\/2023\/02\/spring-quotes-inspirational-12-576x1024.png\" alt=\"cit&#xE1;ty o jarn&#xED;m &#xFA;klidu\" class=\"wp-image-2252\" srcset=\"https:\/\/luciepo.com\/wp-content\/uploads\/2023\/02\/spring-quotes-inspirational-12-576x1024.png 576w, https:\/\/luciepo.com\/wp-content\/uploads\/2023\/02\/spring-quotes-inspirational-12-169x300.png 169w, https:\/\/luciepo.com\/wp-content\/uploads\/2023\/02\/spring-quotes-inspirational-12-768x1365.png 768w, https:\/\/luciepo.com\/wp-content\/uploads\/2023\/02\/spring-quotes-inspirational-12-864x1536.png 864w, https:\/\/luciepo.com\/wp-content\/uploads\/2023\/02\/spring-quotes-inspirational-12-600x1067.png 600w, https:\/\/luciepo.com\/wp-content\/uploads\/2023\/02\/spring-quotes-inspirational-12.png 1080w\" sizes=\"(max-width: 576px) 100vw, 576px\" \/><\/a><\/figure><\/div>\n<figure class=\"wp-block-image size-large\"><a href=\"https:\/\/lucie_sleepcoach.ck.page\/2bf949ef13\" target=\"_blank\" rel=\"noopener\"><img decoding=\"async\" loading=\"lazy\" width=\"1024\" height=\"1024\" src=\"https:\/\/luciepo.com\/wp-content\/uploads\/2023\/01\/personal-growth-journal-prompts-pdf-1024x1024.png\" alt=\"r&#x16F;st motivace\" class=\"wp-image-1946\" srcset=\"https:\/\/luciepo.com\/wp-content\/uploads\/2023\/01\/personal-growth-journal-prompts-pdf-1024x1024.png 1024w, https:\/\/luciepo.com\/wp-content\/uploads\/2023\/01\/personal-growth-journal-prompts-pdf-300x300.png 300w, https:\/\/luciepo.com\/wp-content\/uploads\/2023\/01\/personal-growth-journal-prompts-pdf-150x150.png 150w, https:\/\/luciepo.com\/wp-content\/uploads\/2023\/01\/personal-growth-journal-prompts-pdf-768x768.png 768w, https:\/\/luciepo.com\/wp-content\/uploads\/2023\/01\/personal-growth-journal-prompts-pdf-600x600.png 600w, https:\/\/luciepo.com\/wp-content\/uploads\/2023\/01\/personal-growth-journal-prompts-pdf-100x100.png 100w, https:\/\/luciepo.com\/wp-content\/uploads\/2023\/01\/personal-growth-journal-prompts-pdf.png 1080w\" sizes=\"(max-width: 1024px) 100vw, 1024px\" \/><\/a><\/figure>\n\n<h3 id='7-8220-kdybychom-nem\u011bli-zimu-jaro-by-nebylo-tak-p\u0159\u00edjemn\u00e9-kdybychom-ob\u010das-neokusili-nep\u0159\u00edze\u0148-osudu-blahobyt-by-nebyl-tak-v\u00edtan\u00fd-8221-anne-bradstreetov\u00e1'  id=\"boomdevs_9\" class=\"wp-block-heading\" >7. &#8220;Kdybychom nem\u011bli zimu, jaro by nebylo tak p\u0159\u00edjemn\u00e9; kdybychom ob\u010das neokusili nep\u0159\u00edze\u0148 osudu, blahobyt by nebyl tak v\u00edtan\u00fd.&#8221; -Anne Bradstreetov\u00e1<\/h3>\n\n<p>Cit\u00e1t slavn\u00e9 purit\u00e1nsk\u00e9 b\u00e1sn\u00ed\u0159ky Anne Bradstreetov\u00e9 n\u00e1m p\u0159ipom\u00edn\u00e1 kr\u00e1su rovnov\u00e1hy a d\u016fle\u017eitost kontrast\u016f. Br\u00e1t dobr\u00e9 i zl\u00e9 n\u00e1m umo\u017e\u0148uje ocenit v\u00fdkyvy \u017eivota. Na opl\u00e1tku m\u016f\u017eeme nejen vychutn\u00e1vat klid, ale tak\u00e9 p\u0159ijmout nejistotu.<\/p>\n<div class=\"wp-block-image\">\n<figure class=\"aligncenter size-large\"><a href=\"https:\/\/www.pinterest.com\/lucieposp\/\" target=\"_blank\" rel=\"noopener\"><img decoding=\"async\" loading=\"lazy\" width=\"576\" height=\"1024\" src=\"https:\/\/luciepo.com\/wp-content\/uploads\/2023\/02\/spring-quotes-inspirational-3-576x1024.png\" alt=\"Cit&#xE1;ty o jaru a nov&#xFD;ch za&#x10D;&#xE1;tc&#xED;ch\" class=\"wp-image-2243\" srcset=\"https:\/\/luciepo.com\/wp-content\/uploads\/2023\/02\/spring-quotes-inspirational-3-576x1024.png 576w, https:\/\/luciepo.com\/wp-content\/uploads\/2023\/02\/spring-quotes-inspirational-3-169x300.png 169w, https:\/\/luciepo.com\/wp-content\/uploads\/2023\/02\/spring-quotes-inspirational-3-768x1365.png 768w, https:\/\/luciepo.com\/wp-content\/uploads\/2023\/02\/spring-quotes-inspirational-3-864x1536.png 864w, https:\/\/luciepo.com\/wp-content\/uploads\/2023\/02\/spring-quotes-inspirational-3-600x1067.png 600w, https:\/\/luciepo.com\/wp-content\/uploads\/2023\/02\/spring-quotes-inspirational-3.png 1080w\" sizes=\"(max-width: 576px) 100vw, 576px\" \/><\/a><\/figure><\/div>\n<h3 id='8-8220-te\u010f-je-\u010das-vst\u00e1t-z-postele-a-s-chut\u00ed-si-zatan\u010dit-na-tr\u00e1v\u011b-kv\u016fli-dne\u0161n\u00edmu-dni-a-v\u0161emu-co-n\u00e1m-\u017eivot-nad\u011blil-tohle-je-na\u0161e-chv\u00edle-carpe-diem-8221-steve-maraboli'  id=\"boomdevs_10\" class=\"wp-block-heading\" >8. &#8220;Te\u010f je \u010das vst\u00e1t z postele a s chut\u00ed si zatan\u010dit na tr\u00e1v\u011b kv\u016fli dne\u0161n\u00edmu dni a v\u0161emu, co n\u00e1m \u017eivot nad\u011blil! Tohle je na\u0161e chv\u00edle! Carpe diem!&#8221; &#8211; Steve Maraboli<\/h3>\n\n<p>Tento cit\u00e1t autora, \u0159e\u010dn\u00edka a behavior\u00e1ln\u00edho v\u011bdce Steva Maraboliho n\u00e1s inspiruje k tomu, abychom vyu\u017eili ka\u017ed\u00fd okam\u017eik a p\u0159ijali dary \u017eivota. Jaro je \u010dasem obnovy a nad\u011bje, a proto se inspirujte t\u00edmto cit\u00e1tem a usilujte o dosa\u017een\u00ed sv\u00fdch c\u00edl\u016f, vychutn\u00e1vejte si radost a vd\u011b\u010dnost.<\/p>\n<div class=\"wp-block-image\">\n<figure class=\"aligncenter size-large\"><a href=\"https:\/\/www.pinterest.com\/lucieposp\/\" target=\"_blank\" rel=\"noopener\"><img decoding=\"async\" loading=\"lazy\" width=\"576\" height=\"1024\" src=\"https:\/\/luciepo.com\/wp-content\/uploads\/2023\/02\/spring-quotes-inspirational-13-576x1024.png\" alt=\"cit&#xE1;ty o jarn&#xED;m &#xFA;klidu\" class=\"wp-image-2253\" srcset=\"https:\/\/luciepo.com\/wp-content\/uploads\/2023\/02\/spring-quotes-inspirational-13-576x1024.png 576w, https:\/\/luciepo.com\/wp-content\/uploads\/2023\/02\/spring-quotes-inspirational-13-169x300.png 169w, https:\/\/luciepo.com\/wp-content\/uploads\/2023\/02\/spring-quotes-inspirational-13-768x1365.png 768w, https:\/\/luciepo.com\/wp-content\/uploads\/2023\/02\/spring-quotes-inspirational-13-864x1536.png 864w, https:\/\/luciepo.com\/wp-content\/uploads\/2023\/02\/spring-quotes-inspirational-13-600x1067.png 600w, https:\/\/luciepo.com\/wp-content\/uploads\/2023\/02\/spring-quotes-inspirational-13.png 1080w\" sizes=\"(max-width: 576px) 100vw, 576px\" \/><\/a><\/figure><\/div>\n<h3 id='9-8220-den-kdy-hospodin-stvo\u0159il-nad\u011bji-byl-pravd\u011bpodobn\u011b-stejn\u00fd-jako-den-kdy-stvo\u0159il-jaro-8221-bernard-williams'  id=\"boomdevs_11\" class=\"wp-block-heading\" >9. &#8220;Den, kdy Hospodin stvo\u0159il nad\u011bji, byl pravd\u011bpodobn\u011b stejn\u00fd jako den, kdy stvo\u0159il jaro.&#8221; -Bernard Williams<\/h3>\n\n<p>Tento cit\u00e1t oslavuje kr\u00e1su, kter\u00e1 p\u0159ich\u00e1z\u00ed s jarem, a povzbuzuje n\u00e1s, abychom m\u011bli nad\u011bji i v nejist\u00fdch \u010dasech. Obdob\u00ed probuzen\u00ed n\u00e1m p\u0159ipom\u00edn\u00e1, \u017ee m\u00e1me b\u00fdt pln\u00ed nad\u011bje, zejm\u00e9na kdy\u017e \u010del\u00edme \u017eivotn\u00edm t\u011b\u017ekostem, a proto tento cit\u00e1t rezonuje. Na ja\u0159e si ud\u011blejte \u010das na zastaven\u00ed a zamy\u0161len\u00ed nad nad\u011bj\u00ed, kter\u00e1 je kl\u00ed\u010dovou sou\u010d\u00e1st\u00ed skute\u010dn\u00e9 spokojenosti a radosti.<\/p>\n<div class=\"wp-block-image\">\n<figure class=\"aligncenter size-large\"><a href=\"https:\/\/www.pinterest.com\/lucieposp\/\" target=\"_blank\" rel=\"noopener\"><img decoding=\"async\" loading=\"lazy\" width=\"576\" height=\"1024\" src=\"https:\/\/luciepo.com\/wp-content\/uploads\/2023\/02\/spring-quotes-inspirational-14-576x1024.png\" alt=\"Jaro se bl&#xED;&#x17E;&#xED; cit&#xE1;ty\" class=\"wp-image-2254\" srcset=\"https:\/\/luciepo.com\/wp-content\/uploads\/2023\/02\/spring-quotes-inspirational-14-576x1024.png 576w, https:\/\/luciepo.com\/wp-content\/uploads\/2023\/02\/spring-quotes-inspirational-14-169x300.png 169w, https:\/\/luciepo.com\/wp-content\/uploads\/2023\/02\/spring-quotes-inspirational-14-768x1365.png 768w, https:\/\/luciepo.com\/wp-content\/uploads\/2023\/02\/spring-quotes-inspirational-14-864x1536.png 864w, https:\/\/luciepo.com\/wp-content\/uploads\/2023\/02\/spring-quotes-inspirational-14-600x1067.png 600w, https:\/\/luciepo.com\/wp-content\/uploads\/2023\/02\/spring-quotes-inspirational-14.png 1080w\" sizes=\"(max-width: 576px) 100vw, 576px\" \/><\/a><\/figure><\/div>\n<h3 id='10-8220-jedin\u00fdm-omezen\u00edm-na\u0161\u00ed-realizace-z\u00edt\u0159ka-budou-na\u0161e-pochybnosti-o-dne\u0161ku-8221-franklin-d-roosevelt'  id=\"boomdevs_12\" class=\"wp-block-heading\" >10. &#8220;Jedin\u00fdm omezen\u00edm na\u0161\u00ed realizace z\u00edt\u0159ka budou na\u0161e pochybnosti o dne\u0161ku.&#8221; &#8211; Franklin D. Roosevelt<\/h3>\n\n<p>Tento inspirativn\u00ed cit\u00e1t Franklina D. Roosevelta n\u00e1m p\u0159ipom\u00edn\u00e1 na\u0161e optimistick\u00e9 mo\u017enosti do budoucna a to, jak n\u00e1m pochybnosti mohou br\u00e1nit v jejich realizaci. Je to n\u00e1dhern\u00e1 p\u0159ipom\u00ednka, abychom se s v\u00edrou, nad\u011bj\u00ed a odhodl\u00e1n\u00edm chopili nov\u00fdch n\u00e1pad\u016f a p\u0159\u00edle\u017eitost\u00ed a vstoupili do nov\u00e9ho, sv\u011btlej\u0161\u00edho obdob\u00ed!<\/p>\n<div class=\"wp-block-image\">\n<figure class=\"aligncenter size-large\"><a href=\"https:\/\/www.pinterest.com\/lucieposp\/\" target=\"_blank\" rel=\"noopener\"><img decoding=\"async\" loading=\"lazy\" width=\"576\" height=\"1024\" src=\"https:\/\/luciepo.com\/wp-content\/uploads\/2023\/02\/spring-quotes-inspirational-11-576x1024.png\" alt=\"jarn&#xED; cit&#xE1;ty kv&#x11B;tiny\" class=\"wp-image-2251\" srcset=\"https:\/\/luciepo.com\/wp-content\/uploads\/2023\/02\/spring-quotes-inspirational-11-576x1024.png 576w, https:\/\/luciepo.com\/wp-content\/uploads\/2023\/02\/spring-quotes-inspirational-11-169x300.png 169w, https:\/\/luciepo.com\/wp-content\/uploads\/2023\/02\/spring-quotes-inspirational-11-768x1365.png 768w, https:\/\/luciepo.com\/wp-content\/uploads\/2023\/02\/spring-quotes-inspirational-11-864x1536.png 864w, https:\/\/luciepo.com\/wp-content\/uploads\/2023\/02\/spring-quotes-inspirational-11-600x1067.png 600w, https:\/\/luciepo.com\/wp-content\/uploads\/2023\/02\/spring-quotes-inspirational-11.png 1080w\" sizes=\"(max-width: 576px) 100vw, 576px\" \/><\/a><\/figure><\/div>\n<h3 id='11-8220-zasadit-zahradu-znamen\u00e1-v\u011b\u0159it-v-z\u00edt\u0159ek-8221-audrey-hepburn'  id=\"boomdevs_13\" class=\"wp-block-heading\" >11. &#8220;Zasadit zahradu znamen\u00e1 v\u011b\u0159it v z\u00edt\u0159ek.&#8221; &#8211; Audrey Hepburn<\/h3>\n\n<p>Cit\u00e1t Audrey Hepburnov\u00e9 p\u0159ipom\u00edn\u00e1, \u017ee a\u010dkoli zima m\u016f\u017ee b\u00fdt \u010dasto dlouh\u00e1 a \u0161ediv\u00e1, jaro s sebou v\u017edy p\u0159in\u00e1\u0161\u00ed mo\u017enost za\u010d\u00edt znovu. Zalo\u017een\u00ed zahrady je projevem v\u00edry, \u017ee i v t\u011bch nejhor\u0161\u00edch \u010dasech brzy vyroste n\u011bco kr\u00e1sn\u00e9ho. Je to p\u0159ipom\u00ednka toho, abychom se nevzd\u00e1vali nad\u011bje a pokra\u010dovali vp\u0159ed, a\u0165 se d\u011bje, co se d\u011bje!<\/p>\n<div class=\"wp-block-image\">\n<figure class=\"aligncenter size-large\"><a href=\"https:\/\/www.pinterest.com\/lucieposp\/\" target=\"_blank\" rel=\"noopener\"><img decoding=\"async\" loading=\"lazy\" width=\"576\" height=\"1024\" src=\"https:\/\/luciepo.com\/wp-content\/uploads\/2023\/02\/spring-quotes-inspirational-22-576x1024.png\" alt=\"jarn&#xED; vibrace cit&#xE1;ty\" class=\"wp-image-2262\" srcset=\"https:\/\/luciepo.com\/wp-content\/uploads\/2023\/02\/spring-quotes-inspirational-22-576x1024.png 576w, https:\/\/luciepo.com\/wp-content\/uploads\/2023\/02\/spring-quotes-inspirational-22-169x300.png 169w, https:\/\/luciepo.com\/wp-content\/uploads\/2023\/02\/spring-quotes-inspirational-22-768x1365.png 768w, https:\/\/luciepo.com\/wp-content\/uploads\/2023\/02\/spring-quotes-inspirational-22-864x1536.png 864w, https:\/\/luciepo.com\/wp-content\/uploads\/2023\/02\/spring-quotes-inspirational-22-600x1067.png 600w, https:\/\/luciepo.com\/wp-content\/uploads\/2023\/02\/spring-quotes-inspirational-22.png 1080w\" sizes=\"(max-width: 576px) 100vw, 576px\" \/><\/a><\/figure><\/div>\n<h3 id='12-8220-\u017eivot-za\u010d\u00edn\u00e1-znovu-kdy\u017e-roztaje-sn\u00edh-a-tr\u00e1va-se-zazelen\u00e1-8221-nezn\u00e1m\u00fd'  id=\"boomdevs_14\" class=\"wp-block-heading\" >12. &#8220;\u017divot za\u010d\u00edn\u00e1 znovu, kdy\u017e roztaje sn\u00edh a tr\u00e1va se zazelen\u00e1.&#8221; &#8211; Nezn\u00e1m\u00fd<\/h3>\n\n<p>Jaro symbolizuje nad\u011bji, potenci\u00e1l a \u0161anci za\u010d\u00edt znovu. Po m\u011bs\u00edc\u00edch, kdy jsme se pot\u00fdkali s n\u00edzk\u00fdmi teplotami a nep\u0159\u00edzn\u00ed po\u010das\u00ed, n\u00e1m jaro nab\u00edz\u00ed nejen teplej\u0161\u00ed po\u010das\u00ed, ale tak\u00e9 n\u00e1s p\u0159ibli\u017euje k p\u0159\u00edrod\u011b. S prodlu\u017euj\u00edc\u00edmi se a jasn\u011bj\u0161\u00edmi dny je to ide\u00e1ln\u00ed p\u0159\u00edle\u017eitost k bilancov\u00e1n\u00ed sv\u00e9ho \u017eivota a p\u0159ehodnocen\u00ed sv\u00fdch c\u00edl\u016f. Je to \u010das obnovy a omlazen\u00ed, kdy hled\u00e1te inspiraci v tomto ro\u010dn\u00edm obdob\u00ed.<\/p>\n<div class=\"wp-block-image\">\n<figure class=\"aligncenter size-large\"><a href=\"https:\/\/www.pinterest.com\/lucieposp\/\" target=\"_blank\" rel=\"noopener\"><img decoding=\"async\" loading=\"lazy\" width=\"576\" height=\"1024\" src=\"https:\/\/luciepo.com\/wp-content\/uploads\/2023\/02\/spring-quotes-inspirational-17-576x1024.png\" alt=\"citace jarn&#xED; obnovy\" class=\"wp-image-2257\" srcset=\"https:\/\/luciepo.com\/wp-content\/uploads\/2023\/02\/spring-quotes-inspirational-17-576x1024.png 576w, https:\/\/luciepo.com\/wp-content\/uploads\/2023\/02\/spring-quotes-inspirational-17-169x300.png 169w, https:\/\/luciepo.com\/wp-content\/uploads\/2023\/02\/spring-quotes-inspirational-17-768x1365.png 768w, https:\/\/luciepo.com\/wp-content\/uploads\/2023\/02\/spring-quotes-inspirational-17-864x1536.png 864w, https:\/\/luciepo.com\/wp-content\/uploads\/2023\/02\/spring-quotes-inspirational-17-600x1067.png 600w, https:\/\/luciepo.com\/wp-content\/uploads\/2023\/02\/spring-quotes-inspirational-17.png 1080w\" sizes=\"(max-width: 576px) 100vw, 576px\" \/><\/a><\/figure><\/div>\n<h3 id='13-8220-jaro-stimuluje-obnovu-a-znovuzrozen\u00ed-po-dlouh\u00e9m-zimn\u00edm-sp\u00e1nku-8221-terri-guillemets'  id=\"boomdevs_15\" class=\"wp-block-heading\" >13. &#8220;Jaro stimuluje obnovu a znovuzrozen\u00ed po dlouh\u00e9m zimn\u00edm sp\u00e1nku.&#8221; &#8211; Terri Guillemets<\/h3>\n\n<p>Jaro je obdob\u00edm nov\u00e9ho objevov\u00e1n\u00ed, kdy se m\u016f\u017eeme obr\u00e1tit na p\u0159\u00edrodu, aby n\u00e1m poradila, jak za\u010d\u00edt znovu. Kdy\u017e pozorujeme, jak se rostliny a zv\u00ed\u0159ata s tepl\u00fdm po\u010das\u00edm znovu rod\u00ed, nach\u00e1z\u00edme s\u00edlu \u0159e\u0161it sv\u00e9 v\u00fdzvy a vyu\u017e\u00edt sv\u016fj vlastn\u00ed potenci\u00e1l. Tento cit\u00e1t v\u00e1s vyb\u00edz\u00ed k tomu, abyste jaro vyu\u017eili jako obdob\u00ed osobn\u00edho r\u016fstu, kdy se m\u016f\u017eete odpoutat od star\u00fdch vzorc\u016f a rozkv\u00e9st v n\u011bco \u00fa\u017easn\u00e9ho.<\/p>\n<div class=\"wp-block-image\">\n<figure class=\"aligncenter size-large\"><a href=\"https:\/\/www.pinterest.com\/lucieposp\/\" target=\"_blank\" rel=\"noopener\"><img decoding=\"async\" loading=\"lazy\" width=\"576\" height=\"1024\" src=\"https:\/\/luciepo.com\/wp-content\/uploads\/2023\/02\/spring-quotes-inspirational-25-576x1024.png\" alt=\"jarn&#xED; motiva&#x10D;n&#xED; cit&#xE1;ty pro pr&#xE1;ci\" class=\"wp-image-2265\" srcset=\"https:\/\/luciepo.com\/wp-content\/uploads\/2023\/02\/spring-quotes-inspirational-25-576x1024.png 576w, https:\/\/luciepo.com\/wp-content\/uploads\/2023\/02\/spring-quotes-inspirational-25-169x300.png 169w, https:\/\/luciepo.com\/wp-content\/uploads\/2023\/02\/spring-quotes-inspirational-25-768x1365.png 768w, https:\/\/luciepo.com\/wp-content\/uploads\/2023\/02\/spring-quotes-inspirational-25-864x1536.png 864w, https:\/\/luciepo.com\/wp-content\/uploads\/2023\/02\/spring-quotes-inspirational-25-600x1067.png 600w, https:\/\/luciepo.com\/wp-content\/uploads\/2023\/02\/spring-quotes-inspirational-25.png 1080w\" sizes=\"(max-width: 576px) 100vw, 576px\" \/><\/a><\/figure><\/div>\n<h3 id='14-8220-sv\u011bt-je-bl\u00e1tiv\u00fd-a-b\u00e1je\u010dn\u00fd-8221-e-e-cummings'  id=\"boomdevs_16\" class=\"wp-block-heading\" >14. &#8220;Sv\u011bt je bl\u00e1tiv\u00fd a b\u00e1je\u010dn\u00fd.&#8221; &#8211; E. E. Cummings<\/h3>\n\n<p>Tento kr\u00e1sn\u00fd cit\u00e1t od kultovn\u00edho americk\u00e9ho b\u00e1sn\u00edka E. E. Cummingse dokonale vystihuje pocit obnovy, kter\u00fd je c\u00edtit ve vzduchu, kdy\u017e p\u0159ich\u00e1z\u00ed jaro. V\u0161echno je pln\u00e9 \u017eivota &#8211; stromy jsou pokryt\u00e9 rozkvetl\u00fdmi kv\u011bty a d\u00e9\u0161\u0165 o\u017eivuje \u017eiv\u00e9 v\u016fn\u011b, kter\u00e9 n\u00e1m celou zimu chyb\u011bly. Jaro je n\u00e1dhern\u00fd \u010das, kdy se m\u016f\u017eeme znovu spojit s p\u0159\u00edrodou, zamyslet se nad vlastn\u00edm \u017eivotem a u\u017e\u00edvat si \u017eivota!<\/p>\n<div class=\"wp-block-image\">\n<figure class=\"aligncenter size-large\"><a href=\"https:\/\/www.pinterest.com\/lucieposp\/\" target=\"_blank\" rel=\"noopener\"><img decoding=\"async\" loading=\"lazy\" width=\"576\" height=\"1024\" src=\"https:\/\/luciepo.com\/wp-content\/uploads\/2023\/02\/spring-quotes-inspirational-18-576x1024.png\" alt=\"jarn&#xED; cit&#xE1;ty poezie\" class=\"wp-image-2258\" srcset=\"https:\/\/luciepo.com\/wp-content\/uploads\/2023\/02\/spring-quotes-inspirational-18-576x1024.png 576w, https:\/\/luciepo.com\/wp-content\/uploads\/2023\/02\/spring-quotes-inspirational-18-169x300.png 169w, https:\/\/luciepo.com\/wp-content\/uploads\/2023\/02\/spring-quotes-inspirational-18-768x1365.png 768w, https:\/\/luciepo.com\/wp-content\/uploads\/2023\/02\/spring-quotes-inspirational-18-864x1536.png 864w, https:\/\/luciepo.com\/wp-content\/uploads\/2023\/02\/spring-quotes-inspirational-18-600x1067.png 600w, https:\/\/luciepo.com\/wp-content\/uploads\/2023\/02\/spring-quotes-inspirational-18.png 1080w\" sizes=\"(max-width: 576px) 100vw, 576px\" \/><\/a><\/figure><\/div>\n<h3 id='15-8220-a\u0165-je-zima-jakkoli-dlouh\u00e1-jaro-ur\u010dit\u011b-p\u0159ijde-8221-p\u0159\u00edslov\u00ed'  id=\"boomdevs_17\" class=\"wp-block-heading\" >15. &#8220;A\u0165 je zima jakkoli dlouh\u00e1, jaro ur\u010dit\u011b p\u0159ijde.&#8221; &#8211; P\u0159\u00edslov\u00ed<\/h3>\n\n<p>V\u0161ichni jsme za\u017eili t\u011b\u017ek\u00e9 \u010dasy, zimn\u00ed blues a chv\u00edle, kdy se n\u00e1m zd\u00e1lo, \u017ee je toho na n\u00e1s moc. Tento cit\u00e1t je v\u0161ak skv\u011blou p\u0159ipom\u00ednkou toho, \u017ee t\u011b\u017ek\u00e9 \u010dasy m\u016f\u017eeme zvl\u00e1dnout, a\u0165 u\u017e trvaj\u00ed jakkoli dlouho. Jaro n\u00e1s v\u017edy jist\u011b bude n\u00e1sledovat a p\u0159inese n\u00e1m novou s\u00edlu, nad\u011bji a \u0161t\u011bst\u00ed.<\/p>\n<div class=\"wp-block-image\">\n<figure class=\"aligncenter size-large\"><a href=\"https:\/\/www.pinterest.com\/lucieposp\/\" target=\"_blank\" rel=\"noopener\"><img decoding=\"async\" loading=\"lazy\" width=\"576\" height=\"1024\" src=\"https:\/\/luciepo.com\/wp-content\/uploads\/2023\/02\/spring-quotes-inspirational-19-576x1024.png\" alt=\"slavn&#xE9; jarn&#xED; cit&#xE1;ty\" class=\"wp-image-2259\" srcset=\"https:\/\/luciepo.com\/wp-content\/uploads\/2023\/02\/spring-quotes-inspirational-19-576x1024.png 576w, https:\/\/luciepo.com\/wp-content\/uploads\/2023\/02\/spring-quotes-inspirational-19-169x300.png 169w, https:\/\/luciepo.com\/wp-content\/uploads\/2023\/02\/spring-quotes-inspirational-19-768x1365.png 768w, https:\/\/luciepo.com\/wp-content\/uploads\/2023\/02\/spring-quotes-inspirational-19-864x1536.png 864w, https:\/\/luciepo.com\/wp-content\/uploads\/2023\/02\/spring-quotes-inspirational-19-600x1067.png 600w, https:\/\/luciepo.com\/wp-content\/uploads\/2023\/02\/spring-quotes-inspirational-19.png 1080w\" sizes=\"(max-width: 576px) 100vw, 576px\" \/><\/a><\/figure><\/div>\n<figure class=\"wp-block-image size-large\"><a href=\"https:\/\/lucie_sleepcoach.ck.page\/2bf949ef13\" target=\"_blank\" rel=\"noopener\"><img decoding=\"async\" loading=\"lazy\" width=\"1024\" height=\"1024\" src=\"https:\/\/luciepo.com\/wp-content\/uploads\/2023\/01\/personal-growth-journal-prompts-pdf-1024x1024.png\" alt=\"r&#x16F;st motivace\" class=\"wp-image-1946\" srcset=\"https:\/\/luciepo.com\/wp-content\/uploads\/2023\/01\/personal-growth-journal-prompts-pdf-1024x1024.png 1024w, https:\/\/luciepo.com\/wp-content\/uploads\/2023\/01\/personal-growth-journal-prompts-pdf-300x300.png 300w, https:\/\/luciepo.com\/wp-content\/uploads\/2023\/01\/personal-growth-journal-prompts-pdf-150x150.png 150w, https:\/\/luciepo.com\/wp-content\/uploads\/2023\/01\/personal-growth-journal-prompts-pdf-768x768.png 768w, https:\/\/luciepo.com\/wp-content\/uploads\/2023\/01\/personal-growth-journal-prompts-pdf-600x600.png 600w, https:\/\/luciepo.com\/wp-content\/uploads\/2023\/01\/personal-growth-journal-prompts-pdf-100x100.png 100w, https:\/\/luciepo.com\/wp-content\/uploads\/2023\/01\/personal-growth-journal-prompts-pdf.png 1080w\" sizes=\"(max-width: 1024px) 100vw, 1024px\" \/><\/a><\/figure>\n\n<h3 id='16-8220-na-ja\u0159e-na-konci-dne-bys-m\u011bl-smrd\u011bt-jako-hl\u00edna-8221-margaret-atwoodov\u00e1'  id=\"boomdevs_18\" class=\"wp-block-heading\" >16. &#8220;Na ja\u0159e, na konci dne, bys m\u011bl smrd\u011bt jako hl\u00edna.&#8221; &#8211; Margaret Atwoodov\u00e1<\/h3>\n\n<p>Slova spisovatelky Margaret Atwoodov\u00e9 n\u00e1m p\u0159ipom\u00ednaj\u00ed, \u017ee po v\u0161\u00ed t\u00e9 d\u0159in\u011b bychom m\u011bli b\u00fdt schopni vn\u00edmat a oce\u0148ovat kr\u00e1su, kterou n\u00e1m p\u0159\u00edroda p\u0159in\u00e1\u0161\u00ed. Jaro nab\u00edz\u00ed n\u00e1dhernou \u0161k\u00e1lu barev, v\u016fn\u00ed a zvuk\u016f, kter\u00e9 n\u00e1s mohou p\u0159en\u00e9st do sv\u011bta radosti a nad\u011bje. A\u0165 v\u00e1s tento cit\u00e1t na k\u0159\u00eddlech vynese do teplej\u0161\u00edho po\u010das\u00ed!<\/p>\n<div class=\"wp-block-image\">\n<figure class=\"aligncenter size-large\"><a href=\"https:\/\/www.pinterest.com\/lucieposp\/\" target=\"_blank\" rel=\"noopener\"><img decoding=\"async\" loading=\"lazy\" width=\"576\" height=\"1024\" src=\"https:\/\/luciepo.com\/wp-content\/uploads\/2023\/02\/spring-quotes-inspirational-21-576x1024.png\" alt=\"slavn&#xE9; jarn&#xED; cit&#xE1;ty\" class=\"wp-image-2261\" srcset=\"https:\/\/luciepo.com\/wp-content\/uploads\/2023\/02\/spring-quotes-inspirational-21-576x1024.png 576w, https:\/\/luciepo.com\/wp-content\/uploads\/2023\/02\/spring-quotes-inspirational-21-169x300.png 169w, https:\/\/luciepo.com\/wp-content\/uploads\/2023\/02\/spring-quotes-inspirational-21-768x1365.png 768w, https:\/\/luciepo.com\/wp-content\/uploads\/2023\/02\/spring-quotes-inspirational-21-864x1536.png 864w, https:\/\/luciepo.com\/wp-content\/uploads\/2023\/02\/spring-quotes-inspirational-21-600x1067.png 600w, https:\/\/luciepo.com\/wp-content\/uploads\/2023\/02\/spring-quotes-inspirational-21.png 1080w\" sizes=\"(max-width: 576px) 100vw, 576px\" \/><\/a><\/figure><\/div>\n<h3 id='17-8220-optimismus-je-v\u00edra-kter\u00e1-vede-k-\u00fasp\u011bchu-bez-nad\u011bje-a-d\u016fv\u011bry-nelze-nic-dok\u00e1zat-8221-helen-kellerov\u00e1'  id=\"boomdevs_19\" class=\"wp-block-heading\" >17. &#8220;Optimismus je v\u00edra, kter\u00e1 vede k \u00fasp\u011bchu. Bez nad\u011bje a d\u016fv\u011bry nelze nic dok\u00e1zat.&#8221; &#8211; Helen Kellerov\u00e1<\/h3>\n\n<p>Slova Helen Kellerov\u00e9 se mohou zd\u00e1t t\u011b\u017eko pochopiteln\u00e1, ale kdy\u017e si uv\u011bdom\u00edte jej\u00ed t\u011b\u017ekosti a \u00fasp\u011bchy, bude v\u00e1m jejich poselstv\u00ed jasn\u00e9. I tv\u00e1\u0159\u00ed v tv\u00e1\u0159 nep\u0159\u00edzni osudu je mo\u017en\u00e9 m\u00edt nad\u011bji a zachovat si optimistick\u00fd pohled na v\u011bc. Kdy\u017e si tv\u00e1\u0159\u00ed v tv\u00e1\u0159 v\u00fdzv\u00e1m zachov\u00e1me pozitivn\u00ed p\u0159\u00edstup, je mo\u017en\u00e9 v\u0161echno!<\/p>\n<div class=\"wp-block-image\">\n<figure class=\"aligncenter size-large\"><a href=\"https:\/\/www.pinterest.com\/lucieposp\/\" target=\"_blank\" rel=\"noopener\"><img decoding=\"async\" loading=\"lazy\" width=\"576\" height=\"1024\" src=\"https:\/\/luciepo.com\/wp-content\/uploads\/2023\/02\/spring-quotes-inspirational-15-576x1024.png\" alt=\"p&#x159;ich&#xE1;z&#xED; jaro bez tebe\" class=\"wp-image-2255\" srcset=\"https:\/\/luciepo.com\/wp-content\/uploads\/2023\/02\/spring-quotes-inspirational-15-576x1024.png 576w, https:\/\/luciepo.com\/wp-content\/uploads\/2023\/02\/spring-quotes-inspirational-15-169x300.png 169w, https:\/\/luciepo.com\/wp-content\/uploads\/2023\/02\/spring-quotes-inspirational-15-768x1365.png 768w, https:\/\/luciepo.com\/wp-content\/uploads\/2023\/02\/spring-quotes-inspirational-15-864x1536.png 864w, https:\/\/luciepo.com\/wp-content\/uploads\/2023\/02\/spring-quotes-inspirational-15-600x1067.png 600w, https:\/\/luciepo.com\/wp-content\/uploads\/2023\/02\/spring-quotes-inspirational-15.png 1080w\" sizes=\"(max-width: 576px) 100vw, 576px\" \/><\/a><\/figure><\/div>\n<h3 id='18-8220-neexistuj\u00ed-\u017e\u00e1dn\u00e1-omezen\u00ed-toho-\u010deho-m\u016f\u017eete-dos\u00e1hnout-krom\u011b-omezen\u00ed-kter\u00e1-si-kladete-ve-sv\u00e9m-vlastn\u00edm-my\u0161len\u00ed-8221-brian-tracy'  id=\"boomdevs_20\" class=\"wp-block-heading\" >18. &#8220;Neexistuj\u00ed \u017e\u00e1dn\u00e1 omezen\u00ed toho, \u010deho m\u016f\u017eete dos\u00e1hnout, krom\u011b omezen\u00ed, kter\u00e1 si kladete ve sv\u00e9m vlastn\u00edm my\u0161len\u00ed.&#8221; &#8211; Brian Tracy<\/h3>\n\n<p>Slova Briana Tracyho mluv\u00ed pravdu &#8211; na\u0161e my\u0161lenky \u010dasto omezuj\u00ed potenci\u00e1l, kter\u00fd m\u00e1me, abychom projevili \u00fasp\u011bch a radost. Pokud chcete za\u017e\u00edt v\u00edce kr\u00e1sy \u017eivota, mus\u00edte se rozhodnout myslet pozitivn\u011b a v\u011b\u0159it ve sv\u00e9 schopnosti. Jaro je ide\u00e1ln\u00edm obdob\u00edm pro p\u011bstov\u00e1n\u00ed optimistick\u00e9ho postoje, kdy se na sv\u016fj \u017eivot pod\u00edv\u00e1te nov\u00fdm pohledem a za\u010dnete znovu. S pozitivn\u00edm my\u0161len\u00edm, odhodl\u00e1n\u00edm a tvrdou prac\u00ed se ned\u00e1 ni\u010deho dos\u00e1hnout!<\/p>\n<div class=\"wp-block-image\">\n<figure class=\"aligncenter size-large\"><a href=\"https:\/\/www.pinterest.com\/lucieposp\/\" target=\"_blank\" rel=\"noopener\"><img decoding=\"async\" loading=\"lazy\" width=\"576\" height=\"1024\" src=\"https:\/\/luciepo.com\/wp-content\/uploads\/2023\/02\/spring-quotes-inspirational-16-576x1024.png\" alt=\"jarn&#xED; cit&#xE1;ty pro instagram\" class=\"wp-image-2256\" srcset=\"https:\/\/luciepo.com\/wp-content\/uploads\/2023\/02\/spring-quotes-inspirational-16-576x1024.png 576w, https:\/\/luciepo.com\/wp-content\/uploads\/2023\/02\/spring-quotes-inspirational-16-169x300.png 169w, https:\/\/luciepo.com\/wp-content\/uploads\/2023\/02\/spring-quotes-inspirational-16-768x1365.png 768w, https:\/\/luciepo.com\/wp-content\/uploads\/2023\/02\/spring-quotes-inspirational-16-864x1536.png 864w, https:\/\/luciepo.com\/wp-content\/uploads\/2023\/02\/spring-quotes-inspirational-16-600x1067.png 600w, https:\/\/luciepo.com\/wp-content\/uploads\/2023\/02\/spring-quotes-inspirational-16.png 1080w\" sizes=\"(max-width: 576px) 100vw, 576px\" \/><\/a><\/figure><\/div>\n<h3 id='19-8220-vyj\u00edt-se-zapadaj\u00edc\u00edm-sluncem-na-pr\u00e1zdnou-pl\u00e1\u017e-znamen\u00e1-skute\u010dn\u011b-p\u0159ijmout-svou-samotu-8221-jeanne-moreau'  id=\"boomdevs_21\" class=\"wp-block-heading\" >19. &#8220;Vyj\u00edt se zapadaj\u00edc\u00edm sluncem na pr\u00e1zdnou pl\u00e1\u017e znamen\u00e1 skute\u010dn\u011b p\u0159ijmout svou samotu.&#8221; &#8211; Jeanne Moreau<\/h3>\n\n<p>Tento dojemn\u00fd cit\u00e1t poch\u00e1z\u00ed od francouzsk\u00e9 here\u010dky Jeanne Moreau a vypov\u00edd\u00e1 o s\u00edle samoty a osam\u011blosti. B\u00fdt venku se zapadaj\u00edc\u00edm sluncem znamen\u00e1 uv\u011bdomit si, \u017ee i kdy\u017e jste sami, sta\u010d\u00edte a \u017ee va\u0161e vlastn\u00ed s\u00edla v\u00e1s m\u016f\u017ee dostat p\u0159es cokoli. A\u0165 u\u017e pot\u0159ebujete chvilku \u00fat\u011bchy, nebo jen \u00fanik od ka\u017edodenn\u00edho shonu, vyu\u017eijte t\u00e9to p\u0159\u00edle\u017eitosti a vyjd\u011bte ven, abyste ocenili kr\u00e1su p\u0159\u00edrody kolem sebe.<\/p>\n<div class=\"wp-block-image\">\n<figure class=\"aligncenter size-large\"><a href=\"https:\/\/www.pinterest.com\/lucieposp\/\" target=\"_blank\" rel=\"noopener\"><img decoding=\"async\" loading=\"lazy\" width=\"576\" height=\"1024\" src=\"https:\/\/luciepo.com\/wp-content\/uploads\/2023\/02\/spring-quotes-inspirational-24-576x1024.png\" alt=\"jarn&#xED; cit&#xE1;ty b&#xE1;sn&#x11B;\" class=\"wp-image-2264\" srcset=\"https:\/\/luciepo.com\/wp-content\/uploads\/2023\/02\/spring-quotes-inspirational-24-576x1024.png 576w, https:\/\/luciepo.com\/wp-content\/uploads\/2023\/02\/spring-quotes-inspirational-24-169x300.png 169w, https:\/\/luciepo.com\/wp-content\/uploads\/2023\/02\/spring-quotes-inspirational-24-768x1365.png 768w, https:\/\/luciepo.com\/wp-content\/uploads\/2023\/02\/spring-quotes-inspirational-24-864x1536.png 864w, https:\/\/luciepo.com\/wp-content\/uploads\/2023\/02\/spring-quotes-inspirational-24-600x1067.png 600w, https:\/\/luciepo.com\/wp-content\/uploads\/2023\/02\/spring-quotes-inspirational-24.png 1080w\" sizes=\"(max-width: 576px) 100vw, 576px\" \/><\/a><\/figure><\/div>\n<h3 id='20-8220-m\u016f\u017eete-ost\u0159\u00edhat-v\u0161echny-kv\u011btiny-ale-jaro-nezastav\u00edte-8221-pablo-neruda'  id=\"boomdevs_22\" class=\"wp-block-heading\" >20. &#8220;M\u016f\u017eete ost\u0159\u00edhat v\u0161echny kv\u011btiny, ale jaro nezastav\u00edte.&#8221; &#8211; Pablo Neruda<\/h3>\n\n<p>Tento vesel\u00fd cit\u00e1t obl\u00edben\u00e9ho chilsk\u00e9ho b\u00e1sn\u00edka v\u00e1s jist\u011b povzbud\u00ed p\u0159i zm\u011bn\u011b ro\u010dn\u00edch obdob\u00ed. Jaro je \u010dasem nov\u00fdch za\u010d\u00e1tk\u016f a tento cit\u00e1t n\u00e1m p\u0159ipom\u00edn\u00e1, \u017ee a\u0165 d\u011bl\u00e1me, co d\u011bl\u00e1me, p\u0159\u00edroda si jde svou cestou a r\u016fst a obnova jsou v\u017edy mo\u017en\u00e9.<\/p>\n<div class=\"wp-block-image\">\n<figure class=\"aligncenter size-large\"><a href=\"https:\/\/www.pinterest.com\/lucieposp\/\" target=\"_blank\" rel=\"noopener\"><img decoding=\"async\" loading=\"lazy\" width=\"576\" height=\"1024\" src=\"https:\/\/luciepo.com\/wp-content\/uploads\/2023\/02\/spring-quotes-inspirational-26-576x1024.png\" alt=\"cit&#xE1;ty z jarn&#xED;ho dne\" class=\"wp-image-2266\" srcset=\"https:\/\/luciepo.com\/wp-content\/uploads\/2023\/02\/spring-quotes-inspirational-26-576x1024.png 576w, https:\/\/luciepo.com\/wp-content\/uploads\/2023\/02\/spring-quotes-inspirational-26-169x300.png 169w, https:\/\/luciepo.com\/wp-content\/uploads\/2023\/02\/spring-quotes-inspirational-26-768x1365.png 768w, https:\/\/luciepo.com\/wp-content\/uploads\/2023\/02\/spring-quotes-inspirational-26-864x1536.png 864w, https:\/\/luciepo.com\/wp-content\/uploads\/2023\/02\/spring-quotes-inspirational-26-600x1067.png 600w, https:\/\/luciepo.com\/wp-content\/uploads\/2023\/02\/spring-quotes-inspirational-26.png 1080w\" sizes=\"(max-width: 576px) 100vw, 576px\" \/><\/a><\/figure><\/div>\n<h3 id='21-8220-jaro-p\u0159in\u00e1\u0161\u00ed-nov\u00fd-\u017eivot-a-novou-kr\u00e1su-v\u0161emu-co-je-8221-jessica-harrelson'  id=\"boomdevs_23\" class=\"wp-block-heading\" >21. &#8220;Jaro p\u0159in\u00e1\u0161\u00ed nov\u00fd \u017eivot a novou kr\u00e1su v\u0161emu, co je.&#8221; &#8211; Jessica Harrelson<\/h3>\n\n<p>Jaro je obdob\u00edm obnovy, r\u016fstu a nad\u011bje. Je to doba, kdy se p\u0159\u00edroda po obdob\u00ed zimn\u00edho sp\u00e1nku znovu rod\u00ed a rozkv\u00e9t\u00e1 k \u017eivotu. Tento cit\u00e1t Jessicy Harrelsonov\u00e9 v\u00e1m p\u0159ipomene, \u017ee bez ohledu na to, s jak\u00fdmi probl\u00e9my jste se dosud pot\u00fdkali, jste v\u017edy schopni za\u010d\u00edt n\u011bco nov\u00e9ho. Energii tohoto obdob\u00ed m\u016f\u017eete vyu\u017e\u00edt k ocen\u011bn\u00ed kr\u00e1sy, nalezen\u00ed inspirace a uskute\u010dn\u011bn\u00ed sv\u00fdch sn\u016f.<\/p>\n<div class=\"wp-block-image\">\n<figure class=\"aligncenter size-large\"><a href=\"https:\/\/www.pinterest.com\/lucieposp\/\" target=\"_blank\" rel=\"noopener\"><img decoding=\"async\" loading=\"lazy\" width=\"576\" height=\"1024\" src=\"https:\/\/luciepo.com\/wp-content\/uploads\/2023\/02\/spring-quotes-inspirational-27-576x1024.png\" alt=\"od jara do l&#xE9;ta cit&#xE1;ty\" class=\"wp-image-2268\" srcset=\"https:\/\/luciepo.com\/wp-content\/uploads\/2023\/02\/spring-quotes-inspirational-27-576x1024.png 576w, https:\/\/luciepo.com\/wp-content\/uploads\/2023\/02\/spring-quotes-inspirational-27-169x300.png 169w, https:\/\/luciepo.com\/wp-content\/uploads\/2023\/02\/spring-quotes-inspirational-27-768x1365.png 768w, https:\/\/luciepo.com\/wp-content\/uploads\/2023\/02\/spring-quotes-inspirational-27-864x1536.png 864w, https:\/\/luciepo.com\/wp-content\/uploads\/2023\/02\/spring-quotes-inspirational-27-600x1067.png 600w, https:\/\/luciepo.com\/wp-content\/uploads\/2023\/02\/spring-quotes-inspirational-27.png 1080w\" sizes=\"(max-width: 576px) 100vw, 576px\" \/><\/a><\/figure><\/div>\n<h3 id='22-8220-kdyby-se-lid\u00e9-nem\u011bli-r\u00e1di-opravdu-nev\u00edm-k-\u010demu-by-bylo-n\u011bjak\u00e9-jaro-8221-victor-hugo'  id=\"boomdevs_24\" class=\"wp-block-heading\" >22. &#8220;Kdyby se lid\u00e9 nem\u011bli r\u00e1di, opravdu nev\u00edm, k \u010demu by bylo n\u011bjak\u00e9 jaro.&#8221; &#8211; Victor Hugo<\/h3>\n\n<p>Jaro je synonymem l\u00e1sky a nov\u00fdch za\u010d\u00e1tk\u016f. Inspirativn\u00ed cit\u00e1t Victora Huga n\u00e1m p\u0159ipom\u00edn\u00e1, abychom si ud\u011blali \u010das a ocenili kr\u00e1su, kterou toto obdob\u00ed p\u0159in\u00e1\u0161\u00ed, a tak\u00e9 radost, kterou p\u0159in\u00e1\u0161\u00ed, kdy\u017e se sna\u017e\u00edme projevit si vz\u00e1jemnou l\u00e1sku. S\u00edla tohoto pocitu n\u00e1m m\u016f\u017ee pomoci vn\u00e9st do \u017eivota \u0161t\u011bst\u00ed i v t\u011b\u017ek\u00fdch chv\u00edl\u00edch. Tak se ozv\u011bte a \u0159ekn\u011bte n\u011bkomu, \u017ee v\u00e1m na n\u011bm z\u00e1le\u017e\u00ed &#8211; nikdy nev\u00edte, jak dob\u0159e to pro n\u011bj (nebo pro v\u00e1s) dopadne!<\/p>\n<div class=\"wp-block-image\">\n<figure class=\"aligncenter size-large\"><a href=\"https:\/\/www.pinterest.com\/lucieposp\/\" target=\"_blank\" rel=\"noopener\"><img decoding=\"async\" loading=\"lazy\" width=\"576\" height=\"1024\" src=\"https:\/\/luciepo.com\/wp-content\/uploads\/2023\/02\/spring-quotes-inspirational-6-576x1024.png\" alt=\"&#x10C;ek&#xE1;n&#xED; na jarn&#xED; cit&#xE1;ty\" class=\"wp-image-2246\" srcset=\"https:\/\/luciepo.com\/wp-content\/uploads\/2023\/02\/spring-quotes-inspirational-6-576x1024.png 576w, https:\/\/luciepo.com\/wp-content\/uploads\/2023\/02\/spring-quotes-inspirational-6-169x300.png 169w, https:\/\/luciepo.com\/wp-content\/uploads\/2023\/02\/spring-quotes-inspirational-6-768x1365.png 768w, https:\/\/luciepo.com\/wp-content\/uploads\/2023\/02\/spring-quotes-inspirational-6-864x1536.png 864w, https:\/\/luciepo.com\/wp-content\/uploads\/2023\/02\/spring-quotes-inspirational-6-600x1067.png 600w, https:\/\/luciepo.com\/wp-content\/uploads\/2023\/02\/spring-quotes-inspirational-6.png 1080w\" sizes=\"(max-width: 576px) 100vw, 576px\" \/><\/a><\/figure><\/div>\n<h3 id='23-8220-na-ja\u0159e-jsem-b\u011bhem-24-hodin-napo\u010d\u00edtal-136-r\u016fzn\u00fdch-druh\u016f-po\u010das\u00ed-8221-mark-twain'  id=\"boomdevs_25\" class=\"wp-block-heading\" >23. &#8220;Na ja\u0159e jsem b\u011bhem 24 hodin napo\u010d\u00edtal 136 r\u016fzn\u00fdch druh\u016f po\u010das\u00ed.&#8221; &#8211; Mark Twain<\/h3>\n\n<p>Twain\u016fv vtipn\u011b kr\u00e1tk\u00fd a mil\u00fd cit\u00e1t n\u00e1m p\u0159ipom\u00edn\u00e1 nep\u0159edv\u00eddatelnost p\u0159\u00edrody, kterou jsme jist\u011b za\u017eili na ja\u0159e 2020. Skute\u010dnost, \u017ee b\u011bhem jednoho dne m\u016f\u017ee b\u00fdt tolik druh\u016f po\u010das\u00ed, vypov\u00edd\u00e1 o slo\u017eitosti a kr\u00e1se na\u0161eho sv\u011bta. A p\u0159esto\u017ee to na prvn\u00ed pohled nen\u00ed nijak zvl\u00e1\u0161\u0165 povzbudiv\u00e9, pom\u00e1h\u00e1 n\u00e1m to p\u0159ipomenout, \u017ee po de\u0161ti obvykle n\u00e1sleduje slune\u010dn\u00ed svit.<\/p>\n<div class=\"wp-block-image\">\n<figure class=\"aligncenter size-large\"><a href=\"https:\/\/www.pinterest.com\/lucieposp\/\" target=\"_blank\" rel=\"noopener\"><img decoding=\"async\" loading=\"lazy\" width=\"576\" height=\"1024\" src=\"https:\/\/luciepo.com\/wp-content\/uploads\/2023\/02\/spring-quotes-inspirational-10-576x1024.png\" alt=\"jarn&#xED; cit&#xE1;ty vtipn&#xE9;\" class=\"wp-image-2250\" srcset=\"https:\/\/luciepo.com\/wp-content\/uploads\/2023\/02\/spring-quotes-inspirational-10-576x1024.png 576w, https:\/\/luciepo.com\/wp-content\/uploads\/2023\/02\/spring-quotes-inspirational-10-169x300.png 169w, https:\/\/luciepo.com\/wp-content\/uploads\/2023\/02\/spring-quotes-inspirational-10-768x1365.png 768w, https:\/\/luciepo.com\/wp-content\/uploads\/2023\/02\/spring-quotes-inspirational-10-864x1536.png 864w, https:\/\/luciepo.com\/wp-content\/uploads\/2023\/02\/spring-quotes-inspirational-10-600x1067.png 600w, https:\/\/luciepo.com\/wp-content\/uploads\/2023\/02\/spring-quotes-inspirational-10.png 1080w\" sizes=\"(max-width: 576px) 100vw, 576px\" \/><\/a><\/figure><\/div>\n<h3 id='24-8220-\u010dasn\u00e9-jaro-je-\u010dasem-razantn\u00edch-zm\u011bn-p\u0159\u00edpravou-na-nadch\u00e1zej\u00edc\u00ed-\u00fatlak-zp\u016fsoben\u00fd-horkem-8221-henry-rollins'  id=\"boomdevs_26\" class=\"wp-block-heading\" >24. &#8220;\u010casn\u00e9 jaro je \u010dasem razantn\u00edch zm\u011bn, p\u0159\u00edpravou na nadch\u00e1zej\u00edc\u00ed \u00fatlak zp\u016fsoben\u00fd horkem.&#8221; &#8211; Henry Rollins<\/h3>\n\n<p>P\u0159ipravte se na obdob\u00ed nov\u00fdch za\u010d\u00e1tk\u016f a r\u016fstu d\u00edky tomuto povzbudiv\u00e9mu cit\u00e1tu americk\u00e9ho hudebn\u00edka, spisovatele a b\u00e1sn\u00edka Henryho Rollinse. Mluv\u00ed o tom, \u017ee je t\u0159eba p\u0159ijmout zm\u011bnu a p\u0159ipravit se na v\u0161e, co n\u00e1s potk\u00e1. Jeho moudr\u00e1 slova n\u00e1m p\u0159ipom\u00ednaj\u00ed, abychom vyu\u017eili jaro jako p\u0159\u00edle\u017eitost k vytvo\u0159en\u00ed \u017eivota, kter\u00fd chceme, a z\u00e1rove\u0148 byli vd\u011b\u010dn\u00ed za to, co m\u00e1me v p\u0159\u00edtomn\u00e9m okam\u017eiku.<\/p>\n<div class=\"wp-block-image\">\n<figure class=\"aligncenter size-large\"><a href=\"https:\/\/www.pinterest.com\/lucieposp\/\" target=\"_blank\" rel=\"noopener\"><img decoding=\"async\" loading=\"lazy\" width=\"576\" height=\"1024\" src=\"https:\/\/luciepo.com\/wp-content\/uploads\/2023\/02\/spring-quotes-inspirational-7-576x1024.png\" alt=\"Jarn&#xED; motiva&#x10D;n&#xED; cit&#xE1;ty pro pr&#xE1;ci\" class=\"wp-image-2247\" srcset=\"https:\/\/luciepo.com\/wp-content\/uploads\/2023\/02\/spring-quotes-inspirational-7-576x1024.png 576w, https:\/\/luciepo.com\/wp-content\/uploads\/2023\/02\/spring-quotes-inspirational-7-169x300.png 169w, https:\/\/luciepo.com\/wp-content\/uploads\/2023\/02\/spring-quotes-inspirational-7-768x1365.png 768w, https:\/\/luciepo.com\/wp-content\/uploads\/2023\/02\/spring-quotes-inspirational-7-864x1536.png 864w, https:\/\/luciepo.com\/wp-content\/uploads\/2023\/02\/spring-quotes-inspirational-7-600x1067.png 600w, https:\/\/luciepo.com\/wp-content\/uploads\/2023\/02\/spring-quotes-inspirational-7.png 1080w\" sizes=\"(max-width: 576px) 100vw, 576px\" \/><\/a><\/figure><\/div>\n<h3 id='25-8220-kv\u011btina-kvete-pro-svou-vlastn\u00ed-radost-8221-oscar-wilde'  id=\"boomdevs_27\" class=\"wp-block-heading\" >25. &#8220;Kv\u011btina kvete pro svou vlastn\u00ed radost.&#8221; &#8211; Oscar Wilde<\/h3>\n\n<p>Tento cit\u00e1t Oscara Wildea n\u00e1m p\u0159ipom\u00edn\u00e1 kr\u00e1su a radost, kter\u00e1 p\u0159ich\u00e1z\u00ed s jarem. M\u016f\u017eeme ocenit z\u00e1\u0159iv\u011b kvetouc\u00ed kv\u011btiny, kter\u00e9 p\u0159ich\u00e1zej\u00ed s t\u00edmto ro\u010dn\u00edm obdob\u00edm, v cel\u00e9 jejich kr\u00e1se. Kdy\u017e je uvid\u00edte, zastavte se na chv\u00edli a pokochejte se jejich kr\u00e1sou, p\u0159ipom\u00ednaj\u00ed n\u00e1m, abychom si v\u00e1\u017eili mal\u00fdch radost\u00ed a na\u0161li radost ve sv\u00e9m \u017eivot\u011b.<\/p>\n<div class=\"wp-block-image\">\n<figure class=\"aligncenter size-large\"><a href=\"https:\/\/www.pinterest.com\/lucieposp\/\" target=\"_blank\" rel=\"noopener\"><img decoding=\"async\" loading=\"lazy\" width=\"576\" height=\"1024\" src=\"https:\/\/luciepo.com\/wp-content\/uploads\/2023\/02\/spring-quotes-inspirational-28-576x1024.png\" alt=\"cit&#xE1;ty o jarn&#xED;m po&#x10D;as&#xED;\" class=\"wp-image-2269\" srcset=\"https:\/\/luciepo.com\/wp-content\/uploads\/2023\/02\/spring-quotes-inspirational-28-576x1024.png 576w, https:\/\/luciepo.com\/wp-content\/uploads\/2023\/02\/spring-quotes-inspirational-28-169x300.png 169w, https:\/\/luciepo.com\/wp-content\/uploads\/2023\/02\/spring-quotes-inspirational-28-768x1365.png 768w, https:\/\/luciepo.com\/wp-content\/uploads\/2023\/02\/spring-quotes-inspirational-28-864x1536.png 864w, https:\/\/luciepo.com\/wp-content\/uploads\/2023\/02\/spring-quotes-inspirational-28-600x1067.png 600w, https:\/\/luciepo.com\/wp-content\/uploads\/2023\/02\/spring-quotes-inspirational-28.png 1080w\" sizes=\"(max-width: 576px) 100vw, 576px\" \/><\/a><\/figure><\/div>\n<p><\/p>\n\n<h2 id='cit\u00e1ty-o-obnov\u011b-a-znovuzrozen\u00ed'  id=\"boomdevs_28\" class=\"wp-block-heading\" ><strong>Cit\u00e1ty o obnov\u011b a znovuzrozen\u00ed<\/strong><\/h2>\n\n<h3 id='p\u0159ijet\u00ed-nov\u00fdch-za\u010d\u00e1tk\u016f'  id=\"boomdevs_29\" class=\"wp-block-heading\" ><em>P\u0159ijet\u00ed nov\u00fdch za\u010d\u00e1tk\u016f<\/em><\/h3>\n\n<ul>\n<li>&#8220;Jaro je \u010das pl\u00e1n\u016f a projekt\u016f.&#8221; &#8211; Lev Tolstoj<\/li>\n\n\n\n<li>&#8220;Ka\u017ed\u00fd den je nov\u00fd za\u010d\u00e1tek. Tak se k n\u011bmu chovejte.&#8221; &#8211; Nezn\u00e1m\u00fd<\/li>\n\n\n\n<li>&#8220;Jaro je probouzej\u00edc\u00ed se zem\u011b.&#8221; &#8211; Lewis Grizzard<\/li>\n<\/ul>\n\n<p>Jak se sv\u011bt kolem n\u00e1s probouz\u00ed, probouzej\u00ed se i na\u0161e nad\u011bje a sny. Jaro n\u00e1m p\u0159ipom\u00edn\u00e1, \u017ee m\u016f\u017eeme opustit star\u00e9 a vydat se vst\u0159\u00edc nov\u00fdm dobrodru\u017estv\u00edm. Tyto cit\u00e1ty n\u00e1s vyb\u00edzej\u00ed k tomu, abychom p\u0159ijali nov\u00fd za\u010d\u00e1tek, kter\u00fd jaro nab\u00edz\u00ed, a vyu\u017eili p\u0159\u00edle\u017eitosti stanovit si c\u00edle, vytvo\u0159it pl\u00e1ny a uskute\u010dnit sv\u00e9 touhy.<\/p>\n\n<p><\/p>\n\n<h3 id='odolnost-p\u0159\u00edrody'  id=\"boomdevs_30\" class=\"wp-block-heading\" ><em>Odolnost p\u0159\u00edrody<\/em><\/h3>\n\n<ul>\n<li>&#8220;Jaro n\u00e1s probouz\u00ed, o\u0161et\u0159uje a o\u017eivuje.&#8221; &#8211; Gary Snyder<\/li>\n\n\n\n<li>&#8220;\u017d\u00e1dn\u00e1 zima netrv\u00e1 v\u011b\u010dn\u011b, \u017e\u00e1dn\u00e9 jaro nep\u0159esko\u010d\u00ed sv\u016fj tah.&#8221; &#8211; Hal Borland<\/li>\n\n\n\n<li>&#8220;Jaro je zp\u016fsob, jak\u00fdm p\u0159\u00edroda \u0159\u00edk\u00e1: &#8220;Poj\u010fme se bavit!&#8221;&#8221; &#8211; Robin Williams<\/li>\n<\/ul>\n\n<p>P\u0159\u00edroda m\u00e1 neuv\u011b\u0159itelnou schopnost odrazit se ode dna a prosperovat navzdory v\u00fdzv\u00e1m, kter\u00fdm \u010del\u00ed. Tyto cit\u00e1ty n\u00e1m p\u0159ipom\u00ednaj\u00ed odolnost sv\u011bta p\u0159\u00edrody a vyb\u00edzej\u00ed n\u00e1s, abychom z n\u011bj \u010derpali inspiraci. Stejn\u011b jako po krut\u00e9 zim\u011b rozkvetou kv\u011btiny, i my v sob\u011b m\u016f\u017eeme naj\u00edt s\u00edlu p\u0159ekonat p\u0159ek\u00e1\u017eky a pos\u00edlit se.<\/p>\n\n<p><\/p>\n\n<h3 id='kvetouc\u00ed-jako-kv\u011btiny'  id=\"boomdevs_31\" class=\"wp-block-heading\" ><em>Kvetouc\u00ed jako kv\u011btiny<\/em><\/h3>\n\n<ul>\n<li>&#8220;Rozkv\u00e9tejte tam, kde jste zasazeni.&#8221; &#8211; Mary Engelbreit<\/li>\n\n\n\n<li>&#8220;Jaro p\u0159in\u00e1\u0161\u00ed nov\u00fd \u017eivot a novou kr\u00e1su v\u0161emu, co je.&#8221; &#8211; Jessica Harrelson<\/li>\n\n\n\n<li>&#8220;Ka\u017ed\u00e1 kv\u011btina je du\u0161e rozkv\u00e9taj\u00edc\u00ed v p\u0159\u00edrod\u011b.&#8221; &#8211; Gerard De Nerval<\/li>\n<\/ul>\n\n<p>Jaro je synonymem rozkv\u011btu kv\u011btin, \u00fachvatn\u00e9 p\u0159ehl\u00eddky z\u00e1\u0159iv\u00fdch barev a v\u016fn\u00ed. Tyto cit\u00e1ty n\u00e1s vyz\u00fdvaj\u00ed, abychom p\u0159ijali svou vnit\u0159n\u00ed kr\u00e1su a nechali se rozkv\u00e9st. Stejn\u011b jako kv\u011btiny m\u00e1me jedine\u010dn\u00e9 vlastnosti a potenci\u00e1l, kter\u00e9 \u010dekaj\u00ed na to, aby byly rozv\u00edjeny a sd\u00edleny se sv\u011btem.<\/p>\n\n<p><\/p>\n\n<h2 id='cit\u00e1ty-o-nad\u011bji-a-optimismu'  id=\"boomdevs_32\" class=\"wp-block-heading\" ><strong>Cit\u00e1ty o nad\u011bji a optimismu<\/strong><\/h2>\n\n<h3 id='sez\u00f3na-nad\u011bje'  id=\"boomdevs_33\" class=\"wp-block-heading\" ><em>Sez\u00f3na nad\u011bje<\/em><\/h3>\n\n<ul>\n<li>&#8220;Jaro je skute\u010dn\u00fdm vzk\u0159\u00ed\u0161en\u00edm v\u011b\u010dn\u011b mrtv\u00fdch.&#8221; &#8211; Henry David Thoreau<\/li>\n\n\n\n<li>&#8220;Nad\u011bje je v\u011bc s pe\u0159\u00edm, kter\u00e1 sed\u00ed v du\u0161i.&#8221; &#8211; Emily Dickinsonov\u00e1<\/li>\n\n\n\n<li>&#8220;Na ja\u0159e je v\u0161echno pln\u00e9 \u017eivota.&#8221; &#8211; Christina Rossetti<\/li>\n<\/ul>\n\n<p>Jaro napl\u0148uje na\u0161e srdce nov\u00fdm pocitem nad\u011bje. Tyto cit\u00e1ty zd\u016fraz\u0148uj\u00ed v\u00fdznam nad\u011bje v na\u0161em \u017eivot\u011b a p\u0159ipom\u00ednaj\u00ed n\u00e1m, \u017ee i v t\u011bch nejtemn\u011bj\u0161\u00edch \u010dasech se na obzoru v\u017edy objev\u00ed z\u00e1blesk sv\u011btla. Jaro n\u00e1s vyb\u00edz\u00ed, abychom v\u011b\u0159ili v mo\u017enosti, kter\u00e9 jsou p\u0159ed n\u00e1mi, a abychom si zachovali dobrou n\u00e1ladu.<\/p>\n\n<p><\/p>\n\n<h3 id='sv\u011btlo-na-konci-tunelu'  id=\"boomdevs_34\" class=\"wp-block-heading\" ><em>Sv\u011btlo na konci tunelu<\/em><\/h3>\n\n<ul>\n<li>&#8220;Den, kdy Hospodin stvo\u0159il nad\u011bji, byl pravd\u011bpodobn\u011b stejn\u00fd jako den, kdy stvo\u0159il jaro.&#8221; &#8211; Bernard Williams<\/li>\n\n\n\n<li>&#8220;Ne\u010dekejte, a\u017e v\u00e1m n\u011bkdo p\u0159inese kv\u011btiny. Zasa\u010fte si vlastn\u00ed zahr\u00e1dku a ozdobte svou du\u0161i.&#8221; &#8211; Mario Quintana<\/li>\n\n\n\n<li>&#8220;P\u0159i\u0161lo kr\u00e1sn\u00e9 jaro, a kdy\u017e p\u0159\u00edroda znovu o\u017eije, o\u017eije i lidsk\u00e1 du\u0161e.&#8221; &#8211; Harriet Ann Jacobsov\u00e1<\/li>\n<\/ul>\n\n<p>Tyto cit\u00e1ty p\u0159ipom\u00ednaj\u00ed, \u017ee jaro je nejen obdob\u00edm vn\u011bj\u0161\u00ed prom\u011bny, ale tak\u00e9 \u010dasem vnit\u0159n\u00edho r\u016fstu a obnovy. Povzbuzuj\u00ed n\u00e1s k tomu, abychom se sami starali o sv\u00e9 \u0161t\u011bst\u00ed a hledali \u00fat\u011bchu a inspiraci v kr\u00e1se, kter\u00e1 n\u00e1s obklopuje. Jaro n\u00e1m p\u0159ipom\u00edn\u00e1, \u017ee na konci tunelu je v\u017edy sv\u011btlo, pokud jsme ochotni ho hledat.<\/p>\n\n<p><\/p>\n\n<h3 id='p\u0159\u00edslib-z\u00edt\u0159ka'  id=\"boomdevs_35\" class=\"wp-block-heading\" ><em>P\u0159\u00edslib z\u00edt\u0159ka<\/em><\/h3>\n\n<ul>\n<li>&#8220;Jaro je \u010das pl\u00e1n\u016f a projekt\u016f.&#8221; &#8211; Lev Tolstoj<\/li>\n\n\n\n<li>&#8220;Jaro je zp\u016fsob, jak\u00fdm p\u0159\u00edroda \u0159\u00edk\u00e1: &#8220;Poj\u010fme se bavit!&#8221;&#8221; &#8211; Robin Williams<\/li>\n\n\n\n<li>&#8220;M\u016f\u017eete ost\u0159\u00edhat v\u0161echny kv\u011btiny, ale jaro nezastav\u00edte.&#8221; &#8211; Pablo Neruda<\/li>\n<\/ul>\n\n<p>Tyto cit\u00e1ty zd\u016fraz\u0148uj\u00ed p\u0159\u00edslib a potenci\u00e1l, kter\u00fd v sob\u011b skr\u00fdv\u00e1 ka\u017ed\u00fd nov\u00fd den. Jaro je sv\u011bdectv\u00edm cyklick\u00e9 povahy \u017eivota, kdy po konci n\u00e1sleduje nov\u00fd za\u010d\u00e1tek. Povzbuzuj\u00ed n\u00e1s k tomu, abychom p\u0159ijali p\u0159\u00edtomn\u00fd okam\u017eik a s o\u010dek\u00e1v\u00e1n\u00edm a nad\u0161en\u00edm hled\u011bli do budoucnosti.<\/p>\n\n<p><\/p>\n\n<h2 id='cit\u00e1ty-o-r\u016fstu-a-transformaci'  id=\"boomdevs_36\" class=\"wp-block-heading\" ><strong>Cit\u00e1ty o r\u016fstu a transformaci<\/strong><\/h2>\n\n<h3 id='p\u0159ijet\u00ed-zm\u011bny'  id=\"boomdevs_37\" class=\"wp-block-heading\" ><em>P\u0159ijet\u00ed zm\u011bny<\/em><\/h3>\n\n<ul>\n<li>&#8220;Kdy\u017e se jedny dve\u0159e \u0161t\u011bst\u00ed zav\u0159ou, jin\u00e9 se otev\u0159ou, ale \u010dasto se tak dlouho d\u00edv\u00e1me na zav\u0159en\u00e9 dve\u0159e, \u017ee nevid\u00edme ty, kter\u00e9 se n\u00e1m otev\u0159ely.&#8221; &#8211; Helen Kellerov\u00e1<\/li>\n\n\n\n<li>&#8220;Nejv\u011bt\u0161\u00ed sl\u00e1va \u017eivota nespo\u010d\u00edv\u00e1 v tom, \u017ee nikdy nepadneme, ale v tom, \u017ee poka\u017ed\u00e9, kdy\u017e padneme, vstaneme.&#8221; &#8211; Nelson Mandela<\/li>\n\n\n\n<li>&#8220;Jedin\u00fd zp\u016fsob, jak d\u00e1t zm\u011bn\u00e1m smysl, je pono\u0159it se do nich, pohybovat se s nimi a zapojit se do tance.&#8221; &#8211; Alan Watts<\/li>\n<\/ul>\n\n<p>Jaro symbolizuje nevyhnutelnost zm\u011bny a d\u016fle\u017eitost p\u0159izp\u016fsoben\u00ed se nov\u00fdm okolnostem. Tyto cit\u00e1ty n\u00e1s povzbuzuj\u00ed k tomu, abychom zm\u011bny p\u0159ij\u00edmali, a ne se jim br\u00e1nili, proto\u017ee v\u00edme, \u017ee k r\u016fstu a transformaci \u010dasto doch\u00e1z\u00ed, kdy\u017e vystoup\u00edme ze sv\u00e9 komfortn\u00ed z\u00f3ny. Jaro n\u00e1s vyz\u00fdv\u00e1, abychom tan\u010dili v rytmu \u017eivota a p\u0159ij\u00edmali nezn\u00e1m\u00e9.<\/p>\n\n<p><\/p>\n\n<h3 id='osobn\u00ed-r\u016fst'  id=\"boomdevs_38\" class=\"wp-block-heading\" ><em>Osobn\u00ed r\u016fst<\/em><\/h3>\n\n<ul>\n<li>&#8220;Jaro mi nedovol\u00ed z\u016fstat v tomto dom\u011b d\u00e9le! Mus\u00edm ven a znovu se zhluboka nadechnout vzduchu.&#8221; &#8211; Gustav Mahler<\/li>\n\n\n\n<li>&#8220;Jedin\u00fd \u010dlov\u011bk, kter\u00fdm se m\u00e1\u0161 st\u00e1t, je ten, kter\u00fdm se rozhodne\u0161 b\u00fdt.&#8221; &#8211; Ralph Waldo Emerson<\/li>\n\n\n\n<li>&#8220;Na ja\u0159e, na konci dne, bys m\u011bl smrd\u011bt jako hl\u00edna.&#8221; &#8211; Margaret Atwoodov\u00e1<\/li>\n<\/ul>\n\n<p>Jaro n\u00e1m nab\u00edz\u00ed p\u0159\u00edle\u017eitost k osobn\u00edmu r\u016fstu a sebepozn\u00e1n\u00ed. Tyto cit\u00e1ty n\u00e1m p\u0159ipom\u00ednaj\u00ed, abychom p\u0159ijali vol\u00e1n\u00ed p\u0159\u00edrody, znovu se spojili s p\u0159\u00edrodou a nechali se prom\u011bnit. Stejn\u011b jako jaro o\u017eivuje zemi, m\u016f\u017ee o\u017eivit i na\u0161i du\u0161i a v\u00e9st n\u00e1s k hlub\u0161\u00edmu pozn\u00e1n\u00ed sebe sama a sv\u00e9ho m\u00edsta ve sv\u011bt\u011b.<\/p>\n\n<h3 id='hled\u00e1n\u00ed-s\u00edly-v-nep\u0159\u00edzni-osudu'  id=\"boomdevs_39\" class=\"wp-block-heading\" ><em>Hled\u00e1n\u00ed s\u00edly v nep\u0159\u00edzni osudu<\/em><\/h3>\n\n<ul>\n<li>&#8220;Ne\u0161t\u011bst\u00ed je jako siln\u00fd v\u00edtr. Odtrh\u00e1v\u00e1 od n\u00e1s v\u0161echno krom\u011b toho, co se ned\u00e1 odtrhnout, abychom se vid\u011bli takov\u00ed, jac\u00ed skute\u010dn\u011b jsme.&#8221; &#8211; Arthur Golden<\/li>\n\n\n\n<li>&#8220;Dub bojoval s v\u011btrem a byl zlomen, vrba se ohnula, kdy\u017e musela, a p\u0159e\u017eila.&#8221; &#8211; Robert Jordan<\/li>\n\n\n\n<li>&#8220;Rozd\u00edl mezi p\u0159ek\u00e1\u017ekou a odrazov\u00fdm m\u016fstkem je v tom, jak vysoko zvedne\u0161 nohu.&#8221; &#8211; Benny Lewis<\/li>\n<\/ul>\n\n<p>Jaro n\u00e1m p\u0159ipom\u00edn\u00e1, \u017ee v\u00fdzvy jsou nezbytnou sou\u010d\u00e1st\u00ed r\u016fstu a transformace. Tyto cit\u00e1ty zd\u016fraz\u0148uj\u00ed odolnost a s\u00edlu, kterou lze nal\u00e9zt v nep\u0159\u00edzni osudu. Povzbuzuj\u00ed n\u00e1s k tomu, abychom t\u011b\u017ek\u00e9 chv\u00edle brali jako p\u0159\u00edle\u017eitost k osobn\u00edmu rozvoji, a p\u0159ipom\u00ednaj\u00ed n\u00e1m, \u017ee na\u0161e boje se nakonec mohou st\u00e1t odrazov\u00fdm m\u016fstkem k lep\u0161\u00ed budoucnosti.<\/p>\n\n<p><\/p>\n\n<h2 id='cit\u00e1ty-o-radosti-a-\u0161t\u011bst\u00ed'  id=\"boomdevs_40\" class=\"wp-block-heading\" ><strong>Cit\u00e1ty o radosti a \u0161t\u011bst\u00ed<\/strong><\/h2>\n\n<h3 id='kr\u00e1sa-jara'  id=\"boomdevs_41\" class=\"wp-block-heading\" ><em>Kr\u00e1sa jara<\/em><\/h3>\n\n<ul>\n<li>&#8220;Jaro je zp\u016fsob, jak\u00fdm p\u0159\u00edroda \u0159\u00edk\u00e1: &#8220;Poj\u010fme se bavit!&#8221;&#8221; &#8211; Robin Williams<\/li>\n\n\n\n<li>&#8220;Prvn\u00ed jarn\u00ed kv\u011bty mi v\u017edycky rozezp\u00edvaj\u00ed srdce.&#8221; &#8211; S. Brown<\/li>\n\n\n\n<li>&#8220;Duben vnesl do v\u0161eho ducha ml\u00e1d\u00ed.&#8221; &#8211; William Shakespeare<\/li>\n<\/ul>\n\n<p><\/p>\n\n<p>Jaro je vizu\u00e1ln\u00ed pastvou pro smysly, s jeho z\u00e1\u0159iv\u00fdmi barvami, vo\u0148av\u00fdmi kv\u011bty a omlazuj\u00edc\u00ed energi\u00ed. Tyto cit\u00e1ty oslavuj\u00ed kr\u00e1su jara a p\u0159ipom\u00ednaj\u00ed n\u00e1m, abychom si v\u00e1\u017eili z\u00e1zrak\u016f, kter\u00e9 n\u00e1s obklopuj\u00ed. Vyz\u00fdvaj\u00ed n\u00e1s, abychom se pono\u0159ili do sv\u011bta p\u0159\u00edrody, kde ka\u017ed\u00e1 rozkvetl\u00e1 kv\u011btina a pu\u010d\u00edc\u00ed strom sv\u011bd\u010d\u00ed o radosti a n\u00e1dhe\u0159e \u017eivota.<\/p>\n\n<p><\/p>\n\n<h3 id='p\u0159ij\u00edm\u00e1n\u00ed-jednoduch\u00fdch-radost\u00ed'  id=\"boomdevs_42\" class=\"wp-block-heading\" ><em>P\u0159ij\u00edm\u00e1n\u00ed jednoduch\u00fdch radost\u00ed<\/em><\/h3>\n\n<ul>\n<li>&#8220;Jaro je \u010das pl\u00e1n\u016f a projekt\u016f.&#8221; &#8211; Lev Tolstoj<\/li>\n\n\n\n<li>&#8220;Ty nejslad\u0161\u00ed a nejprost\u0161\u00ed v\u011bci v \u017eivot\u011b jsou nakonec ty prav\u00e9.&#8221; &#8211; Laura Ingalls Wilderov\u00e1<\/li>\n\n\n\n<li>&#8220;Jaro odemyk\u00e1 kv\u011bty, aby vymalovaly sm\u011bj\u00edc\u00ed se p\u016fdu.&#8221; &#8211; Biskup Reginald Heber<\/li>\n<\/ul>\n\n<p>V na\u0161em rychl\u00e9m \u017eivotn\u00edm tempu je snadn\u00e9 p\u0159ehl\u00ed\u017eet jednoduch\u00e9 radosti, kter\u00e9 n\u00e1m p\u0159in\u00e1\u0161ej\u00ed \u0161t\u011bst\u00ed. Tyto cit\u00e1ty n\u00e1s povzbuzuj\u00ed, abychom zpomalili, vychutn\u00e1vali si p\u0159\u00edtomn\u00fd okam\u017eik a nach\u00e1zeli radost v mali\u010dkostech. Jaro n\u00e1s vyb\u00edz\u00ed, abychom se kochali kr\u00e1sou rozkv\u00e9taj\u00edc\u00edch kv\u011btin, h\u0159ejiv\u00fdm slune\u010dn\u00edm teplem na k\u016f\u017ei a jemn\u00fdm v\u00e1nkem, kter\u00fd \u0161um\u00ed mezi stromy.<\/p>\n\n<p><\/p>\n\n<h3 id='vyza\u0159ov\u00e1n\u00ed-\u0161t\u011bst\u00ed'  id=\"boomdevs_43\" class=\"wp-block-heading\" ><em>Vyza\u0159ov\u00e1n\u00ed \u0161t\u011bst\u00ed<\/em><\/h3>\n\n<ul>\n<li>&#8220;\u0160t\u011bst\u00ed je mot\u00fdl, kter\u00fd, kdy\u017e ho pron\u00e1sleduje\u0161, je v\u017edycky t\u011bsn\u011b mimo tv\u016fj dosah, ale kter\u00fd, kdy\u017e si v klidu sedne\u0161, m\u016f\u017ee na tebe dosednout.&#8221; &#8211; Nathaniel Hawthorne<\/li>\n\n\n\n<li>&#8220;Zem\u011b se sm\u011bje v kv\u011btech.&#8221; &#8211; Ralph Waldo Emerson<\/li>\n\n\n\n<li>&#8220;Abychom byli \u0161\u0165astn\u00ed, nesm\u00edme se p\u0159\u00edli\u0161 starat o druh\u00e9.&#8221; &#8211; Albert Camus<\/li>\n<\/ul>\n\n<p>Jaro navozuje pocit lehkosti a radosti a tyto cit\u00e1ty vystihuj\u00ed podstatu \u0161t\u011bst\u00ed, kter\u00e9 je c\u00edtit ve vzduchu. P\u0159ipom\u00ednaj\u00ed n\u00e1m, \u017ee \u0161t\u011bst\u00ed nen\u00ed c\u00edl, kter\u00e9ho je t\u0159eba dos\u00e1hnout, ale stav mysli, kter\u00fd je t\u0159eba p\u011bstovat. Kdy\u017e ocen\u00edme kr\u00e1su kolem n\u00e1s, najdeme spokojenost v jednoduchosti a zam\u011b\u0159\u00edme se na vlastn\u00ed pohodu, m\u016f\u017eeme vyza\u0159ovat \u0161t\u011bst\u00ed na ostatn\u00ed a p\u0159ijmout ducha jara.<\/p>\n\n<p><\/p>\n\n<h2 id='cit\u00e1ty-o-l\u00e1sce-a-vztaz\u00edch'  id=\"boomdevs_44\" class=\"wp-block-heading\" ><strong>Cit\u00e1ty o l\u00e1sce a vztaz\u00edch<\/strong><\/h2>\n\n<h3 id='jarn\u00ed-romance'  id=\"boomdevs_45\" class=\"wp-block-heading\" ><em>Jarn\u00ed romance<\/em><\/h3>\n\n<ul>\n<li>&#8220;L\u00e1ska je kv\u011btina, kterou mus\u00ed\u0161 nechat r\u016fst.&#8221; &#8211; John Lennon<\/li>\n\n\n\n<li>&#8220;Jaro je ro\u010dn\u00ed obdob\u00ed, kdy je na slunci l\u00e9to a ve st\u00ednu zima.&#8221; &#8211; Charles Dickens<\/li>\n\n\n\n<li>&#8220;L\u00e1ska je jako v\u00edtr, nevid\u00ed\u0161 ji, ale c\u00edt\u00ed\u0161 ji.&#8221; &#8211; Nicholas Sparks<\/li>\n<\/ul>\n\n<p>Jaro m\u00e1 v srde\u010dn\u00edch z\u00e1le\u017eitostech zvl\u00e1\u0161tn\u00ed postaven\u00ed, proto\u017ee rozn\u011bcuje pocity romantiky, v\u00e1\u0161n\u011b a nov\u00fdch vztah\u016f. Tyto cit\u00e1ty oslavuj\u00ed kouzlo jarn\u00ed l\u00e1sky a p\u0159ipom\u00ednaj\u00ed n\u00e1m rozkv\u00e9taj\u00edc\u00ed emoce a n\u00e1dhern\u00e9 okam\u017eiky, kter\u00e9 s n\u00ed p\u0159ich\u00e1zej\u00ed. Jaro n\u00e1s vyz\u00fdv\u00e1, abychom p\u0159ijali n\u011b\u017en\u00e9 \u0161epoty l\u00e1sky a nechali sv\u00e1 srdce rozkv\u00e9st spolu s n\u00e1dherou p\u0159\u00edrody.<\/p>\n\n<p><\/p>\n\n<h3 id='pe\u010duj\u00edc\u00ed-spojen\u00ed'  id=\"boomdevs_46\" class=\"wp-block-heading\" ><em>Pe\u010duj\u00edc\u00ed spojen\u00ed<\/em><\/h3>\n\n<ul>\n<li>&#8220;Nejcenn\u011bj\u0161\u00ed dar, kter\u00fd m\u016f\u017eeme komukoli nab\u00eddnout, je na\u0161e pozornost.&#8221; &#8211; Thich Nhat Hanh<\/li>\n\n\n\n<li>&#8220;P\u0159\u00e1telstv\u00ed se rod\u00ed ve chv\u00edli, kdy jeden \u010dlov\u011bk \u0159ekne druh\u00e9mu: &#8216;Co\u017ee! Ty taky? Myslel jsem, \u017ee jsem jedin\u00fd.&#8221; &#8211; C. S. Lewis<\/li>\n\n\n\n<li>&#8220;Jarn\u00ed pr\u00e1ce prob\u00edhaj\u00ed s radostn\u00fdm nad\u0161en\u00edm.&#8221; &#8211; John Muir<\/li>\n<\/ul>\n\n<p>Jaro je obdob\u00edm, kdy se vztahy a vazby rozv\u00edjej\u00ed a posiluj\u00ed. Tyto cit\u00e1ty zd\u016fraz\u0148uj\u00ed v\u00fdznam lidsk\u00fdch vztah\u016f, a\u0165 u\u017e jde o p\u0159\u00e1telstv\u00ed nebo partnerstv\u00ed. P\u0159ipom\u00ednaj\u00ed n\u00e1m hodnotu up\u0159\u00edmn\u00e9 pozornosti, spole\u010dn\u00fdch z\u00e1\u017eitk\u016f a radosti, kterou p\u0159in\u00e1\u0161\u00ed budov\u00e1n\u00ed smyslupln\u00fdch vztah\u016f. Jaro n\u00e1s vyb\u00edz\u00ed k tomu, abychom p\u011bstovali a pe\u010dovali o vztahy, kter\u00e9 obohacuj\u00ed n\u00e1\u0161 \u017eivot.<\/p>\n\n<p><\/p>\n\n<h3 id='obnova-l\u00e1sky'  id=\"boomdevs_47\" class=\"wp-block-heading\" ><em>Obnova l\u00e1sky<\/em><\/h3>\n\n<ul>\n<li>&#8220;L\u00e1ska je na\u0161\u00edm prav\u00fdm osudem. Smysl \u017eivota nenal\u00e9z\u00e1me sami, ale s druh\u00fdm \u010dlov\u011bkem.&#8221; &#8211; Thomas Merton<\/li>\n\n\n\n<li>&#8220;To nejlep\u0161\u00ed, \u010deho se v \u017eivot\u011b m\u016f\u017eeme dr\u017eet, je jeden druh\u00e9ho.&#8221; &#8211; Audrey Hepburn<\/li>\n\n\n\n<li>&#8220;L\u00e1ska je jako v\u00edtr, nevid\u00ed\u0161 ji, ale c\u00edt\u00ed\u0161 ji.&#8221; &#8211; Nicholas Sparks<\/li>\n<\/ul>\n\n<p>Jaro symbolizuje obnoven\u00ed l\u00e1sky a prohlouben\u00ed citov\u00fdch vazeb. Tyto cit\u00e1ty zd\u016fraz\u0148uj\u00ed transforma\u010dn\u00ed s\u00edlu l\u00e1sky a d\u016fle\u017eitost pe\u010duj\u00edc\u00edch vztah\u016f. P\u0159ipom\u00ednaj\u00ed n\u00e1m, abychom si v\u00e1\u017eili p\u0159\u00edtomnosti sv\u00fdch bl\u00edzk\u00fdch v na\u0161em \u017eivot\u011b, abychom se dr\u017eeli jeden druh\u00e9ho v \u017eivotn\u00edch vzestupech i p\u00e1dech a abychom si uv\u011bdomili, \u017ee l\u00e1ska je v\u011b\u010dn\u00e1 s\u00edla, kter\u00e1 p\u0159in\u00e1\u0161\u00ed smysl a radost na\u0161\u00ed existenci.<\/p>\n\n<p><\/p>\n\n<div style=\"height:33px\" aria-hidden=\"true\" class=\"wp-block-spacer\"><\/div>\n\n<h2 id='\u010dasto-kladen\u00e9-ot\u00e1zky'  id=\"boomdevs_48\" class=\"wp-block-heading\" >\u010casto kladen\u00e9 ot\u00e1zky<\/h2>\n\n<div style=\"height:33px\" aria-hidden=\"true\" class=\"wp-block-spacer\"><\/div>\n<div id=\"rank-math-faq\" class=\"rank-math-block\">\n<div class=\"rank-math-list \">\n<div id=\"faq-question-1708788421804\" class=\"rank-math-list-item\">\n<h3 id='\u010d\u00edm-jsou-jarn\u00ed-cit\u00e1ty-tak-v\u00fdjime\u010dn\u00e9'  id=\"boomdevs_49\" class=\"rank-math-question \" ><strong>\u010c\u00edm jsou jarn\u00ed cit\u00e1ty tak v\u00fdjime\u010dn\u00e9?<\/strong><\/h3>\n<div class=\"rank-math-answer \">\n\n<p>Jarn\u00ed cit\u00e1ty vystihuj\u00ed podstatu <strong>obnovy, nad\u011bje a kr\u00e1sy probouzej\u00edc\u00ed se p\u0159\u00edrody<\/strong>. Kr\u00e1sn\u011b p\u0159ipom\u00ednaj\u00ed p\u0159\u00edslib jara a radost, kterou p\u0159in\u00e1\u0161\u00ed po krut\u00e9 zim\u011b.<\/p>\n\n<\/div>\n<\/div>\n<div id=\"faq-question-1708788450210\" class=\"rank-math-list-item\">\n<h3 id='kte\u0159\u00ed-slavn\u00ed-auto\u0159i-jsou-zn\u00e1m\u00ed-sv\u00fdmi-inspirativn\u00edmi-jarn\u00edmi-cit\u00e1ty'  id=\"boomdevs_50\" class=\"rank-math-question \" ><strong>Kte\u0159\u00ed slavn\u00ed auto\u0159i jsou zn\u00e1m\u00ed sv\u00fdmi inspirativn\u00edmi jarn\u00edmi cit\u00e1ty?<\/strong><\/h3>\n<div class=\"rank-math-answer \">\n\n<p>Zn\u00e1m\u00ed auto\u0159i jako L. M. Montgomery, Ernest Hemingway, Percy Bysshe Shelley, Frances Hodgson Burnettov\u00e1, Robert Frost, Virginia Woolfov\u00e1, Charlotte Bront\u00ebov\u00e1 a Vladimir Nabokov ve sv\u00fdch d\u00edlech n\u00e1dhern\u011b vyj\u00e1d\u0159ili nev\u00fdslovnou touhu a bolestnou sladkost jara.<\/p>\n\n<\/div>\n<\/div>\n<div id=\"faq-question-1708788469528\" class=\"rank-math-list-item\">\n<h3 id='jak\u00e9-jsou-spole\u010dn\u00e9-motivy-inspirativn\u00edch-jarn\u00edch-cit\u00e1t\u016f'  id=\"boomdevs_51\" class=\"rank-math-question \" ><strong>Jak\u00e9 jsou spole\u010dn\u00e9 motivy inspirativn\u00edch jarn\u00edch cit\u00e1t\u016f?<\/strong><\/h3>\n<div class=\"rank-math-answer \">\n\n<p>V t\u011bchto cit\u00e1tech se \u010dasto objevuj\u00ed t\u00e9mata jako p\u0159\u00edchod jara, v\u016fn\u011b kv\u011btin, n\u00e1ru\u010d slunce, sv\u011b\u017eest vzduchu a jemn\u00fd klid slune\u010dn\u00e9ho jarn\u00edho dne.<\/p>\n\n<\/div>\n<\/div>\n<div id=\"faq-question-1708788493138\" class=\"rank-math-list-item\">\n<h3 id='pro\u010d-lid\u00e9-nach\u00e1zej\u00ed-inspiraci-v-jarn\u00edch-cit\u00e1tech'  id=\"boomdevs_52\" class=\"rank-math-question \" ><strong>Pro\u010d lid\u00e9 nach\u00e1zej\u00ed inspiraci v jarn\u00edch cit\u00e1tech?<\/strong><\/h3>\n<div class=\"rank-math-answer \">\n\n<p>Jarn\u00ed cit\u00e1ty vyvol\u00e1vaj\u00ed <strong>pocity nad\u011bje, obnovy a optimismu<\/strong> a jsou <strong>zdrojem \u00fat\u011bchy a motivace v dob\u011b zm\u011bn nebo obt\u00ed\u017e\u00ed<\/strong>. Slou\u017e\u00ed jako <strong>uklid\u0148uj\u00edc\u00ed prost\u0159edek pro du\u0161i<\/strong> a p\u0159ipom\u00ednaj\u00ed n\u00e1m kr\u00e1sn\u00e9 zm\u011bny, kter\u00e9 p\u0159ich\u00e1zej\u00ed s ka\u017ed\u00fdm nov\u00fdm ro\u010dn\u00edm obdob\u00edm.<\/p>\n\n<\/div>\n<\/div>\n<div id=\"faq-question-1708788536822\" class=\"rank-math-list-item\">\n<h3 id='jak-inspirativn\u00ed-jarn\u00ed-cit\u00e1ty-vystihuj\u00ed-kr\u00e1su-p\u0159\u00edrody'  id=\"boomdevs_53\" class=\"rank-math-question \" ><strong>Jak inspirativn\u00ed jarn\u00ed cit\u00e1ty vystihuj\u00ed kr\u00e1su p\u0159\u00edrody?<\/strong><\/h3>\n<div class=\"rank-math-answer \">\n\n<p>Jarn\u00ed cit\u00e1ty \u010dasto popisuj\u00ed rozkv\u011bt kv\u011btin, sv\u011b\u017eest zelen\u011b, teplo slune\u010dn\u00edch paprsk\u016f a melodie pta\u010d\u00edho zp\u011bvu a vytv\u00e1\u0159ej\u00ed \u017eiv\u00fd obraz probouzej\u00edc\u00ed se p\u0159\u00edrody a p\u0159\u00edchodu jarn\u00edho rozkv\u011btu.<\/p>\n\n<\/div>\n<\/div>\n<div id=\"faq-question-1708788561120\" class=\"rank-math-list-item\">\n<h3 id='jak\u00e9-jsou-obl\u00edben\u00e9-jarn\u00ed-cit\u00e1ty-kter\u00e9-se-\u010dten\u00e1\u0159\u016fm-l\u00edb\u00ed'  id=\"boomdevs_54\" class=\"rank-math-question \" ><strong>Jak\u00e9 jsou obl\u00edben\u00e9 jarn\u00ed cit\u00e1ty, kter\u00e9 se \u010dten\u00e1\u0159\u016fm l\u00edb\u00ed?<\/strong><\/h3>\n<div class=\"rank-math-answer \">\n\n<p>Mezi obl\u00edben\u00e9 jarn\u00ed cit\u00e1ty pat\u0159\u00ed nap\u0159\u00edklad &#8220;<strong><em>Na ja\u0159e, na konci dne, bys m\u011bl b\u00fdt c\u00edtit jako hl\u00edna.<\/em><\/strong>&#8221; (Margaret Atwood), &#8220;<strong><em>\u017d\u00e1dn\u00e1 zima netrv\u00e1 v\u011b\u010dn\u011b, \u017e\u00e1dn\u00e9 jaro nep\u0159esko\u010d\u00ed sv\u016fj tah.<\/em><\/strong>&#8221; (Hal Borland) a &#8220;<strong><em>Duben vnesl do v\u0161eho ducha ml\u00e1d\u00ed.<\/em><\/strong>&#8221; (William Shakespeare).<\/p>\n\n<\/div>\n<\/div>\n<div id=\"faq-question-1708788595736\" class=\"rank-math-list-item\">\n<h3 id='jak-inspirativn\u00ed-jarn\u00ed-cit\u00e1ty-vystihuj\u00ed-lidskou-zku\u0161enost'  id=\"boomdevs_55\" class=\"rank-math-question \" ><strong>Jak inspirativn\u00ed jarn\u00ed cit\u00e1ty vystihuj\u00ed lidskou zku\u0161enost?<\/strong><\/h3>\n<div class=\"rank-math-answer \">\n\n<p>Jarn\u00ed cit\u00e1ty \u010dasto zosob\u0148uj\u00ed jaro jako symbol obnovy a r\u016fstu a odr\u00e1\u017eej\u00ed hlubok\u00e9 spojen\u00ed mezi p\u0159\u00edrodn\u00edmi cykly a emocemi lidsk\u00e9 du\u0161e. Oslavuj\u00ed p\u0159\u00edchod jara jako kr\u00e1snou zm\u011bnu, kter\u00e1 zasahuje do v\u0161ech oblast\u00ed \u017eivota.<\/p>\n\n<\/div>\n<\/div>\n<div id=\"faq-question-1708788623212\" class=\"rank-math-list-item\">\n<h3 id='pro\u010d-jsou-jarn\u00ed-cit\u00e1ty-obl\u00edben\u00e9-v-obdob\u00ed-obnovy'  id=\"boomdevs_56\" class=\"rank-math-question \" ><strong>Pro\u010d jsou jarn\u00ed cit\u00e1ty obl\u00edben\u00e9 v obdob\u00ed obnovy?<\/strong><\/h3>\n<div class=\"rank-math-answer \">\n\n<p>Jarn\u00ed cit\u00e1ty vystihuj\u00ed vzru\u0161en\u00ed z prvn\u00edho jarn\u00edho dne, radost z rozkv\u00e9taj\u00edc\u00edch t\u0159e\u0161n\u00ed a o\u010dek\u00e1v\u00e1n\u00ed teplej\u0161\u00edch a slune\u010dn\u011bj\u0161\u00edch dn\u016f, kter\u00e9 n\u00e1s \u010dekaj\u00ed, a proto jsou v tomto obdob\u00ed <strong>\u010derstv\u00fdch za\u010d\u00e1tk\u016f a nov\u00fdch mo\u017enost\u00ed<\/strong> obl\u00edben\u00e9.<\/p>\n\n<\/div>\n<\/div>\n<\/div>\n<\/div>\n<h2 id='mohlo-by-se-v\u00e1m-tak\u00e9-l\u00edbit'  id=\"boomdevs_57\" class=\"wp-block-heading has-text-color\" style=\"color:#ca9b52\" ><strong>Mohlo by se v\u00e1m tak\u00e9 l\u00edbit:<\/strong><\/h2>\n\n<p><strong><a href=\"https:\/\/luciepo.com\/single-valentine-day-quotes\/\" target=\"_blank\" rel=\"noreferrer noopener\">40 siln\u00fdch cit\u00e1t\u016f &#8220;Jak b\u00fdt svobodn\u00fd na Valent\u00fdna&#8221; &#8211; Lucie Po<\/a><\/strong><\/p>\n\n<p><strong><a href=\"https:\/\/luciepo.com\/inspirational-february-quotes-and-affirmations\/\" target=\"_blank\" data-type=\"URL\" data-id=\"https:\/\/luciepo.com\/inspirational-february-quotes-and-affirmations\/\" rel=\"noreferrer noopener\">20 + 20 inspirativn\u00edch \u00fanorov\u00fdch cit\u00e1t\u016f a afirmac\u00ed &#8211; Lucie Po<\/a><\/strong><\/p>\n\n<p><strong><a href=\"https:\/\/luciepo.com\/cs\/10-nejlepsich-uklidnujicich-knih-ke-cteni-pred-spanim\/\" target=\"_blank\" rel=\"noreferrer noopener\">10 nejlep\u0161\u00edch uklid\u0148uj\u00edc\u00edch knih ke \u010dten\u00ed p\u0159ed span\u00edm &#8211; Lucie Po<\/a><\/strong><\/p>\n\n<p><strong>L\u00edb\u00ed se v\u00e1m to? Sd\u00edlejte ji na Pinterestu!<\/strong><\/p>\n\n<div class=\"wp-block-columns is-layout-flex wp-container-3 wp-block-columns-is-layout-flex\">\n<div class=\"wp-block-column is-layout-flow wp-block-column-is-layout-flow\">\n<figure class=\"wp-block-image size-large\"><a href=\"https:\/\/www.pinterest.com\/lucieposp\/\" target=\"_blank\" rel=\"noopener\"><img decoding=\"async\" loading=\"lazy\" width=\"576\" height=\"1024\" src=\"https:\/\/luciepo.com\/wp-content\/uploads\/2023\/02\/hello-spring-quotes-576x1024.png\" alt=\"kr&#xE1;tk&#xE9; inspirativn&#xED; jarn&#xED; cit&#xE1;ty&#10;\" class=\"wp-image-2171\" srcset=\"https:\/\/luciepo.com\/wp-content\/uploads\/2023\/02\/hello-spring-quotes-576x1024.png 576w, https:\/\/luciepo.com\/wp-content\/uploads\/2023\/02\/hello-spring-quotes-169x300.png 169w, https:\/\/luciepo.com\/wp-content\/uploads\/2023\/02\/hello-spring-quotes-768x1365.png 768w, https:\/\/luciepo.com\/wp-content\/uploads\/2023\/02\/hello-spring-quotes-864x1536.png 864w, https:\/\/luciepo.com\/wp-content\/uploads\/2023\/02\/hello-spring-quotes-600x1067.png 600w, https:\/\/luciepo.com\/wp-content\/uploads\/2023\/02\/hello-spring-quotes.png 1080w\" sizes=\"(max-width: 576px) 100vw, 576px\" \/><\/a><\/figure>\n<\/div>\n\n\n\n<div class=\"wp-block-column is-layout-flow wp-block-column-is-layout-flow\">\n<figure class=\"wp-block-image size-large\"><a href=\"https:\/\/www.pinterest.com\/lucieposp\/\" target=\"_blank\" rel=\"noopener\"><img decoding=\"async\" loading=\"lazy\" width=\"576\" height=\"1024\" src=\"https:\/\/luciepo.com\/wp-content\/uploads\/2023\/02\/spring-quotes-short-576x1024.png\" alt=\"cit&#xE1;ty o jaru a nov&#xFD;ch za&#x10D;&#xE1;tc&#xED;ch&#10;\" class=\"wp-image-2172\" srcset=\"https:\/\/luciepo.com\/wp-content\/uploads\/2023\/02\/spring-quotes-short-576x1024.png 576w, https:\/\/luciepo.com\/wp-content\/uploads\/2023\/02\/spring-quotes-short-169x300.png 169w, https:\/\/luciepo.com\/wp-content\/uploads\/2023\/02\/spring-quotes-short-768x1365.png 768w, https:\/\/luciepo.com\/wp-content\/uploads\/2023\/02\/spring-quotes-short-864x1536.png 864w, https:\/\/luciepo.com\/wp-content\/uploads\/2023\/02\/spring-quotes-short-600x1067.png 600w, https:\/\/luciepo.com\/wp-content\/uploads\/2023\/02\/spring-quotes-short.png 1080w\" sizes=\"(max-width: 576px) 100vw, 576px\" \/><\/a><\/figure>\n<\/div>\n<\/div>\n\n<figure class=\"wp-block-image size-large\"><a href=\"https:\/\/lucie_sleepcoach.ck.page\/2bf949ef13\" target=\"_blank\" rel=\"noopener\"><img decoding=\"async\" loading=\"lazy\" width=\"1024\" height=\"1024\" src=\"https:\/\/luciepo.com\/wp-content\/uploads\/2023\/01\/personal-growth-journal-prompts-pdf-1024x1024.png\" alt=\"r&#x16F;st motivace\" class=\"wp-image-1946\" srcset=\"https:\/\/luciepo.com\/wp-content\/uploads\/2023\/01\/personal-growth-journal-prompts-pdf-1024x1024.png 1024w, https:\/\/luciepo.com\/wp-content\/uploads\/2023\/01\/personal-growth-journal-prompts-pdf-300x300.png 300w, https:\/\/luciepo.com\/wp-content\/uploads\/2023\/01\/personal-growth-journal-prompts-pdf-150x150.png 150w, https:\/\/luciepo.com\/wp-content\/uploads\/2023\/01\/personal-growth-journal-prompts-pdf-768x768.png 768w, https:\/\/luciepo.com\/wp-content\/uploads\/2023\/01\/personal-growth-journal-prompts-pdf-600x600.png 600w, https:\/\/luciepo.com\/wp-content\/uploads\/2023\/01\/personal-growth-journal-prompts-pdf-100x100.png 100w, https:\/\/luciepo.com\/wp-content\/uploads\/2023\/01\/personal-growth-journal-prompts-pdf.png 1080w\" sizes=\"(max-width: 1024px) 100vw, 1024px\" \/><\/a><\/figure>\n","protected":false},"excerpt":{"rendered":"<p>Pokud hled\u00e1te n\u011bjak\u00e9 informace a povzbuzen\u00ed na za\u010d\u00e1tek nov\u00e9ho jarn\u00edho obdob\u00ed, nehledejte nic jin\u00e9ho. Najdete zde \u0159adu inspirativn\u00edch v\u00fdrok\u016f, kter\u00e9 v\u00e1m maj\u00ed v t\u011bchto nejist\u00fdch \u010dasech zlep\u0161it n\u00e1ladu. Od ver\u0161\u016f klasick\u00fdch autor\u016f, kter\u00e9 nut\u00ed k zamy\u0161len\u00ed, a\u017e po cit\u00e1ty sou\u010dasn\u00fdch b\u00e1sn\u00edk\u016f &#8211; ka\u017ed\u00fd z nich v\u00e1m jist\u011b zvedne n\u00e1ladu a pom\u016f\u017ee v\u00e1m p\u0159ekonat jarn\u00ed obdob\u00ed. Usa\u010fte se tedy s \u0161\u00e1lkem \u010daje a nechte se un\u00e1\u0161et t\u011bmito povzbudiv\u00fdmi v\u00fdrazy; je \u010das p\u0159ipravit se na nov\u00fd r\u016fst, kter\u00fd p\u0159ich\u00e1z\u00ed s t\u00edmto zvl\u00e1\u0161tn\u00edm ro\u010dn\u00edm obdob\u00edm! Jaro je obdob\u00edm obnovy a znovuzrozen\u00ed a je to ide\u00e1ln\u00ed \u010das pro hled\u00e1n\u00ed motivace a povzbuzen\u00ed. A\u0165 v\u00e1m tyto inspirativn\u00ed cit\u00e1ty zvednou n\u00e1ladu a vnesou do va\u0161eho \u017eivota trochu optimismu v tomto kr\u00e1sn\u00e9m jarn\u00edm obdob\u00ed! V\u00fdznam jara Jaro nen\u00ed jen zm\u011bnou po\u010das\u00ed, je to metaforick\u00e9 zn\u00e1zorn\u011bn\u00ed \u017eivota jako takov\u00e9ho. Znamen\u00e1 konec drsn\u00fdch podm\u00ednek a p\u0159\u00edchod obdob\u00ed pln\u00e9ho nad\u011bje, r\u016fstu a nov\u00fdch p\u0159\u00edle\u017eitost\u00ed. Objeven\u00ed barevn\u00fdch kv\u011bt\u016f, n\u00e1vrat zp\u00edvaj\u00edc\u00edch pt\u00e1k\u016f a del\u0161\u00ed dny zalit\u00e9 sluncem p\u0159isp\u00edvaj\u00ed k pocitu omlazen\u00ed, kter\u00fd jaro p\u0159in\u00e1\u0161\u00ed. Je to \u010das, kdy n\u00e1m p\u0159\u00edroda ukazuje neuv\u011b\u0159itelnou s\u00edlu odolnosti a p\u0159ipom\u00edn\u00e1 n\u00e1m, \u017ee i po nejchladn\u011bj\u0161\u00edch a nejtemn\u011bj\u0161\u00edch obdob\u00edch m\u016f\u017ee kr\u00e1sa znovu rozkv\u00e9st. S\u00edla pozitivn\u00edch cit\u00e1t\u016f Pozitivn\u00ed cit\u00e1ty maj\u00ed pozoruhodnou schopnost pozvednout na\u0161i n\u00e1ladu a zm\u011bnit n\u00e1\u0161 pohled na v\u011bc. Slou\u017e\u00ed jako jemn\u00e1 p\u0159ipom\u00ednka p\u0159irozen\u00e9 kr\u00e1sy a radosti, kterou \u017eivot nab\u00edz\u00ed. Pozitivn\u00ed cit\u00e1ty mohou v kontextu jara umocnit pocity nad\u011bje, optimismu a \u0161t\u011bst\u00ed, kter\u00fdch je v tomto ro\u010dn\u00edm obdob\u00ed u\u017e tak dost. Kdy\u017e se pono\u0159\u00edme do moudrosti a inspirace druh\u00fdch, m\u016f\u017eeme vyu\u017e\u00edt svou vlastn\u00ed vnit\u0159n\u00ed s\u00edlu a p\u0159ijmout transformativn\u00ed s\u00edlu jara. Prozkoumejme tyto cit\u00e1ty v r\u016fzn\u00fdch kategori\u00edch, abychom vystihli podstatu jara. Cit\u00e1ty s vysv\u011btlen\u00edm 1. &#8220;Jaro je zp\u016fsob, jak\u00fdm p\u0159\u00edroda \u0159\u00edk\u00e1: &#8220;Poj\u010fme se bavit!&#8221;&#8221; &#8211; Robin Williams Jaro je ide\u00e1ln\u00ed p\u0159\u00edle\u017eitost\u00ed k oslav\u011b \u017eivota a v\u0161eho, co toto obdob\u00ed nab\u00edz\u00ed. A\u0165 u\u017e je to kr\u00e1sn\u00e1 rozkvetl\u00e1 kv\u011btina, n\u00e1dhern\u00fd slune\u010dn\u00fd den nebo vo\u0148av\u00e1 de\u0161\u0165ov\u00e1 p\u0159eh\u00e1\u0148ka &#8211; p\u0159\u00edroda se n\u00e1m na ja\u0159e ur\u010dit\u011b p\u0159edvede. Nezapome\u0148te si tedy u\u017e\u00edt v\u0161e, co jaro nab\u00edz\u00ed, a ka\u017ed\u00fd den si u\u017eijte p\u00e1rty! 2. &#8220;P\u0159i\u0161lo kr\u00e1sn\u00e9 jaro, a kdy\u017e p\u0159\u00edroda znovu o\u017eije svou kr\u00e1sou, o\u017eije i lidsk\u00e1 du\u0161e.&#8221; &#8211; Harriet Ann Jacobsov\u00e1 Jaro je ide\u00e1ln\u00ed \u010das pro nov\u00fd za\u010d\u00e1tek. Je to p\u0159ipom\u00ednka toho, \u017ee i v t\u011bch nejtemn\u011bj\u0161\u00edch dnech se nakonec vr\u00e1t\u00ed kr\u00e1sa a nad\u011bje. Tento inspirativn\u00ed cit\u00e1t Harriet Anne Jacobsov\u00e9 dokonale vyjad\u0159uje pocit omlazen\u00ed a nov\u00e9ho \u017eivota, kter\u00fd p\u0159ich\u00e1z\u00ed s p\u0159\u00edchodem jara. Kdy\u017e se na chv\u00edli zastav\u00edme a obdivujeme v\u0161echnu tu kr\u00e1su kolem n\u00e1s, sn\u00e1ze ocen\u00edme, jak je \u017eivot skute\u010dn\u011b vz\u00e1cn\u00fd. 3. &#8220;Kv\u011btiny jsou v\u017edycky pro ty, kdo je cht\u011bj\u00ed vid\u011bt.&#8221; &#8211; Henri Matisse Pro ty, kte\u0159\u00ed se sna\u017e\u00ed udr\u017eet si pozitivn\u00ed pohled na \u017eivot, je tento cit\u00e1t Henriho Matisse dokonalou p\u0159ipom\u00ednkou toho, \u017ee i kdy\u017e se sv\u011bt kolem n\u00e1s zd\u00e1 b\u00fdt bez\u00fat\u011b\u0161n\u00fd, v\u017edy v n\u011bm bude kr\u00e1sa, pokud se ji rozhodneme hledat. Vypov\u00edd\u00e1 o s\u00edle pohledu dovnit\u0159, kde m\u016f\u017eeme objevit vnit\u0159n\u00ed s\u00edlu a klid. Bez ohledu na to, jak \u0161patn\u011b se v\u00e1m n\u011bkdy v\u011bci mohou zd\u00e1t, skute\u010dn\u00e1 svoboda spo\u010d\u00edv\u00e1 ve va\u0161\u00ed vlastn\u00ed perspektiv\u011b. 4. &#8220;Zaj\u00edmat se o st\u0159\u00edd\u00e1n\u00ed ro\u010dn\u00edch obdob\u00ed je \u0161\u0165astn\u011bj\u0161\u00ed stav mysli ne\u017e b\u00fdt beznad\u011bjn\u011b zamilovan\u00fd do jara.&#8221; &#8211; George Santayana Jaro je \u010dasto spojov\u00e1no s radost\u00ed, r\u016fstem a nad\u011bj\u00ed, ale \u017eivot takov\u00fd v\u017edy nen\u00ed. M\u00edsto abychom se ztr\u00e1celi v p\u0159edstav\u011b dokonalosti a idylick\u00e9ho sv\u011bta (kter\u00fd neexistuje), m\u011bli bychom se nau\u010dit oce\u0148ovat st\u0159\u00edd\u00e1n\u00ed ro\u010dn\u00edch obdob\u00ed. Tento cit\u00e1t je d\u016fle\u017eitou p\u0159ipom\u00ednkou pro ka\u017ed\u00e9ho, kdo pot\u0159ebuje trochu povzbudit: je v po\u0159\u00e1dku b\u00fdt zv\u011bdav\u00fd na ka\u017ed\u00e9 ro\u010dn\u00ed obdob\u00ed a u\u017e\u00edvat si v\u0161ech jeho jedine\u010dn\u00fdch nab\u00eddek, ani\u017e bychom na sebe p\u0159\u00edli\u0161 tla\u010dili. 5. &#8220;Jaro ukazuje, co B\u016fh dok\u00e1\u017ee ud\u011blat s \u0161ediv\u00fdm a \u0161pinav\u00fdm sv\u011btem.&#8221; &#8211; Virgil A. Kraft Tento cit\u00e1t Virgila Krafta n\u00e1m p\u0159ipom\u00edn\u00e1, \u017ee sv\u011bt nen\u00ed v\u017edy takov\u00fd, jak se zd\u00e1 v chladn\u00e9 a temn\u00e9 zim\u011b. Kdy\u017e p\u0159ijde jaro, m\u016f\u017eeme vid\u011bt Bo\u017e\u00ed d\u00edlo, kter\u00e9 p\u0159in\u00e1\u0161\u00ed sv\u011btu nov\u00fd \u017eivot a kr\u00e1su. Jaro je pln\u00e9 mo\u017enost\u00ed a potenci\u00e1lu, proto\u017ee kvetou kv\u011btiny a pt\u00e1ci se st\u011bhuj\u00ed za hn\u00edzd\u011bn\u00edm do teplej\u0161\u00edch krajin. Kdy\u017e si ud\u011bl\u00e1me \u010das na to, abychom se t\u011b\u0161ili z prost\u00fdch Bo\u017e\u00edch stvo\u0159en\u00ed a skutk\u016f, m\u016f\u017eeme si v\u00e1\u017eit tohoto obdob\u00ed pro jeho kr\u00e1su a p\u0159\u00edslib toho, co teprve p\u0159ijde. S ka\u017ed\u00fdm dal\u0161\u00edm obdob\u00edm a miln\u00edkem se m\u016f\u017eeme pou\u010dit ze v\u0161ech \u010d\u00e1st\u00ed \u017eivota, pokud si jen ud\u011bl\u00e1me \u010das na jejich pozorov\u00e1n\u00ed. 6. &#8220;Je to jarn\u00ed hore\u010dka. Tak se to jmenuje. A kdy\u017e ji m\u00e1\u0161, chce\u0161 &#8211; ach, nev\u00ed\u0161 p\u0159esn\u011b, co chce\u0161, ale docela t\u011b z toho bol\u00ed srdce, tak moc to chce\u0161!&#8221; -Mark Twain Tento vesel\u00fd a optimistick\u00fd cit\u00e1t Marka Twaina vystihuje p\u0159\u00edslib, \u017ee jaro v\u00e1s obnov\u00ed. S prodlu\u017euj\u00edc\u00edmi se a jasn\u011bj\u0161\u00edmi dny si dovolte zbavit se starost\u00ed a u\u017e\u00edvat si radosti, kterou jaro p\u0159in\u00e1\u0161\u00ed. Osv\u011b\u017ete se a na\u010derpejte energii d\u00edky kr\u00e1sn\u00fdm pohled\u016fm, zvuk\u016fm a v\u016fn\u00edm! 7. &#8220;Kdybychom nem\u011bli zimu, jaro by nebylo tak p\u0159\u00edjemn\u00e9; kdybychom ob\u010das neokusili nep\u0159\u00edze\u0148 osudu, blahobyt by nebyl tak v\u00edtan\u00fd.&#8221; -Anne Bradstreetov\u00e1 Cit\u00e1t slavn\u00e9 purit\u00e1nsk\u00e9 b\u00e1sn\u00ed\u0159ky Anne Bradstreetov\u00e9 n\u00e1m p\u0159ipom\u00edn\u00e1 kr\u00e1su rovnov\u00e1hy a d\u016fle\u017eitost kontrast\u016f. Br\u00e1t dobr\u00e9 i zl\u00e9 n\u00e1m umo\u017e\u0148uje ocenit v\u00fdkyvy \u017eivota. Na opl\u00e1tku m\u016f\u017eeme nejen vychutn\u00e1vat klid, ale tak\u00e9 p\u0159ijmout nejistotu. 8. &#8220;Te\u010f je \u010das vst\u00e1t z postele a s chut\u00ed si zatan\u010dit na tr\u00e1v\u011b kv\u016fli dne\u0161n\u00edmu dni a v\u0161emu, co n\u00e1m \u017eivot nad\u011blil! Tohle je na\u0161e chv\u00edle! Carpe diem!&#8221; &#8211; Steve Maraboli Tento cit\u00e1t autora, \u0159e\u010dn\u00edka a behavior\u00e1ln\u00edho v\u011bdce Steva Maraboliho n\u00e1s inspiruje k tomu, abychom vyu\u017eili ka\u017ed\u00fd okam\u017eik a p\u0159ijali dary \u017eivota. Jaro je \u010dasem obnovy a nad\u011bje, a proto se inspirujte t\u00edmto cit\u00e1tem a usilujte o dosa\u017een\u00ed sv\u00fdch c\u00edl\u016f, vychutn\u00e1vejte si radost a vd\u011b\u010dnost. 9. &#8220;Den, kdy Hospodin stvo\u0159il nad\u011bji, byl pravd\u011bpodobn\u011b stejn\u00fd jako den, kdy stvo\u0159il jaro.&#8221; -Bernard Williams Tento cit\u00e1t oslavuje kr\u00e1su, kter\u00e1 p\u0159ich\u00e1z\u00ed s jarem, a povzbuzuje n\u00e1s, abychom m\u011bli nad\u011bji i v nejist\u00fdch \u010dasech. Obdob\u00ed probuzen\u00ed n\u00e1m p\u0159ipom\u00edn\u00e1, \u017ee m\u00e1me b\u00fdt pln\u00ed nad\u011bje, zejm\u00e9na kdy\u017e \u010del\u00edme \u017eivotn\u00edm t\u011b\u017ekostem, a proto tento cit\u00e1t rezonuje. Na ja\u0159e si ud\u011blejte \u010das na zastaven\u00ed a zamy\u0161len\u00ed nad nad\u011bj\u00ed, kter\u00e1 je kl\u00ed\u010dovou sou\u010d\u00e1st\u00ed skute\u010dn\u00e9 spokojenosti a radosti. 10. &#8220;Jedin\u00fdm omezen\u00edm na\u0161\u00ed realizace z\u00edt\u0159ka budou na\u0161e pochybnosti o dne\u0161ku.&#8221; &#8211; Franklin D. Roosevelt Tento inspirativn\u00ed cit\u00e1t Franklina D. Roosevelta n\u00e1m p\u0159ipom\u00edn\u00e1 na\u0161e optimistick\u00e9 mo\u017enosti do budoucna a to, jak n\u00e1m pochybnosti mohou br\u00e1nit v jejich realizaci. Je to n\u00e1dhern\u00e1 p\u0159ipom\u00ednka, abychom se s v\u00edrou, nad\u011bj\u00ed a odhodl\u00e1n\u00edm chopili nov\u00fdch n\u00e1pad\u016f a p\u0159\u00edle\u017eitost\u00ed a vstoupili do nov\u00e9ho, sv\u011btlej\u0161\u00edho obdob\u00ed! 11. &#8220;Zasadit zahradu znamen\u00e1 v\u011b\u0159it v z\u00edt\u0159ek.&#8221; &#8211; Audrey Hepburn Cit\u00e1t Audrey Hepburnov\u00e9 p\u0159ipom\u00edn\u00e1, \u017ee a\u010dkoli zima m\u016f\u017ee b\u00fdt \u010dasto dlouh\u00e1 a \u0161ediv\u00e1, jaro s sebou v\u017edy p\u0159in\u00e1\u0161\u00ed mo\u017enost za\u010d\u00edt znovu. Zalo\u017een\u00ed zahrady je projevem v\u00edry, \u017ee i v t\u011bch nejhor\u0161\u00edch \u010dasech brzy vyroste n\u011bco kr\u00e1sn\u00e9ho. Je to p\u0159ipom\u00ednka toho, abychom se nevzd\u00e1vali nad\u011bje a pokra\u010dovali vp\u0159ed, a\u0165 se d\u011bje, co se d\u011bje! 12. &#8220;\u017divot za\u010d\u00edn\u00e1 znovu, kdy\u017e roztaje sn\u00edh a tr\u00e1va se zazelen\u00e1.&#8221; &#8211; Nezn\u00e1m\u00fd Jaro symbolizuje nad\u011bji, potenci\u00e1l a \u0161anci za\u010d\u00edt znovu. Po m\u011bs\u00edc\u00edch, kdy jsme se pot\u00fdkali s n\u00edzk\u00fdmi teplotami a nep\u0159\u00edzn\u00ed po\u010das\u00ed, n\u00e1m jaro nab\u00edz\u00ed nejen teplej\u0161\u00ed po\u010das\u00ed, ale tak\u00e9 n\u00e1s p\u0159ibli\u017euje k p\u0159\u00edrod\u011b. S prodlu\u017euj\u00edc\u00edmi se a jasn\u011bj\u0161\u00edmi dny je to ide\u00e1ln\u00ed p\u0159\u00edle\u017eitost k bilancov\u00e1n\u00ed sv\u00e9ho \u017eivota a p\u0159ehodnocen\u00ed sv\u00fdch c\u00edl\u016f. Je to \u010das obnovy a omlazen\u00ed, kdy hled\u00e1te inspiraci v tomto ro\u010dn\u00edm obdob\u00ed. 13. &#8220;Jaro stimuluje obnovu a znovuzrozen\u00ed po dlouh\u00e9m zimn\u00edm sp\u00e1nku.&#8221; &#8211; Terri Guillemets Jaro je obdob\u00edm nov\u00e9ho objevov\u00e1n\u00ed, kdy se m\u016f\u017eeme obr\u00e1tit na p\u0159\u00edrodu, aby n\u00e1m poradila, jak za\u010d\u00edt znovu. Kdy\u017e pozorujeme, jak se rostliny a zv\u00ed\u0159ata s tepl\u00fdm po\u010das\u00edm znovu rod\u00ed, nach\u00e1z\u00edme s\u00edlu \u0159e\u0161it sv\u00e9 v\u00fdzvy a vyu\u017e\u00edt sv\u016fj vlastn\u00ed potenci\u00e1l. Tento cit\u00e1t v\u00e1s vyb\u00edz\u00ed k tomu, abyste jaro vyu\u017eili jako obdob\u00ed osobn\u00edho r\u016fstu, kdy se m\u016f\u017eete odpoutat od star\u00fdch vzorc\u016f a rozkv\u00e9st v n\u011bco \u00fa\u017easn\u00e9ho. 14. &#8220;Sv\u011bt je bl\u00e1tiv\u00fd a b\u00e1je\u010dn\u00fd.&#8221; &#8211; E. E. Cummings Tento kr\u00e1sn\u00fd cit\u00e1t od kultovn\u00edho americk\u00e9ho b\u00e1sn\u00edka E. E. Cummingse dokonale vystihuje pocit obnovy, kter\u00fd je c\u00edtit ve vzduchu, kdy\u017e p\u0159ich\u00e1z\u00ed jaro. V\u0161echno je pln\u00e9 \u017eivota &#8211; stromy jsou pokryt\u00e9 rozkvetl\u00fdmi kv\u011bty a d\u00e9\u0161\u0165 o\u017eivuje \u017eiv\u00e9 v\u016fn\u011b, kter\u00e9 n\u00e1m celou zimu chyb\u011bly. Jaro je n\u00e1dhern\u00fd \u010das, kdy se m\u016f\u017eeme znovu spojit s p\u0159\u00edrodou, zamyslet se nad vlastn\u00edm \u017eivotem a u\u017e\u00edvat si \u017eivota! 15. &#8220;A\u0165 je zima jakkoli dlouh\u00e1, jaro ur\u010dit\u011b p\u0159ijde.&#8221; &#8211; P\u0159\u00edslov\u00ed V\u0161ichni jsme za\u017eili t\u011b\u017ek\u00e9 \u010dasy, zimn\u00ed blues a chv\u00edle, kdy se n\u00e1m zd\u00e1lo, \u017ee je toho na n\u00e1s moc. Tento cit\u00e1t je v\u0161ak skv\u011blou p\u0159ipom\u00ednkou toho, \u017ee t\u011b\u017ek\u00e9 \u010dasy m\u016f\u017eeme zvl\u00e1dnout, a\u0165 u\u017e trvaj\u00ed jakkoli dlouho. Jaro n\u00e1s v\u017edy jist\u011b bude n\u00e1sledovat a p\u0159inese n\u00e1m novou s\u00edlu, nad\u011bji a \u0161t\u011bst\u00ed. 16. &#8220;Na ja\u0159e, na konci dne, bys m\u011bl smrd\u011bt jako hl\u00edna.&#8221; &#8211; Margaret Atwoodov\u00e1 Slova spisovatelky Margaret Atwoodov\u00e9 n\u00e1m p\u0159ipom\u00ednaj\u00ed, \u017ee po v\u0161\u00ed t\u00e9 d\u0159in\u011b bychom m\u011bli b\u00fdt schopni vn\u00edmat a oce\u0148ovat kr\u00e1su, kterou n\u00e1m p\u0159\u00edroda p\u0159in\u00e1\u0161\u00ed. Jaro nab\u00edz\u00ed n\u00e1dhernou \u0161k\u00e1lu barev, v\u016fn\u00ed a zvuk\u016f, kter\u00e9 n\u00e1s mohou p\u0159en\u00e9st do sv\u011bta radosti a nad\u011bje. A\u0165 v\u00e1s tento cit\u00e1t na k\u0159\u00eddlech vynese do teplej\u0161\u00edho po\u010das\u00ed! 17. &#8220;Optimismus je v\u00edra, kter\u00e1 vede k \u00fasp\u011bchu. Bez nad\u011bje a d\u016fv\u011bry nelze nic dok\u00e1zat.&#8221; &#8211; Helen Kellerov\u00e1 Slova Helen Kellerov\u00e9 se mohou zd\u00e1t t\u011b\u017eko pochopiteln\u00e1, ale kdy\u017e si uv\u011bdom\u00edte jej\u00ed t\u011b\u017ekosti a \u00fasp\u011bchy, bude v\u00e1m jejich poselstv\u00ed jasn\u00e9. I tv\u00e1\u0159\u00ed v tv\u00e1\u0159 nep\u0159\u00edzni osudu je mo\u017en\u00e9 m\u00edt nad\u011bji a zachovat si optimistick\u00fd pohled na v\u011bc. Kdy\u017e si tv\u00e1\u0159\u00ed v tv\u00e1\u0159 v\u00fdzv\u00e1m zachov\u00e1me pozitivn\u00ed p\u0159\u00edstup, je mo\u017en\u00e9 v\u0161echno! 18. &#8220;Neexistuj\u00ed \u017e\u00e1dn\u00e1 omezen\u00ed toho, \u010deho m\u016f\u017eete dos\u00e1hnout, krom\u011b omezen\u00ed, kter\u00e1 si kladete ve sv\u00e9m vlastn\u00edm my\u0161len\u00ed.&#8221; &#8211; Brian Tracy Slova Briana Tracyho mluv\u00ed pravdu &#8211; na\u0161e my\u0161lenky \u010dasto omezuj\u00ed potenci\u00e1l, kter\u00fd m\u00e1me, abychom projevili \u00fasp\u011bch a radost. Pokud chcete za\u017e\u00edt v\u00edce kr\u00e1sy \u017eivota, mus\u00edte se rozhodnout myslet pozitivn\u011b a v\u011b\u0159it ve sv\u00e9 schopnosti. Jaro je ide\u00e1ln\u00edm obdob\u00edm pro p\u011bstov\u00e1n\u00ed optimistick\u00e9ho postoje, kdy se na sv\u016fj \u017eivot pod\u00edv\u00e1te nov\u00fdm pohledem a za\u010dnete znovu. S pozitivn\u00edm my\u0161len\u00edm, odhodl\u00e1n\u00edm a tvrdou prac\u00ed se ned\u00e1 ni\u010deho dos\u00e1hnout! 19. &#8220;Vyj\u00edt se zapadaj\u00edc\u00edm sluncem na pr\u00e1zdnou pl\u00e1\u017e znamen\u00e1 skute\u010dn\u011b p\u0159ijmout svou samotu.&#8221; &#8211; Jeanne Moreau Tento dojemn\u00fd cit\u00e1t poch\u00e1z\u00ed od francouzsk\u00e9 here\u010dky Jeanne Moreau a vypov\u00edd\u00e1 o s\u00edle samoty a osam\u011blosti. B\u00fdt venku se zapadaj\u00edc\u00edm sluncem znamen\u00e1 uv\u011bdomit si, \u017ee i kdy\u017e jste sami, sta\u010d\u00edte a \u017ee va\u0161e vlastn\u00ed s\u00edla v\u00e1s m\u016f\u017ee dostat p\u0159es cokoli. A\u0165 u\u017e pot\u0159ebujete chvilku \u00fat\u011bchy, nebo jen \u00fanik od ka\u017edodenn\u00edho shonu, vyu\u017eijte t\u00e9to p\u0159\u00edle\u017eitosti a vyjd\u011bte ven, abyste ocenili kr\u00e1su p\u0159\u00edrody kolem sebe. 20. &#8220;M\u016f\u017eete ost\u0159\u00edhat v\u0161echny kv\u011btiny, ale jaro nezastav\u00edte.&#8221; &#8211; Pablo Neruda Tento vesel\u00fd cit\u00e1t obl\u00edben\u00e9ho chilsk\u00e9ho b\u00e1sn\u00edka v\u00e1s jist\u011b povzbud\u00ed p\u0159i zm\u011bn\u011b ro\u010dn\u00edch obdob\u00ed. Jaro je \u010dasem nov\u00fdch za\u010d\u00e1tk\u016f a tento cit\u00e1t n\u00e1m p\u0159ipom\u00edn\u00e1, \u017ee a\u0165 d\u011bl\u00e1me, co d\u011bl\u00e1me, p\u0159\u00edroda si jde svou cestou a r\u016fst a obnova jsou v\u017edy mo\u017en\u00e9. 21. &#8220;Jaro p\u0159in\u00e1\u0161\u00ed nov\u00fd \u017eivot a novou kr\u00e1su v\u0161emu, co je.&#8221; &#8211; Jessica Harrelson Jaro je obdob\u00edm obnovy, r\u016fstu a nad\u011bje. Je to doba, kdy se p\u0159\u00edroda po obdob\u00ed zimn\u00edho sp\u00e1nku znovu rod\u00ed a rozkv\u00e9t\u00e1 k \u017eivotu. Tento cit\u00e1t Jessicy Harrelsonov\u00e9 v\u00e1m p\u0159ipomene, \u017ee bez ohledu na to, s jak\u00fdmi probl\u00e9my jste se dosud pot\u00fdkali, jste v\u017edy schopni za\u010d\u00edt n\u011bco nov\u00e9ho. Energii tohoto obdob\u00ed m\u016f\u017eete vyu\u017e\u00edt k ocen\u011bn\u00ed kr\u00e1sy, nalezen\u00ed inspirace a uskute\u010dn\u011bn\u00ed sv\u00fdch sn\u016f. 22. &#8220;Kdyby se lid\u00e9 nem\u011bli r\u00e1di, opravdu nev\u00edm, k \u010demu by bylo n\u011bjak\u00e9 jaro.&#8221; &#8211; Victor Hugo Jaro je synonymem l\u00e1sky a nov\u00fdch za\u010d\u00e1tk\u016f. Inspirativn\u00ed cit\u00e1t Victora Huga n\u00e1m p\u0159ipom\u00edn\u00e1, abychom si ud\u011blali \u010das a ocenili kr\u00e1su, kterou toto obdob\u00ed p\u0159in\u00e1\u0161\u00ed, a tak\u00e9 radost, kterou p\u0159in\u00e1\u0161\u00ed, kdy\u017e se sna\u017e\u00edme projevit si vz\u00e1jemnou l\u00e1sku. S\u00edla tohoto pocitu n\u00e1m m\u016f\u017ee pomoci vn\u00e9st do \u017eivota \u0161t\u011bst\u00ed i v t\u011b\u017ek\u00fdch chv\u00edl\u00edch. Tak se ozv\u011bte a \u0159ekn\u011bte n\u011bkomu, \u017ee v\u00e1m na n\u011bm z\u00e1le\u017e\u00ed &#8211; nikdy nev\u00edte, jak dob\u0159e to pro n\u011bj (nebo pro v\u00e1s) dopadne! 23. &#8220;Na ja\u0159e jsem b\u011bhem 24 hodin napo\u010d\u00edtal 136 r\u016fzn\u00fdch druh\u016f po\u010das\u00ed.&#8221; &#8211; Mark Twain Twain\u016fv vtipn\u011b kr\u00e1tk\u00fd a mil\u00fd cit\u00e1t n\u00e1m p\u0159ipom\u00edn\u00e1 nep\u0159edv\u00eddatelnost p\u0159\u00edrody, kterou jsme jist\u011b za\u017eili na ja\u0159e 2020. Skute\u010dnost, \u017ee b\u011bhem jednoho dne m\u016f\u017ee b\u00fdt tolik druh\u016f po\u010das\u00ed, vypov\u00edd\u00e1 o slo\u017eitosti a kr\u00e1se na\u0161eho sv\u011bta. A p\u0159esto\u017ee to na prvn\u00ed pohled nen\u00ed nijak zvl\u00e1\u0161\u0165 povzbudiv\u00e9, pom\u00e1h\u00e1 n\u00e1m to p\u0159ipomenout, \u017ee po de\u0161ti obvykle n\u00e1sleduje slune\u010dn\u00ed svit. 24. &#8220;\u010casn\u00e9 jaro je \u010dasem razantn\u00edch zm\u011bn, p\u0159\u00edpravou na nadch\u00e1zej\u00edc\u00ed \u00fatlak zp\u016fsoben\u00fd horkem.&#8221; &#8211; Henry Rollins P\u0159ipravte se na obdob\u00ed nov\u00fdch za\u010d\u00e1tk\u016f a r\u016fstu d\u00edky tomuto povzbudiv\u00e9mu cit\u00e1tu americk\u00e9ho hudebn\u00edka, spisovatele a b\u00e1sn\u00edka Henryho Rollinse. Mluv\u00ed o tom, \u017ee&#8230;<\/p>\n","protected":false},"author":1,"featured_media":8732,"comment_status":"open","ping_status":"open","sticky":false,"template":"","format":"standard","meta":{"_eb_attr":"","cos_headline_score":0,"cos_seo_score":0,"cos_headline_text":"","cos_headline_has_been_analyzed":false,"cos_last_analyzed_headline":[],"_lmt_disableupdate":"","_lmt_disable":"","footnotes":""},"categories":[150],"tags":[],"ppma_author":[115],"modified_by":null,"acf":[],"authors":[{"term_id":115,"user_id":1,"is_guest":0,"slug":"lucie-pospechova92gmail-com","display_name":"Lucie Pospechova","avatar_url":"https:\/\/secure.gravatar.com\/avatar\/233d2c822e5d73b3ec29ee7289f7af27?s=96&d=mm&r=g","user_url":"http:\/\/luciepo.com","last_name":"Pospechova","first_name":"Lucie","description":"Hello, I'm Lucie, a 31-year-old advocate for personal development and holistic well-being. Through this blog, I share practical insights and inspiring stories to help you thrive in every aspect of your life. Let's embark on this transformative journey together. \r\nWarm regards, Lucie."}],"_links":{"self":[{"href":"https:\/\/luciepo.com\/cs\/wp-json\/wp\/v2\/posts\/8867"}],"collection":[{"href":"https:\/\/luciepo.com\/cs\/wp-json\/wp\/v2\/posts"}],"about":[{"href":"https:\/\/luciepo.com\/cs\/wp-json\/wp\/v2\/types\/post"}],"author":[{"embeddable":true,"href":"https:\/\/luciepo.com\/cs\/wp-json\/wp\/v2\/users\/1"}],"replies":[{"embeddable":true,"href":"https:\/\/luciepo.com\/cs\/wp-json\/wp\/v2\/comments?post=8867"}],"version-history":[{"count":1,"href":"https:\/\/luciepo.com\/cs\/wp-json\/wp\/v2\/posts\/8867\/revisions"}],"predecessor-version":[{"id":8882,"href":"https:\/\/luciepo.com\/cs\/wp-json\/wp\/v2\/posts\/8867\/revisions\/8882"}],"wp:featuredmedia":[{"embeddable":true,"href":"https:\/\/luciepo.com\/cs\/wp-json\/wp\/v2\/media\/8732"}],"wp:attachment":[{"href":"https:\/\/luciepo.com\/cs\/wp-json\/wp\/v2\/media?parent=8867"}],"wp:term":[{"taxonomy":"category","embeddable":true,"href":"https:\/\/luciepo.com\/cs\/wp-json\/wp\/v2\/categories?post=8867"},{"taxonomy":"post_tag","embeddable":true,"href":"https:\/\/luciepo.com\/cs\/wp-json\/wp\/v2\/tags?post=8867"},{"taxonomy":"author","embeddable":true,"href":"https:\/\/luciepo.com\/cs\/wp-json\/wp\/v2\/ppma_author?post=8867"}],"curies":[{"name":"wp","href":"https:\/\/api.w.org\/{rel}","templated":true}]}}