{"id":8947,"date":"2022-12-21T12:46:03","date_gmt":"2022-12-21T11:46:03","guid":{"rendered":"https:\/\/luciepo.com\/20-20-inspirativnich-unorovych-citatu-a-afirmaci\/"},"modified":"2024-03-04T19:15:21","modified_gmt":"2024-03-04T18:15:21","slug":"20-20-inspirativnich-unorovych-citatu-a-afirmaci","status":"publish","type":"post","link":"https:\/\/luciepo.com\/cs\/20-20-inspirativnich-unorovych-citatu-a-afirmaci\/","title":{"rendered":"20 + 20 inspirativn\u00edch \u00fanorov\u00fdch cit\u00e1t\u016f a afirmac\u00ed"},"content":{"rendered":"\n<p><strong><em>Hled\u00e1te inspirativn\u00ed \u00fanorov\u00e9 cit\u00e1ty a afirmace? Chcete \u0161\u0165astn\u00fd \u00fanor cit\u00e1ty a afirmace, kter\u00e9 jsou motiva\u010dn\u00ed?<\/em><\/strong><\/p>\n\n<p>\u00danor, m\u011bs\u00edc l\u00e1sky, lun\u00e1rn\u00ed nov\u00fd rok nebo m\u011bs\u00edc \u010derno\u0161sk\u00e9 historie se kone\u010dn\u011b bl\u00ed\u017e\u00ed!<\/p>\n\n<p>P\u0159ipravila jsem pro v\u00e1s tento blogov\u00fd p\u0159\u00edsp\u011bvek pln\u00fd inspirativn\u00edch \u00fanorov\u00fdch cit\u00e1t\u016f a afirmac\u00ed, abyste si tento m\u011bs\u00edc mohli zp\u0159\u00edjemnit, a\u0165 u\u017e \u010dten\u00edm t\u011bchto cit\u00e1t\u016f p\u0159i pit\u00ed hork\u00e9 \u010dokol\u00e1dy, nebo pou\u017eit\u00edm n\u011bkter\u00e9 z afirmac\u00ed b\u011bhem psan\u00ed den\u00edku.<\/p>\n\n<p>Pokud se chcete dozv\u011bd\u011bt v\u00edce o tom, pro\u010d je v \u00fanoru pouze 28 dn\u00ed (co\u017e \u010din\u00ed tento m\u011bs\u00edc v\u00fdjime\u010dn\u00fdm),<a href=\"https:\/\/www.britannica.com\/story\/why-are-there-only-28-days-in-february\" target=\"_blank\" rel=\"noopener\"> <strong>p\u0159e\u010dt\u011bte si tento \u010dl\u00e1nek od Britannicy.<\/strong><\/a> Vzhledem k tomu, \u017ee ka\u017ed\u00e9 \u010dty\u0159i roky m\u00e1te jeden den nav\u00edc, m\u016f\u017eete tento den pova\u017eovat za bonusovou p\u0159\u00edle\u017eitost, jak zv\u00fd\u0161it \u00farove\u0148 sv\u00e9ho \u017eivota!  <\/p>\n\n<p>Ale te\u010f si ud\u011blejte hork\u00e9 kakao a poj\u010fme na to!<\/p>\n\n<div style=\"height:33px\" aria-hidden=\"true\" class=\"wp-block-spacer\"><\/div>\n<div class=\"wp-block-image\">\n<figure class=\"aligncenter size-large\"><a href=\"https:\/\/cz.pinterest.com\/luciesleepcoach\/\" target=\"_blank\" rel=\"noopener\"><img decoding=\"async\" loading=\"lazy\" width=\"576\" height=\"1024\" src=\"https:\/\/luciepo.com\/wp-content\/uploads\/2022\/12\/inspirational-February-quotes-and-affirmations-576x1024.png\" alt=\"\" class=\"wp-image-1315\" srcset=\"https:\/\/luciepo.com\/wp-content\/uploads\/2022\/12\/inspirational-February-quotes-and-affirmations-576x1024.png 576w, https:\/\/luciepo.com\/wp-content\/uploads\/2022\/12\/inspirational-February-quotes-and-affirmations-169x300.png 169w, https:\/\/luciepo.com\/wp-content\/uploads\/2022\/12\/inspirational-February-quotes-and-affirmations-768x1365.png 768w, https:\/\/luciepo.com\/wp-content\/uploads\/2022\/12\/inspirational-February-quotes-and-affirmations-864x1536.png 864w, https:\/\/luciepo.com\/wp-content\/uploads\/2022\/12\/inspirational-February-quotes-and-affirmations-600x1067.png 600w, https:\/\/luciepo.com\/wp-content\/uploads\/2022\/12\/inspirational-February-quotes-and-affirmations.png 1080w\" sizes=\"(max-width: 576px) 100vw, 576px\" \/><\/a><\/figure><\/div>\n<div style=\"height:28px\" aria-hidden=\"true\" class=\"wp-block-spacer\"><\/div>\n\n<h2 id='\u00fanor-cit\u00e1ty'  id=\"boomdevs_1\" class=\"wp-block-heading\" id=\"quotes\" >\u00danor Cit\u00e1ty<\/h2>\n\n<p>1. I kdy\u017e je \u00fanor, \u010dlov\u011bk m\u016f\u017ee naplno okusit radost z o\u010dek\u00e1v\u00e1n\u00ed. Spring stoj\u00ed u br\u00e1ny a prstem se dot\u00fdk\u00e1 z\u00e1mku. &#8211; <em>Trp\u011blivost siln\u00e1<\/em><\/p>\n\n<p>2. Kdyby byl \u017eivot knihou, ka\u017ed\u00fd den by byl novou str\u00e1nkou, ka\u017ed\u00fd m\u011bs\u00edc novou kapitolou a ka\u017ed\u00fd rok novou s\u00e9ri\u00ed. &#8211; <em>Elizabeth Duivenvoorde<\/em><\/p>\n\n<p>3. Nedokonalost je kr\u00e1sa, \u0161\u00edlenstv\u00ed je genialita a je lep\u0161\u00ed b\u00fdt absolutn\u011b sm\u011b\u0161n\u00fd ne\u017e absolutn\u011b nudn\u00fd. &#8211; <em>Marilyn Monroe<\/em><\/p>\n\n<p>4. \u017divot je p\u0159\u00edli\u0161 kr\u00e1tk\u00fd na to, abyste ztr\u00e1celi \u010das p\u0159em\u00fd\u0161len\u00edm o tom, co si o v\u00e1s mysl\u00ed ostatn\u00ed. &#8211; <em>C.JoyBell C.<\/em><\/p>\n\n<p>5. N\u011bkdy nevid\u00edte miliony lid\u00ed, kte\u0159\u00ed v\u00e1s p\u0159ij\u00edmaj\u00ed takov\u00e9, jac\u00ed jste. Jedin\u00e9, \u010deho si v\u0161imnete, je \u010dlov\u011bk, kter\u00fd to ned\u011bl\u00e1. &#8211; <em>Jodi Picoultov\u00e1<\/em><\/p>\n\n<p>6. Kdy\u017e se \u017eena stane svou nejlep\u0161\u00ed p\u0159\u00edtelkyn\u00ed, \u017eivot je snaz\u0161\u00ed. &#8211; <em>Diane Von Furstenberg<\/em><\/p>\n<div class=\"wp-block-image\">\n<figure class=\"aligncenter size-large\"><a href=\"https:\/\/cz.pinterest.com\/luciesleepcoach\/\" target=\"_blank\" rel=\"noopener\"><img decoding=\"async\" loading=\"lazy\" width=\"576\" height=\"1024\" src=\"https:\/\/luciepo.com\/wp-content\/uploads\/2022\/12\/inspirational-February-quotes-and-affirmations-1-576x1024.png\" alt=\"\" class=\"wp-image-1319\" srcset=\"https:\/\/luciepo.com\/wp-content\/uploads\/2022\/12\/inspirational-February-quotes-and-affirmations-1-576x1024.png 576w, https:\/\/luciepo.com\/wp-content\/uploads\/2022\/12\/inspirational-February-quotes-and-affirmations-1-169x300.png 169w, https:\/\/luciepo.com\/wp-content\/uploads\/2022\/12\/inspirational-February-quotes-and-affirmations-1-768x1365.png 768w, https:\/\/luciepo.com\/wp-content\/uploads\/2022\/12\/inspirational-February-quotes-and-affirmations-1-864x1536.png 864w, https:\/\/luciepo.com\/wp-content\/uploads\/2022\/12\/inspirational-February-quotes-and-affirmations-1-600x1067.png 600w, https:\/\/luciepo.com\/wp-content\/uploads\/2022\/12\/inspirational-February-quotes-and-affirmations-1.png 1080w\" sizes=\"(max-width: 576px) 100vw, 576px\" \/><\/a><\/figure><\/div>\n<p>7. V\u00e1\u0161 \u010das je p\u0159\u00edli\u0161 cenn\u00fd na to, abyste ho pl\u00fdtvali na lidi, kte\u0159\u00ed nedok\u00e1\u017eou p\u0159ijmout to, k\u00fdm jste. &#8211;<em> Turcois Ominek<\/em><\/p>\n\n<p>8. Kdy\u017e v\u00e1s n\u011bkdo hluboce miluje, dod\u00e1v\u00e1 v\u00e1m to s\u00edlu, zat\u00edmco hlubok\u00e1 l\u00e1ska v\u00e1m dod\u00e1v\u00e1 odvahu. &#8211; <em>Lao-c&#8217;<\/em><\/p>\n\n<p>9. L\u00e1ska je stav, kdy je \u0161t\u011bst\u00ed druh\u00e9ho \u010dlov\u011bka z\u00e1sadn\u00ed pro va\u0161e vlastn\u00ed \u0161t\u011bst\u00ed. &#8211; <em>Robert A. Heinlein<\/em><\/p>\n\n<p>10. Milovat znamen\u00e1 poznat sebe sama v druh\u00e9m &#8211; <em>Eckhart Tolle<\/em><\/p>\n\n<p>11. \u0158\u00edk\u00e1 se, \u017ee \u00fanor je m\u011bs\u00edcem l\u00e1sky. Ale s tebou je ka\u017ed\u00fd m\u011bs\u00edc pln\u00fd l\u00e1sky.  <\/p>\n\n<p>12. L\u00e1ska je jen slovo, dokud se neobjev\u00ed n\u011bkdo, kdo j\u00ed d\u00e1 smysl. &#8211; <em>Paulo Coelho<\/em><\/p>\n\n<p>13. U\u017e n\u011bjakou dobu jsem svobodn\u00e1 a mus\u00edm \u0159\u00edct, \u017ee to jde velmi dob\u0159e. Mysl\u00edm, \u017ee jsem to j\u00e1. &#8211; <em>Emily Hellerov\u00e1<\/em><\/p>\n\n<p>14. Je t\u0159eba siln\u00e9ho \u010dlov\u011bka, aby z\u016fstal svobodn\u00fd ve sv\u011bt\u011b, kter\u00fd je zvykl\u00fd spokojit se s \u010d\u00edmkoli, jen aby mohl \u0159\u00edct, \u017ee n\u011bco m\u00e1.<\/p>\n\n<p class=\"has-background\" style=\"background-color:#c8ffe8\">&#x2728; <strong>Pod\u00edvejte se na m\u00fdch obl\u00edben\u00fdch 159 cit\u00e1t\u016f o l\u00e1sce k sob\u011b <a href=\"https:\/\/shop.beacons.ai\/luciepo\/c388146f-cfcf-4c94-ae7b-287034c7326a?pageViewSource=lib_view&amp;referrer=https%3A%2F%2Fbeacons.ai%2Fluciepo\" data-type=\"URL\" data-id=\"https:\/\/shop.beacons.ai\/luciepo\/c388146f-cfcf-4c94-ae7b-287034c7326a?pageViewSource=lib_view&amp;referrer=https%3A%2F%2Fbeacons.ai%2Fluciepo\" target=\"_blank\" rel=\"noreferrer noopener\">ZDE<\/a><\/strong><\/p>\n\n<p>15. 99 % m\u00fdch pono\u017eek je svobodn\u00fdch a nevid\u00edte je kv\u016fli tomu plakat.<\/p>\n\n<p>16. B\u00fdt svobodn\u00fd neznamen\u00e1, \u017ee jsi slab\u00fd; znamen\u00e1 to, \u017ee jsi dost siln\u00fd na to, abys po\u010dkal na to, co si zaslou\u017e\u00ed\u0161.<\/p>\n\n<p>17. Na jeden p\u0159estupn\u00fd rok jsou pot\u0159eba t\u0159i jara. &#8211; <em>Komiksov\u00fd almanach<\/em><\/p>\n\n<p>18. V \u00fanoru je v \u010dem doufat a \u010deho litovat. &#8211; <em>Trp\u011blivost siln\u00e1<\/em><\/p>\n\n<p>19. Nov\u00fd m\u011bs\u00edc, nov\u00e9 z\u00e1m\u011bry, nov\u00e9 c\u00edle, nov\u00e1 l\u00e1ska, nov\u00e9 sv\u011btlo a nov\u00e9 za\u010d\u00e1tky. &#8211; <em>April Mae Monterrosa<\/em><\/p>\n\n<p>20. Nikdo nikdy nedos\u00e1hl finan\u010dn\u00ed kondice s lednov\u00fdm p\u0159edsevzet\u00edm, kter\u00e9 bylo opu\u0161t\u011bno v \u00fanoru. &#8211; <em>Suze Orman<\/em><\/p>\n\n<h2 id='afirmace-pro-motivaci'  id=\"boomdevs_2\" class=\"wp-block-heading\" id=\"motivation\" ><span class=\"ez-toc-section\" id=\"Afirmace_pro_motivaci\"><\/span>Afirmace pro motivaci<span class=\"ez-toc-section-end\"><\/span><\/h2>\n\n<p>1. Sni\u017euju hlasitost negativity ve sv\u00e9m \u017eivot\u011b a z\u00e1rove\u0148 zvy\u0161uju hlasitost pozitivity.<\/p>\n\n<p>2. M\u00e1m pozitivn\u00ed a inspirativn\u00ed vliv na lidi, se kter\u00fdmi p\u0159ich\u00e1z\u00edm do styku.<\/p>\n\n<p>3. P\u0159ek\u00e1\u017eky m\u011b motivuj\u00ed k u\u010den\u00ed a r\u016fstu.<\/p>\n\n<p>4. P\u0159ij\u00edm\u00e1m se takov\u00fd, jak\u00fd jsem, a vytv\u00e1\u0159\u00edm si klid, s\u00edlu a d\u016fv\u011bru mysli a srdce.<\/p>\n\n<p>5. Neztr\u00e1c\u00edm ani jeden den sv\u00e9ho \u017eivota. Z ka\u017ed\u00e9ho dne na t\u00e9to planet\u011b &#8211; dnes, z\u00edtra i ka\u017ed\u00fd den &#8211; vyma\u010dk\u00e1m maximum hodnoty.<\/p>\n<div class=\"wp-block-image\">\n<figure class=\"aligncenter size-large\"><a href=\"https:\/\/cz.pinterest.com\/luciesleepcoach\/\" target=\"_blank\" rel=\"noopener\"><img decoding=\"async\" loading=\"lazy\" width=\"576\" height=\"1024\" src=\"https:\/\/luciepo.com\/wp-content\/uploads\/2022\/12\/inspirational-February-quotes-and-affirmations-2-576x1024.png\" alt=\"\" class=\"wp-image-1322\" srcset=\"https:\/\/luciepo.com\/wp-content\/uploads\/2022\/12\/inspirational-February-quotes-and-affirmations-2-576x1024.png 576w, https:\/\/luciepo.com\/wp-content\/uploads\/2022\/12\/inspirational-February-quotes-and-affirmations-2-169x300.png 169w, https:\/\/luciepo.com\/wp-content\/uploads\/2022\/12\/inspirational-February-quotes-and-affirmations-2-768x1365.png 768w, https:\/\/luciepo.com\/wp-content\/uploads\/2022\/12\/inspirational-February-quotes-and-affirmations-2-864x1536.png 864w, https:\/\/luciepo.com\/wp-content\/uploads\/2022\/12\/inspirational-February-quotes-and-affirmations-2-600x1067.png 600w, https:\/\/luciepo.com\/wp-content\/uploads\/2022\/12\/inspirational-February-quotes-and-affirmations-2.png 1080w\" sizes=\"(max-width: 576px) 100vw, 576px\" \/><\/a><\/figure><\/div>\n<h2 id='afirmace-pro-\u017eivotn\u00ed-rovnov\u00e1hu'  id=\"boomdevs_3\" class=\"wp-block-heading\" id=\"balance\" >Afirmace pro \u017eivotn\u00ed rovnov\u00e1hu<\/h2>\n\n<p>6. Ka\u017ed\u00fd den si ud\u011bl\u00e1m \u010das na v\u0161echny sv\u00e9 c\u00edle stejn\u011b.<\/p>\n\n<p>7. Cokoli pot\u0159ebuji v\u011bd\u011bt, je mi zjeveno v prav\u00fd \u010das.<\/p>\n\n<p>8. V nekone\u010dnosti \u017eivota, kde jsem j\u00e1, je v\u0161e dokonal\u00e9, celistv\u00e9 a \u00fapln\u00e9.<\/p>\n\n<p>9. Vrac\u00edm se k z\u00e1klad\u016fm \u017eivota: odpu\u0161t\u011bn\u00ed, odvaze, vd\u011b\u010dnosti, l\u00e1sce a humoru.<\/p>\n\n<p>10. Moje schopnost p\u0159ekon\u00e1vat v\u00fdzvy je neomezen\u00e1, m\u016fj potenci\u00e1l usp\u011bt je nekone\u010dn\u00fd.<\/p>\n\n<h2 id='afirmace-pro-sebed\u016fv\u011bru'  id=\"boomdevs_4\" class=\"wp-block-heading\" id=\"trust\" >Afirmace pro sebed\u016fv\u011bru<\/h2>\n\n<p>11. Odpou\u0161t\u00edm si sv\u00e9 chyby a dovol\u00edm si z nich vyr\u016fst.<\/p>\n\n<p>12. Jsem dobr\u00fd \u010dlov\u011bk, kter\u00fd si zaslou\u017e\u00ed uzdraven\u00ed.<\/p>\n\n<p>13. Dnes se rozhodnu netr\u00e1pit se minulost\u00ed a m\u00edsto toho budu pracovat na zlep\u0161en\u00ed sv\u00e9 budoucnosti.<\/p>\n\n<p>14. Uvol\u0148uji sv\u016fj hn\u011bv, stud, rozpaky a vinu.<\/p>\n\n<p>15. Dovol\u00edm si za\u010d\u00edt znovu a neodsuzuji se za to, \u017ee jsem vybo\u010dila z \u0159ady.<\/p>\n\n<p class=\"has-background\" style=\"background-color:#c8ffe8\">&#x2728; <strong>Pod\u00edvejte se na m\u00fdch obl\u00edben\u00fdch 159 cit\u00e1t\u016f o l\u00e1sce k sob\u011b <a href=\"https:\/\/shop.beacons.ai\/luciepo\/c388146f-cfcf-4c94-ae7b-287034c7326a?pageViewSource=lib_view&amp;referrer=https%3A%2F%2Fbeacons.ai%2Fluciepo\" data-type=\"URL\" data-id=\"https:\/\/shop.beacons.ai\/luciepo\/c388146f-cfcf-4c94-ae7b-287034c7326a?pageViewSource=lib_view&amp;referrer=https%3A%2F%2Fbeacons.ai%2Fluciepo\" target=\"_blank\" rel=\"noreferrer noopener\">ZDE<\/a><\/strong><\/p>\n\n<h2 id='afirmace-pro-soucit-se-sebou-sam\u00fdm'  id=\"boomdevs_5\" class=\"wp-block-heading\" id=\"compassion\" >Afirmace pro soucit se sebou sam\u00fdm<\/h2>\n\n<p>16. Zaslou\u017e\u00edm si, abych se k sob\u011b choval se stejn\u00fdm soucitem jako k ostatn\u00edm.<\/p>\n\n<p>17. Zm\u011bna je t\u011b\u017ek\u00e1, a proto na sebe budu p\u0159i jej\u00edm proch\u00e1zen\u00ed m\u00edrn\u00fd.<\/p>\n\n<p>18. Sm\u00edm b\u00fdt k sob\u011b laskav\u00fd a jemn\u00fd.<\/p>\n\n<p>19. Jako d\u00edt\u011b bych se k sob\u011b nikdy nechoval nen\u00e1vistn\u011b, tak pro\u010d bych se m\u011bl ke sv\u00e9mu dosp\u011bl\u00e9mu j\u00e1 chovat jinak?<\/p>\n\n<p>20. Moje pocity jsou platn\u00e9 a neexistuje nic spr\u00e1vn\u00e9ho nebo \u0161patn\u00e9ho.<\/p>\n\n<div style=\"height:33px\" aria-hidden=\"true\" class=\"wp-block-spacer\"><\/div>\n\n<figure class=\"wp-block-image size-large\"><a href=\"www.luciepo.com\/inspirational-February-quotes-and-affirmations\"><img decoding=\"async\" loading=\"lazy\" width=\"1024\" height=\"728\" src=\"https:\/\/luciepo.com\/wp-content\/uploads\/2023\/08\/inspirational-February-quotes-and-affirmations-1024x728.jpg\" alt=\"inspirativn&#xED; &#xFA;norov&#xE9; cit&#xE1;ty a afirmace\" class=\"wp-image-3372\" srcset=\"https:\/\/luciepo.com\/wp-content\/uploads\/2023\/08\/inspirational-February-quotes-and-affirmations-1024x728.jpg 1024w, https:\/\/luciepo.com\/wp-content\/uploads\/2023\/08\/inspirational-February-quotes-and-affirmations-300x213.jpg 300w, https:\/\/luciepo.com\/wp-content\/uploads\/2023\/08\/inspirational-February-quotes-and-affirmations-768x546.jpg 768w, https:\/\/luciepo.com\/wp-content\/uploads\/2023\/08\/inspirational-February-quotes-and-affirmations-1536x1092.jpg 1536w, https:\/\/luciepo.com\/wp-content\/uploads\/2023\/08\/inspirational-February-quotes-and-affirmations-2048x1456.jpg 2048w, https:\/\/luciepo.com\/wp-content\/uploads\/2023\/08\/inspirational-February-quotes-and-affirmations-1140x810.jpg 1140w\" sizes=\"(max-width: 1024px) 100vw, 1024px\" \/><\/a><\/figure>\n","protected":false},"excerpt":{"rendered":"<p>Hled\u00e1te inspirativn\u00ed \u00fanorov\u00e9 cit\u00e1ty a afirmace? Chcete \u0161\u0165astn\u00fd \u00fanor cit\u00e1ty a afirmace, kter\u00e9 jsou motiva\u010dn\u00ed? \u00danor, m\u011bs\u00edc l\u00e1sky, lun\u00e1rn\u00ed nov\u00fd rok nebo m\u011bs\u00edc \u010derno\u0161sk\u00e9 historie se kone\u010dn\u011b bl\u00ed\u017e\u00ed! P\u0159ipravila jsem pro v\u00e1s tento blogov\u00fd p\u0159\u00edsp\u011bvek pln\u00fd inspirativn\u00edch \u00fanorov\u00fdch cit\u00e1t\u016f a afirmac\u00ed, abyste si tento m\u011bs\u00edc mohli zp\u0159\u00edjemnit, a\u0165 u\u017e \u010dten\u00edm t\u011bchto cit\u00e1t\u016f p\u0159i pit\u00ed hork\u00e9 \u010dokol\u00e1dy, nebo pou\u017eit\u00edm n\u011bkter\u00e9 z afirmac\u00ed b\u011bhem psan\u00ed den\u00edku. Pokud se chcete dozv\u011bd\u011bt v\u00edce o tom, pro\u010d je v \u00fanoru pouze 28 dn\u00ed (co\u017e \u010din\u00ed tento m\u011bs\u00edc v\u00fdjime\u010dn\u00fdm), p\u0159e\u010dt\u011bte si tento \u010dl\u00e1nek od Britannicy. Vzhledem k tomu, \u017ee ka\u017ed\u00e9 \u010dty\u0159i roky m\u00e1te jeden den nav\u00edc, m\u016f\u017eete tento den pova\u017eovat za bonusovou p\u0159\u00edle\u017eitost, jak zv\u00fd\u0161it \u00farove\u0148 sv\u00e9ho \u017eivota! Ale te\u010f si ud\u011blejte hork\u00e9 kakao a poj\u010fme na to! \u00danor Cit\u00e1ty 1. I kdy\u017e je \u00fanor, \u010dlov\u011bk m\u016f\u017ee naplno okusit radost z o\u010dek\u00e1v\u00e1n\u00ed. Spring stoj\u00ed u br\u00e1ny a prstem se dot\u00fdk\u00e1 z\u00e1mku. &#8211; Trp\u011blivost siln\u00e1 2. Kdyby byl \u017eivot knihou, ka\u017ed\u00fd den by byl novou str\u00e1nkou, ka\u017ed\u00fd m\u011bs\u00edc novou kapitolou a ka\u017ed\u00fd rok novou s\u00e9ri\u00ed. &#8211; Elizabeth Duivenvoorde 3. Nedokonalost je kr\u00e1sa, \u0161\u00edlenstv\u00ed je genialita a je lep\u0161\u00ed b\u00fdt absolutn\u011b sm\u011b\u0161n\u00fd ne\u017e absolutn\u011b nudn\u00fd. &#8211; Marilyn Monroe 4. \u017divot je p\u0159\u00edli\u0161 kr\u00e1tk\u00fd na to, abyste ztr\u00e1celi \u010das p\u0159em\u00fd\u0161len\u00edm o tom, co si o v\u00e1s mysl\u00ed ostatn\u00ed. &#8211; C.JoyBell C. 5. N\u011bkdy nevid\u00edte miliony lid\u00ed, kte\u0159\u00ed v\u00e1s p\u0159ij\u00edmaj\u00ed takov\u00e9, jac\u00ed jste. Jedin\u00e9, \u010deho si v\u0161imnete, je \u010dlov\u011bk, kter\u00fd to ned\u011bl\u00e1. &#8211; Jodi Picoultov\u00e1 6. Kdy\u017e se \u017eena stane svou nejlep\u0161\u00ed p\u0159\u00edtelkyn\u00ed, \u017eivot je snaz\u0161\u00ed. &#8211; Diane Von Furstenberg 7. V\u00e1\u0161 \u010das je p\u0159\u00edli\u0161 cenn\u00fd na to, abyste ho pl\u00fdtvali na lidi, kte\u0159\u00ed nedok\u00e1\u017eou p\u0159ijmout to, k\u00fdm jste. &#8211; Turcois Ominek 8. Kdy\u017e v\u00e1s n\u011bkdo hluboce miluje, dod\u00e1v\u00e1 v\u00e1m to s\u00edlu, zat\u00edmco hlubok\u00e1 l\u00e1ska v\u00e1m dod\u00e1v\u00e1 odvahu. &#8211; Lao-c&#8217; 9. L\u00e1ska je stav, kdy je \u0161t\u011bst\u00ed druh\u00e9ho \u010dlov\u011bka z\u00e1sadn\u00ed pro va\u0161e vlastn\u00ed \u0161t\u011bst\u00ed. &#8211; Robert A. Heinlein 10. Milovat znamen\u00e1 poznat sebe sama v druh\u00e9m &#8211; Eckhart Tolle 11. \u0158\u00edk\u00e1 se, \u017ee \u00fanor je m\u011bs\u00edcem l\u00e1sky. Ale s tebou je ka\u017ed\u00fd m\u011bs\u00edc pln\u00fd l\u00e1sky. 12. L\u00e1ska je jen slovo, dokud se neobjev\u00ed n\u011bkdo, kdo j\u00ed d\u00e1 smysl. &#8211; Paulo Coelho 13. U\u017e n\u011bjakou dobu jsem svobodn\u00e1 a mus\u00edm \u0159\u00edct, \u017ee to jde velmi dob\u0159e. Mysl\u00edm, \u017ee jsem to j\u00e1. &#8211; Emily Hellerov\u00e1 14. Je t\u0159eba siln\u00e9ho \u010dlov\u011bka, aby z\u016fstal svobodn\u00fd ve sv\u011bt\u011b, kter\u00fd je zvykl\u00fd spokojit se s \u010d\u00edmkoli, jen aby mohl \u0159\u00edct, \u017ee n\u011bco m\u00e1. &#x2728; Pod\u00edvejte se na m\u00fdch obl\u00edben\u00fdch 159 cit\u00e1t\u016f o l\u00e1sce k sob\u011b ZDE 15. 99 % m\u00fdch pono\u017eek je svobodn\u00fdch a nevid\u00edte je kv\u016fli tomu plakat. 16. B\u00fdt svobodn\u00fd neznamen\u00e1, \u017ee jsi slab\u00fd; znamen\u00e1 to, \u017ee jsi dost siln\u00fd na to, abys po\u010dkal na to, co si zaslou\u017e\u00ed\u0161. 17. Na jeden p\u0159estupn\u00fd rok jsou pot\u0159eba t\u0159i jara. &#8211; Komiksov\u00fd almanach 18. V \u00fanoru je v \u010dem doufat a \u010deho litovat. &#8211; Trp\u011blivost siln\u00e1 19. Nov\u00fd m\u011bs\u00edc, nov\u00e9 z\u00e1m\u011bry, nov\u00e9 c\u00edle, nov\u00e1 l\u00e1ska, nov\u00e9 sv\u011btlo a nov\u00e9 za\u010d\u00e1tky. &#8211; April Mae Monterrosa 20. Nikdo nikdy nedos\u00e1hl finan\u010dn\u00ed kondice s lednov\u00fdm p\u0159edsevzet\u00edm, kter\u00e9 bylo opu\u0161t\u011bno v \u00fanoru. &#8211; Suze Orman Afirmace pro motivaci 1. Sni\u017euju hlasitost negativity ve sv\u00e9m \u017eivot\u011b a z\u00e1rove\u0148 zvy\u0161uju hlasitost pozitivity. 2. M\u00e1m pozitivn\u00ed a inspirativn\u00ed vliv na lidi, se kter\u00fdmi p\u0159ich\u00e1z\u00edm do styku. 3. P\u0159ek\u00e1\u017eky m\u011b motivuj\u00ed k u\u010den\u00ed a r\u016fstu. 4. P\u0159ij\u00edm\u00e1m se takov\u00fd, jak\u00fd jsem, a vytv\u00e1\u0159\u00edm si klid, s\u00edlu a d\u016fv\u011bru mysli a srdce. 5. Neztr\u00e1c\u00edm ani jeden den sv\u00e9ho \u017eivota. Z ka\u017ed\u00e9ho dne na t\u00e9to planet\u011b &#8211; dnes, z\u00edtra i ka\u017ed\u00fd den &#8211; vyma\u010dk\u00e1m maximum hodnoty. Afirmace pro \u017eivotn\u00ed rovnov\u00e1hu 6. Ka\u017ed\u00fd den si ud\u011bl\u00e1m \u010das na v\u0161echny sv\u00e9 c\u00edle stejn\u011b. 7. Cokoli pot\u0159ebuji v\u011bd\u011bt, je mi zjeveno v prav\u00fd \u010das. 8. V nekone\u010dnosti \u017eivota, kde jsem j\u00e1, je v\u0161e dokonal\u00e9, celistv\u00e9 a \u00fapln\u00e9. 9. Vrac\u00edm se k z\u00e1klad\u016fm \u017eivota: odpu\u0161t\u011bn\u00ed, odvaze, vd\u011b\u010dnosti, l\u00e1sce a humoru. 10. Moje schopnost p\u0159ekon\u00e1vat v\u00fdzvy je neomezen\u00e1, m\u016fj potenci\u00e1l usp\u011bt je nekone\u010dn\u00fd. Afirmace pro sebed\u016fv\u011bru 11. Odpou\u0161t\u00edm si sv\u00e9 chyby a dovol\u00edm si z nich vyr\u016fst. 12. Jsem dobr\u00fd \u010dlov\u011bk, kter\u00fd si zaslou\u017e\u00ed uzdraven\u00ed. 13. Dnes se rozhodnu netr\u00e1pit se minulost\u00ed a m\u00edsto toho budu pracovat na zlep\u0161en\u00ed sv\u00e9 budoucnosti. 14. Uvol\u0148uji sv\u016fj hn\u011bv, stud, rozpaky a vinu. 15. Dovol\u00edm si za\u010d\u00edt znovu a neodsuzuji se za to, \u017ee jsem vybo\u010dila z \u0159ady. &#x2728; Pod\u00edvejte se na m\u00fdch obl\u00edben\u00fdch 159 cit\u00e1t\u016f o l\u00e1sce k sob\u011b ZDE Afirmace pro soucit se sebou sam\u00fdm 16. Zaslou\u017e\u00edm si, abych se k sob\u011b choval se stejn\u00fdm soucitem jako k ostatn\u00edm. 17. Zm\u011bna je t\u011b\u017ek\u00e1, a proto na sebe budu p\u0159i jej\u00edm proch\u00e1zen\u00ed m\u00edrn\u00fd. 18. Sm\u00edm b\u00fdt k sob\u011b laskav\u00fd a jemn\u00fd. 19. Jako d\u00edt\u011b bych se k sob\u011b nikdy nechoval nen\u00e1vistn\u011b, tak pro\u010d bych se m\u011bl ke sv\u00e9mu dosp\u011bl\u00e9mu j\u00e1 chovat jinak? 20. Moje pocity jsou platn\u00e9 a neexistuje nic spr\u00e1vn\u00e9ho nebo \u0161patn\u00e9ho.<\/p>\n","protected":false},"author":1,"featured_media":5363,"comment_status":"open","ping_status":"open","sticky":false,"template":"","format":"standard","meta":{"_eb_attr":"","cos_headline_score":0,"cos_seo_score":0,"cos_headline_text":"","cos_headline_has_been_analyzed":false,"cos_last_analyzed_headline":[],"_lmt_disableupdate":"","_lmt_disable":"","footnotes":""},"categories":[166],"tags":[],"ppma_author":[115],"modified_by":null,"acf":[],"authors":[{"term_id":115,"user_id":1,"is_guest":0,"slug":"lucie-pospechova92gmail-com","display_name":"Lucie Pospechova","avatar_url":"https:\/\/secure.gravatar.com\/avatar\/233d2c822e5d73b3ec29ee7289f7af27?s=96&d=mm&r=g","user_url":"http:\/\/luciepo.com","last_name":"Pospechova","first_name":"Lucie","description":"Hello, I'm Lucie, a 31-year-old advocate for personal development and holistic well-being. Through this blog, I share practical insights and inspiring stories to help you thrive in every aspect of your life. Let's embark on this transformative journey together. \r\nWarm regards, Lucie."}],"_links":{"self":[{"href":"https:\/\/luciepo.com\/cs\/wp-json\/wp\/v2\/posts\/8947"}],"collection":[{"href":"https:\/\/luciepo.com\/cs\/wp-json\/wp\/v2\/posts"}],"about":[{"href":"https:\/\/luciepo.com\/cs\/wp-json\/wp\/v2\/types\/post"}],"author":[{"embeddable":true,"href":"https:\/\/luciepo.com\/cs\/wp-json\/wp\/v2\/users\/1"}],"replies":[{"embeddable":true,"href":"https:\/\/luciepo.com\/cs\/wp-json\/wp\/v2\/comments?post=8947"}],"version-history":[{"count":1,"href":"https:\/\/luciepo.com\/cs\/wp-json\/wp\/v2\/posts\/8947\/revisions"}],"predecessor-version":[{"id":8958,"href":"https:\/\/luciepo.com\/cs\/wp-json\/wp\/v2\/posts\/8947\/revisions\/8958"}],"wp:featuredmedia":[{"embeddable":true,"href":"https:\/\/luciepo.com\/cs\/wp-json\/wp\/v2\/media\/5363"}],"wp:attachment":[{"href":"https:\/\/luciepo.com\/cs\/wp-json\/wp\/v2\/media?parent=8947"}],"wp:term":[{"taxonomy":"category","embeddable":true,"href":"https:\/\/luciepo.com\/cs\/wp-json\/wp\/v2\/categories?post=8947"},{"taxonomy":"post_tag","embeddable":true,"href":"https:\/\/luciepo.com\/cs\/wp-json\/wp\/v2\/tags?post=8947"},{"taxonomy":"author","embeddable":true,"href":"https:\/\/luciepo.com\/cs\/wp-json\/wp\/v2\/ppma_author?post=8947"}],"curies":[{"name":"wp","href":"https:\/\/api.w.org\/{rel}","templated":true}]}}