{"id":9219,"date":"2023-11-23T23:07:41","date_gmt":"2023-11-23T22:07:41","guid":{"rendered":"https:\/\/luciepo.com\/100-nejlepsich-citatu-o-zivotni-realite-pro-pozitivni-zmenu\/"},"modified":"2024-03-04T19:17:14","modified_gmt":"2024-03-04T18:17:14","slug":"100-nejlepsich-citatu-o-zivotni-realite-pro-pozitivni-zmenu","status":"publish","type":"post","link":"https:\/\/luciepo.com\/cs\/100-nejlepsich-citatu-o-zivotni-realite-pro-pozitivni-zmenu\/","title":{"rendered":"100 nejlep\u0161\u00edch cit\u00e1t\u016f o \u017eivotn\u00ed realit\u011b pro pozitivn\u00ed zm\u011bnu"},"content":{"rendered":"\n<p>\u010cetli jste n\u011bkdy n\u011bjak\u00fd cit\u00e1t a pomysleli si: &#8220;<strong>\n  <em>P\u00e1ni, to je p\u0159esn\u011b to, co jsem pot\u0159eboval sly\u0161et.<\/em>\n<\/strong>&#8220;? Naj\u00edt spr\u00e1vn\u00e1 slova ve spr\u00e1vn\u00fd \u010das m\u00e1 n\u011bco do sebe, \u017ee? Je to jako mal\u00e9 po\u0161\u0165ouchnut\u00ed spr\u00e1vn\u00fdm sm\u011brem nebo p\u0159\u00e1telsk\u00e9 popl\u00e1c\u00e1n\u00ed po z\u00e1dech se slovy:<strong>&#8220;M<\/strong>\u00e1\u0161 na to.&#8221;<\/p>\n\n<p>Tak\u017ee h\u00e1dejte co? <strong>Pr\u00e1v\u011b pro v\u00e1s jsem sestavil fantastick\u00fd seznam 100 nejlep\u0161\u00edch cit\u00e1t\u016f o \u017eivotn\u00ed realit\u011b<\/strong>. Nejsou to jen tak ledajak\u00e9 cit\u00e1ty; jsou to takov\u00e9 mal\u00e9 skvosty moudrosti pro chv\u00edle, kdy pot\u0159ebujete trochu inspirace, \u0161petku motivace nebo jen jin\u00fd pohled na v\u011bc.<\/p>\n\n<p>A\u0165 u\u017e \u0159e\u0161\u00edte sv\u016fj dal\u0161\u00ed kari\u00e9rn\u00ed postup, sna\u017e\u00edte se naj\u00edt rovnov\u00e1hu mezi bl\u00e1zniv\u00fdm a n\u00e1ro\u010dn\u00fdm \u017eivotem, nebo jen hled\u00e1te jiskru, kter\u00e1 by v\u00e1m rozz\u00e1\u0159ila den, <strong>pro ka\u017ed\u00e9ho se tu n\u011bco<\/strong> najde. <strong>Tyto cit\u00e1ty se t\u00fdkaj\u00ed skute\u010dn\u00e9ho \u017eivota &#8211; vzestup\u016f, p\u00e1d\u016f a v\u0161eho mezi t\u00edm.<\/strong><\/p>\n\n<p>Tak se do toho poj\u010fme spole\u010dn\u011b pustit, ano?  <\/p>\n\n<p>P\u0159ipravte se na slova, kter\u00e1 v\u00e1s mo\u017en\u00e1 zas\u00e1hnou, donut\u00ed v\u00e1s p\u0159em\u00fd\u0161let nebo dokonce zm\u011bn\u00ed v\u00e1\u0161 pohled na den.  <\/p>\n\n<p>Jste p\u0159ipraveni na malou d\u00e1vku inspirace?  <\/p>\n\n<p>Za\u010dn\u011bme!<\/p>\n\n<div style=\"height:33px\" aria-hidden=\"true\" class=\"wp-block-spacer\"><\/div>\n\n<div class=\"wp-block-group has-background is-layout-constrained wp-block-group-is-layout-constrained\" style=\"background-color:#ffe5ec\"><div class=\"wp-block-group__inner-container\">\n<p><strong>Dal\u0161\u00ed zdroje pro va\u0161i cestu<\/strong><\/p>\n\n\n\n<p>Ne\u017e se pono\u0159\u00edme do j\u00e1dra na\u0161ich cit\u00e1t\u016f, chci se s v\u00e1mi pod\u011blit o n\u011bkolik zdroj\u016f, kter\u00e9 v\u00fdrazn\u011b obohatily mou cestu osobn\u00edho r\u016fstu a porozum\u011bn\u00ed. Tyto knihy, podcasty a webov\u00e9 str\u00e1nky se pod\u00edlely na utv\u00e1\u0159en\u00ed m\u00e9ho pohledu na v\u011bc a v\u011b\u0159\u00edm, \u017ee i v\u00e1m mohou nab\u00eddnout neuv\u011b\u0159iteln\u00fd vhled a inspiraci:<\/p>\n\n\n\n<ol>\n<li><strong><strong>Knihy:<\/strong><\/strong>\n<ul>\n<li><strong>\n  <a href=\"https:\/\/amzn.to\/49Q3ld1\" data-type=\"link\" data-id=\"https:\/\/amzn.to\/49Q3ld1\" target=\"_blank\" rel=\"noopener\">S\u00edla p\u0159\u00edtomnosti<\/a>\n<\/strong> Eckhart Tolle: Pr\u016fvodce duchovn\u00edm osv\u00edcen\u00edm, kter\u00fd zd\u016fraz\u0148uje d\u016fle\u017eitost \u017eivota v p\u0159\u00edtomn\u00e9m okam\u017eiku.<\/li>\n\n\n\n<li><strong>\n  <a href=\"https:\/\/amzn.to\/47tDAxF\" data-type=\"link\" data-id=\"https:\/\/amzn.to\/47tDAxF\" target=\"_blank\" rel=\"noopener\">Atomov\u00e9 n\u00e1vyky<\/a>\n<\/strong> James Clear: Tato kniha nab\u00edz\u00ed praktick\u00e9 strategie pro vytv\u00e1\u0159en\u00ed dobr\u00fdch n\u00e1vyk\u016f, odbour\u00e1v\u00e1n\u00ed t\u011bch \u0161patn\u00fdch a osvojov\u00e1n\u00ed si drobn\u00e9ho chov\u00e1n\u00ed, kter\u00e9 vede k pozoruhodn\u00fdm v\u00fdsledk\u016fm.<\/li>\n\n\n\n<li><strong>\n  <a href=\"https:\/\/amzn.to\/47AdKI2\" data-type=\"link\" data-id=\"https:\/\/amzn.to\/47AdKI2\" target=\"_blank\" rel=\"noopener\">Velmi odv\u00e1\u017en\u00fd<\/a>\n<\/strong> od Bren\u00e9 Brown: Zkoum\u00e1n\u00ed s\u00edly zranitelnosti p\u0159i prom\u011bn\u011b na\u0161ich \u017eivot\u016f, p\u0159ijet\u00ed odvahy a p\u011bstov\u00e1n\u00ed spojen\u00ed.<\/li>\n<\/ul>\n<\/li>\n\n\n\n<li><strong><strong>Podcasty:<\/strong><\/strong>\n<ul>\n<li><strong>\n  <a href=\"https:\/\/open.spotify.com\/show\/5qSUyCrk9KR69lEiXbjwXM?si=19a0dd8a0a9c4da2\" data-type=\"link\" data-id=\"https:\/\/open.spotify.com\/show\/5qSUyCrk9KR69lEiXbjwXM?si=19a0dd8a0a9c4da2\" target=\"_blank\" rel=\"noopener\">Po\u0159ad Tima Ferrisse<\/a>\n<\/strong>: Tim rozeb\u00edr\u00e1 v\u00fdkony sv\u011btov\u00e9 \u0161pi\u010dky a hled\u00e1 taktiky a n\u00e1stroje, kter\u00e9 m\u016f\u017eete pou\u017e\u00edt i vy.<\/li>\n\n\n\n<li><strong>\n  <a href=\"https:\/\/open.spotify.com\/show\/08F60fHBihlcqWZTr7Thzc?si=0dec19b513134e3c\" data-type=\"link\" data-id=\"https:\/\/open.spotify.com\/show\/08F60fHBihlcqWZTr7Thzc?si=0dec19b513134e3c\" target=\"_blank\" rel=\"noopener\">O byt\u00ed s Kristou Tippett<\/a>\n<\/strong>: Podcast, kter\u00fd se zab\u00fdv\u00e1 velk\u00fdmi ot\u00e1zkami smyslu, v\u00edry, etiky a toho, co znamen\u00e1 b\u00fdt \u010dlov\u011bkem.<\/li>\n\n\n\n<li><strong>\n  <a href=\"https:\/\/open.spotify.com\/show\/4QnAKEVl78qrvRokw3zy9H?si=3b158630d4a44d7f\" data-type=\"link\" data-id=\"https:\/\/open.spotify.com\/show\/4QnAKEVl78qrvRokw3zy9H?si=3b158630d4a44d7f\" target=\"_blank\" rel=\"noopener\">Projekt Dobr\u00fd \u017eivot<\/a>\n<\/strong>: Inspiruj\u00edc\u00ed rozhovory o tom, jak \u017e\u00edt propojen\u011bj\u0161\u00ed, smyslupln\u011bj\u0161\u00ed a spokojen\u011bj\u0161\u00ed \u017eivot.<\/li>\n<\/ul>\n<\/li>\n\n\n\n<li><strong><strong>Webov\u00e9 str\u00e1nky a blogy:<\/strong><\/strong>\n<ul>\n<li><strong>\n  <a href=\"http:\/\/www.ted.com\" data-type=\"link\" data-id=\"www.ted.com\" target=\"_blank\" rel=\"noopener\">TED Talks<\/a>\n<\/strong>: Rozs\u00e1hl\u00fd zdroj p\u0159edn\u00e1\u0161ek odborn\u00edk\u016f na \u0161irokou \u0161k\u00e1lu t\u00e9mat, v\u010detn\u011b osobn\u00edho rozvoje, psychologie a \u017eivotn\u00ed filozofie.<\/li>\n\n\n\n<li><strong>\n  <a href=\"https:\/\/www.mindful.org\/\" data-type=\"link\" data-id=\"https:\/\/www.mindful.org\/\" target=\"_blank\" rel=\"noopener\">Mindful.org<\/a>\n<\/strong>: Pokladnice zdroj\u016f o v\u0161\u00edmavosti a meditaci, kter\u00e1 nab\u00edz\u00ed praktick\u00e9 tipy a poznatky pro ka\u017edodenn\u00ed \u017eivot.<\/li>\n\n\n\n<li><strong>\n  <a href=\"http:\/\/www.gretchenrubin.com\" data-type=\"link\" data-id=\"www.gretchenrubin.com\" target=\"_blank\" rel=\"noopener\">Projekt \u0160t\u011bst\u00ed<\/a>\n<\/strong>: Gretchen Rubinov\u00e1 zkoum\u00e1 \u0161t\u011bst\u00ed a lidskou p\u0159irozenost a p\u0159in\u00e1\u0161\u00ed praktick\u00e9 rady a promy\u0161len\u00e9 experimenty.<\/li>\n<\/ul>\n<\/li>\n<\/ol>\n<\/div><\/div>\n\n<div style=\"height:33px\" aria-hidden=\"true\" class=\"wp-block-spacer\"><\/div>\n\n<h2 id='cit\u00e1ty-o-p\u0159ij\u00edm\u00e1n\u00ed-zm\u011bn'  id=\"boomdevs_1\" class=\"wp-block-heading\" ><strong>Cit\u00e1ty o p\u0159ij\u00edm\u00e1n\u00ed zm\u011bn<\/strong><\/h2>\n\n<p>Zm\u011bna &#8211; m\u016f\u017ee b\u00fdt d\u011bsiv\u00e1, vzru\u0161uj\u00edc\u00ed a n\u011bkdy od oboj\u00edho trochu, \u017ee?  <\/p>\n\n<p>A\u0165 u\u017e jde o n\u00e1stup do nov\u00e9 pr\u00e1ce, st\u011bhov\u00e1n\u00ed do jin\u00e9ho m\u011bsta, nebo jen o zm\u011bnu ka\u017edodenn\u00ed rutiny, <strong>zm\u011bna je velkou sou\u010d\u00e1st\u00ed na\u0161eho \u017eivota<\/strong>. A bu\u010fme up\u0159\u00edmn\u00ed, <strong>n\u011bkdy pot\u0159ebujeme trochu popostr\u010dit, abychom to p\u0159ijali<\/strong>.  <\/p>\n\n<p>Zde je n\u011bkolik cit\u00e1t\u016f, kter\u00e9 v\u00e1m dodaj\u00ed energii:<\/p>\n\n<ul>\n<li>&#8220;Zm\u011bna nen\u00ed hrozba, ale p\u0159\u00edle\u017eitost. C\u00edlem nen\u00ed p\u0159e\u017eit\u00ed, ale transforma\u010dn\u00ed \u00fasp\u011bch.&#8221; &#8211; Seth Godin<\/li>\n<\/ul>\n\n<p><\/p>\n\n<ul>\n<li>&#8220;\u017divot je o zm\u011bn\u00e1ch, n\u011bkdy bolestiv\u00fdch, n\u011bkdy kr\u00e1sn\u00fdch, ale v\u011bt\u0161inou je to oboj\u00ed.&#8221; &#8211; Kristin Kreuk<\/li>\n<\/ul>\n\n<p><\/p>\n\n<ul>\n<li>&#8220;Jedin\u00fd zp\u016fsob, jak d\u00e1t zm\u011bn\u00e1m smysl, je pono\u0159it se do nich, pohybovat se s nimi a zapojit se do tance.&#8221; &#8211; Alan Watts<\/li>\n<\/ul>\n\n<p><\/p>\n\n<ul>\n<li>&#8220;Zm\u011bnu mus\u00edte p\u0159ijmout jako pravidlo, ale ne jako sv\u00e9ho vl\u00e1dce.&#8221; &#8211; Denis Waitley<\/li>\n<\/ul>\n\n<p><\/p>\n\n<ul>\n<li>&#8220;Zm\u011b\u0148te sv\u00e9 my\u0161lenky a zm\u011bn\u00edte sv\u016fj sv\u011bt.&#8221; &#8211; Norman Vincent Peale<\/li>\n<\/ul>\n\n<p><\/p>\n\n<ul>\n<li>&#8220;Tajemstv\u00ed zm\u011bny spo\u010d\u00edv\u00e1 v tom, \u017ee ve\u0161kerou svou energii nesoust\u0159ed\u00edte na boj se star\u00fdm, ale na budov\u00e1n\u00ed nov\u00e9ho.&#8221; &#8211; Sokrates (postava z knihy Dana Millmana &#8220;Cesta pokojn\u00e9ho bojovn\u00edka&#8221;)<\/li>\n<\/ul>\n\n<p><\/p>\n\n<ul>\n<li>&#8220;V\u011bci se m\u011bn\u00ed. A p\u0159\u00e1tel\u00e9 odch\u00e1zej\u00ed. \u017divot se pro nikoho nezastav\u00ed.&#8221; &#8211; Stephen Chbosky<\/li>\n<\/ul>\n\n<p><\/p>\n\n<ul>\n<li>&#8220;V\u017edycky se \u0159\u00edk\u00e1, \u017ee \u010das m\u011bn\u00ed v\u011bci, ale ve skute\u010dnosti je mus\u00edte zm\u011bnit sami.&#8221; &#8211; Andy Warhol<\/li>\n<\/ul>\n\n<p><\/p>\n\n<ul>\n<li>&#8220;Zm\u011bna je z\u00e1konem \u017eivota. A kdo se d\u00edv\u00e1 jen do minulosti nebo p\u0159\u00edtomnosti, ur\u010dit\u011b mu unikne budoucnost.&#8221; &#8211; John F. Kennedy<\/li>\n<\/ul>\n\n<p><\/p>\n\n<ul>\n<li>&#8220;Zlep\u0161ovat se znamen\u00e1 m\u011bnit se, b\u00fdt dokonal\u00fd znamen\u00e1 \u010dasto se m\u011bnit.&#8221; &#8211; Winston Churchill<\/li>\n<\/ul>\n\n<div style=\"height:33px\" aria-hidden=\"true\" class=\"wp-block-spacer\"><\/div>\n\n<p class=\"has-luminous-vivid-amber-background-color has-background\">Zamyslete se nad ned\u00e1vnou zm\u011bnou ve sv\u00e9m \u017eivot\u011b. Jak jste se zpo\u010d\u00e1tku c\u00edtil a jak se na to d\u00edv\u00e1te nyn\u00ed? Dok\u00e1\u017eete identifikovat n\u011bjak\u00e9 pozitivn\u00ed v\u00fdsledky nebo p\u0159\u00edle\u017eitosti, kter\u00e9 z t\u00e9to zm\u011bny vyplynuly?<\/p>\n\n<div style=\"height:33px\" aria-hidden=\"true\" class=\"wp-block-spacer\"><\/div>\n\n<p>Ka\u017ed\u00fd z t\u011bchto cit\u00e1t\u016f nab\u00edz\u00ed jedine\u010dn\u00fd pohled na zm\u011bnu, \u017ee? N\u011bkte\u0159\u00ed v tom vid\u00ed p\u0159\u00edle\u017eitost k r\u016fstu, jin\u00ed n\u00e1m p\u0159ipom\u00ednaj\u00ed, \u017ee je to p\u0159irozen\u00e1 a trval\u00e1 sou\u010d\u00e1st \u017eivota.  <\/p>\n\n<p><strong>A\u017e v\u00e1s p\u0159\u00ed\u0161t\u011b \u010dek\u00e1 velk\u00e1 zm\u011bna, vzpome\u0148te si na tato slova<\/strong>. Mo\u017en\u00e1, \u017ee n\u011bkter\u00fd z nich bude jemn\u00fdm pob\u00eddnut\u00edm nebo odv\u00e1\u017en\u00fdm impulsem, kter\u00fd pot\u0159ebujete, abyste novou kapitolu sv\u00e9ho \u017eivota p\u0159ijali s v\u011bt\u0161\u00ed d\u016fv\u011brou.<\/p>\n\n<div style=\"height:33px\" aria-hidden=\"true\" class=\"wp-block-spacer\"><\/div>\n\n<h2 id='cit\u00e1ty-o-p\u0159ekon\u00e1v\u00e1n\u00ed-v\u00fdzev'  id=\"boomdevs_2\" class=\"wp-block-heading\" ><strong>Cit\u00e1ty o p\u0159ekon\u00e1v\u00e1n\u00ed v\u00fdzev<\/strong><\/h2>\n\n<p>P\u0159iznejme si, \u017ee v\u0161ichni \u010das od \u010dasu nar\u00e1\u017e\u00edme na p\u0159ek\u00e1\u017eky na cest\u011b. A\u0165 u\u017e jde o t\u011b\u017ek\u00fd den v pr\u00e1ci, osobn\u00ed ne\u00fasp\u011bch nebo jen o jeden z t\u011bch dn\u016f, kdy se zd\u00e1, \u017ee se v\u0161echno neda\u0159\u00ed, <strong>\u017eivot n\u00e1m m\u016f\u017ee p\u0159ipravit n\u011bkolik p\u0159ek\u00e1\u017eek. <\/strong> <\/p>\n\n<p>Ale z\u00e1le\u017e\u00ed na <strong>tom, jak je chyt\u00edme, ne?<\/strong> <\/p>\n\n<p>Zde je n\u011bkolik cit\u00e1t\u016f, kter\u00e9 <strong>v\u00e1m p\u0159ipomenou va\u0161i s\u00edlu a odolnost v t\u011b\u017ek\u00fdch chv\u00edl\u00edch<\/strong>:<\/p>\n\n<ul>\n<li>&#8220;\u010c\u00edm v\u011bt\u0161\u00ed p\u0159ek\u00e1\u017eka, t\u00edm v\u011bt\u0161\u00ed sl\u00e1va za jej\u00ed p\u0159ekon\u00e1n\u00ed.&#8221; &#8211; Moli\u00e8re<\/li>\n<\/ul>\n\n<p><\/p>\n\n<ul>\n<li>&#8220;V\u00fdzvy d\u011blaj\u00ed \u017eivot zaj\u00edmav\u00fdm a jejich p\u0159ekon\u00e1v\u00e1n\u00ed smyslupln\u00fdm.&#8221; &#8211; Joshua J. Marine<\/li>\n<\/ul>\n\n<p><\/p>\n\n<ul>\n<li>&#8220;Odvahu nez\u00edsk\u00e1me t\u00edm, \u017ee budeme ka\u017ed\u00fd den \u0161\u0165astn\u00ed. Rozv\u00edj\u00edme ji t\u00edm, \u017ee p\u0159e\u017e\u00edv\u00e1me t\u011b\u017ek\u00e9 \u010dasy a \u010del\u00edme nep\u0159\u00edzni osudu.&#8221; &#8211; Barbara De Angelis<\/li>\n<\/ul>\n\n<p><\/p>\n\n<ul>\n<li>&#8220;Mo\u017en\u00e1 bude\u0161 muset bojovat v\u00edcekr\u00e1t, abys vyhr\u00e1l bitvu.&#8221; &#8211; Margaret Thatcherov\u00e1<\/li>\n<\/ul>\n\n<p><\/p>\n\n<ul>\n<li>&#8220;T\u011b\u017ek\u00e9 \u010dasy v\u00e1s mo\u017en\u00e1 dr\u017e\u00ed p\u0159i zemi, ale nebudou trvat v\u011b\u010dn\u011b. A\u017e bude po v\u0161em, bude\u0161 m\u00edt v\u00edce.&#8221; &#8211; Joel Osteen<\/li>\n<\/ul>\n\n<p><\/p>\n\n<ul>\n<li>&#8220;Jedin\u00fdm omezen\u00edm na\u0161\u00ed realizace z\u00edt\u0159ka budou na\u0161e dne\u0161n\u00ed pochybnosti.&#8221; &#8211; Franklin D. Roosevelt<\/li>\n<\/ul>\n\n<p><\/p>\n\n<ul>\n<li>&#8220;Nejde o to, \u017ee bych byl tak chytr\u00fd, ale o to, \u017ee u probl\u00e9m\u016f z\u016fst\u00e1v\u00e1m d\u00e9le.&#8221; &#8211; Albert Einstein<\/li>\n<\/ul>\n\n<p><\/p>\n\n<ul>\n<li>&#8220;Probl\u00e9m je p\u0159\u00edle\u017eitost, abyste ze sebe vydali to nejlep\u0161\u00ed.&#8221; &#8211; Duke Ellington<\/li>\n<\/ul>\n\n<p><\/p>\n\n<ul>\n<li>&#8220;S\u00edla nep\u0159ich\u00e1z\u00ed z v\u00edt\u011bzstv\u00ed. Va\u0161e boje rozv\u00edjej\u00ed va\u0161i s\u00edlu.&#8221; &#8211; Arnold Schwarzenegger<\/li>\n<\/ul>\n\n<p><\/p>\n\n<ul>\n<li>&#8220;Dok\u00e1\u017eu se sm\u00ed\u0159it s ne\u00fasp\u011bchem, ka\u017ed\u00e9mu se n\u011bco nepovede. Ale nedok\u00e1\u017eu se sm\u00ed\u0159it s t\u00edm, \u017ee to nezkus\u00edm.&#8221; &#8211; Michael Jordan<\/li>\n<\/ul>\n\n<div style=\"height:33px\" aria-hidden=\"true\" class=\"wp-block-spacer\"><\/div>\n\n<p class=\"has-luminous-vivid-amber-background-color has-background\">Vzpome\u0148te si na v\u00fdzvu, kter\u00e9 jste ned\u00e1vno \u010delili. Jak se v\u00e1m to poda\u0159ilo p\u0159ekonat a co jste se p\u0159itom o sob\u011b dozv\u011bd\u011bli?<\/p>\n\n<div style=\"height:33px\" aria-hidden=\"true\" class=\"wp-block-spacer\"><\/div>\n\n<p>Ka\u017ed\u00fd z t\u011bchto cit\u00e1t\u016f poch\u00e1z\u00ed od n\u011bkoho, kdo se s\u00e1m postavil v\u00fdzv\u00e1m a na druh\u00e9 stran\u011b z nich vy\u0161el siln\u011bj\u0161\u00ed.  <\/p>\n\n<p>N\u011bkdy je <strong>v\u011bdom\u00ed, \u017ee i ostatn\u00ed pro\u0161li kamenitou cestou a zvl\u00e1dli ji, t\u00edm, co pot\u0159ebujeme, abychom se posouvali vp\u0159ed<\/strong>.  <\/p>\n\n<p>Tak\u017ee a\u017e se p\u0159\u00ed\u0161t\u011b budete pot\u00fdkat s v\u00fdzvou, vzpome\u0148te si na tato slova a  <strong>v\u011bzte, \u017ee m\u00e1te s\u00edlu to p\u0159ekonat. M\u00e1\u0161 to m\u00edt!<\/strong><\/p>\n\n<div style=\"height:33px\" aria-hidden=\"true\" class=\"wp-block-spacer\"><\/div>\n\n<h2 id='cit\u00e1ty-o-produktivit\u011b-a-efektivit\u011b'  id=\"boomdevs_3\" class=\"wp-block-heading\" ><strong>Cit\u00e1ty o produktivit\u011b a efektivit\u011b<\/strong><\/h2>\n\n<p>M\u00e1te seznam \u00fakol\u016f, kter\u00fd se zd\u00e1 b\u00fdt nekone\u010dn\u00fd? Nebo se mo\u017en\u00e1 jen sna\u017e\u00edte naj\u00edt tu spr\u00e1vnou cestu, kdy se v\u00e1m da\u0159\u00ed v\u011bci d\u011blat, ani\u017e byste vyho\u0159eli. V\u0161ichni jsme to za\u017eili.  <\/p>\n\n<p>N\u011bkdy m\u016f\u017ee b\u00fdt trocha moudrosti od t\u011bch, kte\u0159\u00ed ovl\u00e1daj\u00ed um\u011bn\u00ed b\u00fdt produktivn\u00ed, tou spr\u00e1vnou jiskrou, kterou pot\u0159ebujeme.  <\/p>\n\n<p>Pod\u00edvejte se na tyto cit\u00e1ty, kter\u00e9 v\u00e1m pomohou naj\u00edt spr\u00e1vnou cestu k produktivit\u011b:<\/p>\n\n<ul>\n<li>&#8220;Nejd\u0159\u00edv ud\u011blejte t\u011b\u017ekou pr\u00e1ci. Lehk\u00e9 \u00fakoly se vy\u0159e\u0161\u00ed samy.&#8221; &#8211; Dale Carnegie<\/li>\n<\/ul>\n\n<p><\/p>\n\n<ul>\n<li>&#8220;Amat\u00e9\u0159i sed\u00ed a \u010dekaj\u00ed na inspiraci, my ostatn\u00ed prost\u011b vstaneme a jdeme pracovat.&#8221; &#8211; Stephen King<\/li>\n<\/ul>\n\n<p><\/p>\n\n<ul>\n<li>&#8220;Zam\u011b\u0159te se na produktivitu m\u00edsto na zanepr\u00e1zdn\u011bnost.&#8221; &#8211; Tim Ferriss<\/li>\n<\/ul>\n\n<p><\/p>\n\n<ul>\n<li>&#8220;Produktivita je schopnost d\u011blat v\u011bci, kter\u00e9 jste nikdy p\u0159edt\u00edm nedok\u00e1zali.&#8221; &#8211; Franz Kafka<\/li>\n<\/ul>\n\n<p><\/p>\n\n<ul>\n<li>&#8220;Efektivita znamen\u00e1 d\u011blat v\u011bci spr\u00e1vn\u011b, efektivita znamen\u00e1 d\u011blat spr\u00e1vn\u00e9 v\u011bci.&#8221; &#8211; Peter Drucker<\/li>\n<\/ul>\n\n<p><\/p>\n\n<ul>\n<li>&#8220;Kl\u00ed\u010dem k \u00fasp\u011bchu nen\u00ed stanovit si priority, ale napl\u00e1novat si je.&#8221; &#8211; Stephen Covey<\/li>\n<\/ul>\n\n<p><\/p>\n\n<ul>\n<li>&#8220;Nejd\u0159\u00edve je t\u0159eba p\u0159estat mluvit a za\u010d\u00edt d\u011blat.&#8221; &#8211; Walt Disney<\/li>\n<\/ul>\n\n<p><\/p>\n\n<ul>\n<li>&#8220;B\u00fdt zanepr\u00e1zdn\u011bn\u00fd nemus\u00ed v\u017edy znamenat skute\u010dnou pr\u00e1ci. C\u00edlem ka\u017ed\u00e9 pr\u00e1ce je v\u00fdroba nebo \u00fasp\u011bch.&#8221; &#8211; Thomas A. Edison<\/li>\n<\/ul>\n\n<p><\/p>\n\n<ul>\n<li>&#8220;Va\u0161e mysl je ur\u010dena k tomu, abyste m\u011bli n\u00e1pady, ne abyste je udr\u017eovali.&#8221; &#8211; David Allen<\/li>\n<\/ul>\n\n<p><\/p>\n\n<ul>\n<li>&#8220;Nejm\u00e9n\u011b produktivn\u00ed lid\u00e9 jsou obvykle ti, kte\u0159\u00ed jsou nejv\u00edce naklon\u011bni po\u0159\u00e1d\u00e1n\u00ed sch\u016fz\u00ed.&#8221; &#8211; Thomas Sowell<\/li>\n<\/ul>\n\n<div style=\"height:33px\" aria-hidden=\"true\" class=\"wp-block-spacer\"><\/div>\n\n<p class=\"has-luminous-vivid-amber-background-color has-background\">Ur\u010dete si jednu oblast, ve kter\u00e9 byste cht\u011bli b\u00fdt produktivn\u011bj\u0161\u00ed nebo efektivn\u011bj\u0161\u00ed. Jak\u00e9 konkr\u00e9tn\u00ed kroky m\u016f\u017eete podniknout, abyste se v t\u00e9to oblasti zlep\u0161ili, a jak tyto zm\u011bny ovlivn\u00ed v\u00e1\u0161 ka\u017edodenn\u00ed \u017eivot?<\/p>\n\n<div style=\"height:33px\" aria-hidden=\"true\" class=\"wp-block-spacer\"><\/div>\n\n<p>Tyto cit\u00e1ty v\u00e1m pomohou <strong>soust\u0159edit se na to, co je opravdu d\u016fle\u017eit\u00e9, a naj\u00edt efektivn\u011bj\u0161\u00ed zp\u016fsoby, jak zvl\u00e1dnout sv\u016fj den<\/strong>. Nezapome\u0148te, \u017ee <strong>nejde o to, abyste ka\u017edou minutu dne zaplnili \u00fakoly, ale o to, aby se ty minuty po\u010d\u00edtaly.<\/strong> <\/p>\n\n<p>A\u017e se p\u0159\u00ed\u0161t\u011b budete c\u00edtit zaseknut\u00ed ve vyjet\u00fdch kolej\u00edch, vzpome\u0148te si na tato moudra a trochu povzbu\u010fte svou produktivitu.  <\/p>\n\n<p><strong>M\u00e1te na to, abyste si dne\u0161n\u00ed den zapamatovali!<\/strong><\/p>\n\n<div style=\"height:33px\" aria-hidden=\"true\" class=\"wp-block-spacer\"><\/div>\n\n<h2 id='cit\u00e1ty-o-p\u00e9\u010di-o-sebe-a-wellness'  id=\"boomdevs_4\" class=\"wp-block-heading\" ><strong>Cit\u00e1ty o p\u00e9\u010di o sebe a wellness<\/strong><\/h2>\n\n<p>V ka\u017edodenn\u00edm shonu <strong>je velmi snadn\u00e9 zapomenout si ud\u011blat chvilku pro sebe<\/strong>. P\u00e9\u010de o sebe sama nen\u00ed jen m\u00f3dn\u00ed slovo, ale m\u00e1 <strong>z\u00e1sadn\u00ed v\u00fdznam pro na\u0161i du\u0161evn\u00ed i fyzickou pohodu<\/strong>.  <\/p>\n\n<p>Pot\u0159ebujete malou p\u0159ipom\u00ednku, abyste se zapsali na seznam \u00fakol\u016f?  <\/p>\n\n<p>Tyto cit\u00e1ty jsou tu proto, aby v\u00e1s jemn\u011b postr\u010dily k p\u00e9\u010di o sebe a sv\u00e9 zdrav\u00ed:<\/p>\n\n<ul>\n<li>&#8220;P\u00e9\u010de o sebe sama nen\u00ed po\u017eitk\u00e1\u0159stv\u00ed, ale sebez\u00e1chova, a to je akt politick\u00e9ho boje.&#8221; &#8211; Audre Lorde<\/li>\n<\/ul>\n\n<p><\/p>\n\n<ul>\n<li>&#8220;P\u00e9\u010de o sebe sama je zp\u016fsob, jak z\u00edskat zp\u011bt svou moc.&#8221; &#8211; Lalah Delia<\/li>\n<\/ul>\n\n<p><\/p>\n\n<ul>\n<li>&#8220;Odpo\u010dinek a p\u00e9\u010de o sebe jsou velmi d\u016fle\u017eit\u00e9. Kdy\u017e si ud\u011bl\u00e1te \u010das na dopln\u011bn\u00ed sv\u00e9ho ducha, umo\u017en\u00ed v\u00e1m to slou\u017eit druh\u00fdm.&#8221; &#8211; Eleanor Brownn<\/li>\n<\/ul>\n\n<p><\/p>\n\n<ul>\n<li>&#8220;Kdy\u017e ho na p\u00e1r minut odpoj\u00edte, bude zase fungovat skoro v\u0161echno, v\u010detn\u011b v\u00e1s.&#8221; &#8211; Anne Lamottov\u00e1<\/li>\n<\/ul>\n\n<p><\/p>\n\n<ul>\n<li>&#8220;Nejv\u011bt\u0161\u00edm bohatstv\u00edm je zdrav\u00ed.&#8221; &#8211; Vergilius<\/li>\n<\/ul>\n\n<p><\/p>\n\n<ul>\n<li>&#8220;Milovat s\u00e1m sebe je za\u010d\u00e1tek celo\u017eivotn\u00edho rom\u00e1nku.&#8221; &#8211; Oscar Wilde<\/li>\n<\/ul>\n\n<p><\/p>\n\n<ul>\n<li>&#8220;Starat se o sebe neznamen\u00e1 v prvn\u00ed \u0159ad\u011b j\u00e1, ale tak\u00e9 j\u00e1.&#8221; &#8211; L.R. Knost<\/li>\n<\/ul>\n\n<p><\/p>\n\n<ul>\n<li>&#8220;P\u00e9\u010de o sebe znamen\u00e1 d\u00e1t sv\u011btu to nejlep\u0161\u00ed z v\u00e1s, m\u00edsto toho, co z v\u00e1s zbylo.&#8221; &#8211; Katie Reedov\u00e1<\/li>\n<\/ul>\n\n<p><\/p>\n\n<ul>\n<li>&#8220;Dlu\u017e\u00ed\u0161 si l\u00e1sku, kterou tak ochotn\u011b d\u00e1v\u00e1\u0161 druh\u00fdm lidem.&#8221; &#8211; Nezn\u00e1m\u00fd<\/li>\n<\/ul>\n\n<p><\/p>\n\n<ul>\n<li>&#8220;Mluvte se sebou jako s n\u011bk\u00fdm, koho milujete.&#8221; &#8211; Bren\u00e9 Brownov\u00e1<\/li>\n<\/ul>\n\n<div style=\"height:33px\" aria-hidden=\"true\" class=\"wp-block-spacer\"><\/div>\n\n<p class=\"has-luminous-vivid-amber-background-color has-background\">Co pro v\u00e1s znamen\u00e1 p\u00e9\u010de o sebe sama a jak ji v sou\u010dasn\u00e9 dob\u011b za\u010dle\u0148ujete do sv\u00e9ho denn\u00edho re\u017eimu? Popi\u0161te jeden nov\u00fd postup p\u00e9\u010de o sebe, kter\u00fd byste cht\u011bli vyzkou\u0161et, a pro\u010d.<\/p>\n\n<div style=\"height:33px\" aria-hidden=\"true\" class=\"wp-block-spacer\"><\/div>\n\n<p>Tyto cit\u00e1ty v\u00e1m p\u0159ipomenou, \u017ee <strong>starat se o sebe nen\u00ed sobeck\u00e9<\/strong>, ale nezbytn\u00e9. A\u0165 u\u017e je to dlouh\u00e1 koupel, \u010dten\u00ed dobr\u00e9 knihy nebo jen p\u00e1r minut na to, abyste se <strong>\n  <a href=\"https:\/\/luciepo.com\/cs\/10-ucinnych-somatickych-dechovych-cviceni-dychaci-trenink-somatic-breathwork\/\" data-type=\"link\" data-id=\"https:\/\/luciepo.com\/somatic-breathing-exercises\/\">d\u00fdchat a b\u00fdt p\u0159\u00edtomen<\/a>\n<\/strong>, je p\u00e9\u010de o sebe <strong>kl\u00ed\u010dem k dopln\u011bn\u00ed energie pro va\u0161i mysl a t\u011blo<\/strong>.  <\/p>\n\n<p>Nezapom\u00ednejte si tedy v tom v\u0161em shonu ud\u011blat \u010das i na sebe.  <strong>Zaslou\u017e\u00edte si to!<\/strong><\/p>\n\n<div style=\"height:33px\" aria-hidden=\"true\" class=\"wp-block-spacer\"><\/div>\n\n<h2 id='cit\u00e1ty-o-vztaz\u00edch-a-komunit\u011b'  id=\"boomdevs_5\" class=\"wp-block-heading\" ><strong>Cit\u00e1ty o vztaz\u00edch a komunit\u011b<\/strong><\/h2>\n\n<p>V tomto digit\u00e1ln\u00edm sv\u011bt\u011b, kde jsme \u010dasto zahled\u011bni do obrazovek, je <strong>d\u016fle\u017eit\u00e9 m\u00edt na pam\u011bti hodnotu skute\u010dn\u00fdch lidsk\u00fdch vztah\u016f<\/strong>. A\u0165 u\u017e jde o rodinu, p\u0159\u00e1tele nebo \u0161ir\u0161\u00ed komunitu, vztahy jsou z\u00e1kladem napln\u011bn\u00e9ho \u017eivota.  <\/p>\n\n<p>Pot\u0159ebujete trochu inspirace k rozv\u00edjen\u00ed sv\u00fdch kontakt\u016f?  <\/p>\n\n<p>Zde je n\u011bkolik cit\u00e1t\u016f, kter\u00e9 zd\u016fraz\u0148uj\u00ed kr\u00e1su a d\u016fle\u017eitost vztah\u016f:<\/p>\n\n<ul>\n<li>&#8220;Nejd\u016fle\u017eit\u011bj\u0161\u00ed v \u017eivot\u011b jsou vztahy, kter\u00e9 navazujete s ostatn\u00edmi.&#8221; &#8211; Tom Ford<\/li>\n<\/ul>\n\n<p><\/p>\n\n<ul>\n<li>&#8220;Ve vztahu se rod\u00edme, ve vztahu jsme zran\u011bni a ve vztahu se m\u016f\u017eeme uzdravit.&#8221; &#8211; Harville Hendrix<\/li>\n<\/ul>\n\n<p><\/p>\n\n<ul>\n<li>&#8220;Za dva m\u011bs\u00edce z\u00edsk\u00e1te v\u00edce p\u0159\u00e1tel t\u00edm, \u017ee se za\u010dnete zaj\u00edmat o jin\u00e9 lidi, ne\u017e za dva roky t\u00edm, \u017ee se budete sna\u017eit, aby se jin\u00ed lid\u00e9 zaj\u00edmali o v\u00e1s.&#8221; &#8211; Dale Carnegie<\/li>\n<\/ul>\n\n<p><\/p>\n\n<ul>\n<li>&#8220;Osobn\u00ed vztahy jsou \u00farodnou p\u016fdou, z n\u00ed\u017e vyr\u016fst\u00e1 ve\u0161ker\u00fd pokrok, ve\u0161ker\u00fd \u00fasp\u011bch, ve\u0161ker\u00e9 \u00fasp\u011bchy v re\u00e1ln\u00e9m \u017eivot\u011b.&#8221; &#8211; Ben Stein<\/li>\n<\/ul>\n\n<p><\/p>\n\n<ul>\n<li>&#8220;Co jsme si jednou u\u017eili, nem\u016f\u017eeme nikdy ztratit. V\u0161e, co hluboce milujeme, se st\u00e1v\u00e1 na\u0161\u00ed sou\u010d\u00e1st\u00ed.&#8221; &#8211; Helen Kellerov\u00e1<\/li>\n<\/ul>\n\n<p><\/p>\n\n<ul>\n<li>&#8220;S dobrou spole\u010dnost\u00ed nen\u00ed \u017e\u00e1dn\u00e1 cesta dlouh\u00e1.&#8221; &#8211; Tureck\u00e9 p\u0159\u00edslov\u00ed<\/li>\n<\/ul>\n\n<p><\/p>\n\n<ul>\n<li>&#8220;Spojen\u00ed definuji jako energii, kter\u00e1 existuje mezi lidmi, kdy\u017e se c\u00edt\u00ed vid\u011bni, sly\u0161eni a oce\u0148ov\u00e1ni.&#8221; &#8211; Bren\u00e9 Brownov\u00e1<\/li>\n<\/ul>\n\n<p><\/p>\n\n<ul>\n<li>&#8220;S\u00edla n\u00e1roda se odv\u00edj\u00ed od integrity domova.&#8221; &#8211; Konfucius<\/li>\n<\/ul>\n\n<p><\/p>\n\n<ul>\n<li>&#8220;Sami m\u016f\u017eeme ud\u011blat tak m\u00e1lo, spole\u010dn\u011b m\u016f\u017eeme ud\u011blat tak mnoho.&#8221; &#8211; Helen Kellerov\u00e1<\/li>\n<\/ul>\n\n<p><\/p>\n\n<ul>\n<li>&#8220;Ka\u017ed\u00fd p\u0159\u00edtel v n\u00e1s p\u0159edstavuje sv\u011bt, kter\u00fd se mo\u017en\u00e1 zrodil a\u017e po jeho p\u0159\u00edchodu.&#8221; &#8211; Ana\u00efs Nin<\/li>\n<\/ul>\n\n<div style=\"height:33px\" aria-hidden=\"true\" class=\"wp-block-spacer\"><\/div>\n\n<p class=\"has-luminous-vivid-amber-background-color has-background\">Zamyslete se nad sv\u00fdm nejv\u00fdznamn\u011bj\u0161\u00edm vztahem. \u010c\u00edm je v\u00fdjime\u010dn\u00e1 a jak p\u0159isp\u00edv\u00e1te k jej\u00ed s\u00edle a pozitivit\u011b?<\/p>\n\n<div style=\"height:33px\" aria-hidden=\"true\" class=\"wp-block-spacer\"><\/div>\n\n<p>A\u0165 v\u00e1s tato slova povzbud\u00ed k tomu, abyste <strong>nav\u00e1zali kontakt, nav\u00e1zali spojen\u00ed a v\u00e1\u017eili si vztah\u016f ve sv\u00e9m \u017eivot\u011b<\/strong>. A\u0165 u\u017e se jedn\u00e1 o rychl\u00fd telefon\u00e1t, srde\u010dn\u00fd rozhovor nebo jen spole\u010dn\u011b str\u00e1ven\u00fd \u010das, <strong>ka\u017ed\u00e9 \u00fasil\u00ed se po\u010d\u00edt\u00e1 pro pos\u00edlen\u00ed va\u0161ich vazeb<\/strong>. Koneckonc\u016f jsou to pr\u00e1v\u011b <strong>lid\u00e9 v na\u0161em \u017eivot\u011b, kv\u016fli kter\u00fdm stoj\u00ed za to se vydat na cestu.<\/strong><\/p>\n\n<div style=\"height:33px\" aria-hidden=\"true\" class=\"wp-block-spacer\"><\/div>\n\n<h2 id='cit\u00e1ty-o-stanovov\u00e1n\u00ed-c\u00edl\u016f-a-aspirac\u00edch'  id=\"boomdevs_6\" class=\"wp-block-heading\" ><strong>Cit\u00e1ty o stanovov\u00e1n\u00ed c\u00edl\u016f a aspirac\u00edch<\/strong><\/h2>\n\n<p>M\u00e1te velk\u00e9 sny a pl\u00e1ny do budoucna? <strong>Stanoven\u00ed c\u00edl\u016f je d\u016fle\u017eitou sou\u010d\u00e1st\u00ed prom\u011bny t\u011bchto sn\u016f ve skute\u010dnost. <\/strong>Ale bu\u010fme up\u0159\u00edmn\u00ed, <strong>n\u011bkdy se to sn\u00e1ze \u0159ekne, ne\u017e ud\u011bl\u00e1<\/strong>. A\u0165 u\u017e se chyst\u00e1te na novou kari\u00e9rn\u00ed cestu, osobn\u00ed rozvoj nebo se jen sna\u017e\u00edte v n\u011b\u010dem zlep\u0161it, trocha inspirace v\u00e1m pom\u016f\u017ee.  <\/p>\n\n<p>Zde je n\u011bkolik cit\u00e1t\u016f, kter\u00e9 podpo\u0159\u00ed va\u0161e ambice a pomohou v\u00e1m udr\u017eet se na cest\u011b za sv\u00fdmi c\u00edli:<\/p>\n\n<ul>\n<li>&#8220;Stanoven\u00ed c\u00edl\u016f je prvn\u00edm krokem k tomu, aby se neviditeln\u00e9 stalo viditeln\u00fdm.&#8221; &#8211; Tony Robbins<\/li>\n<\/ul>\n\n<p><\/p>\n\n<ul>\n<li>&#8220;C\u00edl bez pl\u00e1nu je jen p\u0159\u00e1n\u00ed.&#8221; &#8211; Antoine de Saint-Exup\u00e9ry<\/li>\n<\/ul>\n\n<p><\/p>\n\n<ul>\n<li>&#8220;Budoucnost pat\u0159\u00ed t\u011bm, kte\u0159\u00ed v\u011b\u0159\u00ed v kr\u00e1su sv\u00fdch sn\u016f.&#8221; &#8211; Eleanor Rooseveltov\u00e1<\/li>\n<\/ul>\n\n<p><\/p>\n\n<ul>\n<li>&#8220;T\u00edm, \u017ee si sv\u00e9 sny a c\u00edle zaznamen\u00e1te na pap\u00edr, spust\u00edte proces, b\u011bhem kter\u00e9ho se stanete t\u00edm, k\u00fdm si nejv\u00edce p\u0159ejete b\u00fdt.&#8221; &#8211; Mark Victor Hansen<\/li>\n<\/ul>\n\n<p><\/p>\n\n<ul>\n<li>&#8220;Va\u0161e c\u00edle jsou pl\u00e1ny, kter\u00e9 v\u00e1s vedou a ukazuj\u00ed v\u00e1m, co je ve va\u0161em \u017eivot\u011b mo\u017en\u00e9.&#8221; &#8211; Les Brown<\/li>\n<\/ul>\n\n<p><\/p>\n\n<ul>\n<li>&#8220;To, co z\u00edsk\u00e1te dosa\u017een\u00edm sv\u00fdch c\u00edl\u016f, nen\u00ed tak d\u016fle\u017eit\u00e9 jako to, \u010d\u00edm se stanete, kdy\u017e dos\u00e1hnete sv\u00fdch c\u00edl\u016f.&#8221; &#8211; Zig Ziglar<\/li>\n<\/ul>\n\n<p><\/p>\n\n<ul>\n<li>&#8220;Nejde o dokonalost. Je to o \u00fasil\u00ed. A kdy\u017e se sna\u017e\u00edte ka\u017ed\u00fd den, doch\u00e1z\u00ed k transformaci.&#8221; &#8211; Jillian Michaels<\/li>\n<\/ul>\n\n<p><\/p>\n\n<ul>\n<li>&#8220;Nikdy nejste p\u0159\u00edli\u0161 sta\u0159\u00ed na to, abyste si stanovili dal\u0161\u00ed c\u00edl nebo snili nov\u00fd sen.&#8221; &#8211; C. S. Lewis<\/li>\n<\/ul>\n\n<p><\/p>\n\n<ul>\n<li>&#8220;Stanovte si vysok\u00e9 c\u00edle a nezastavujte se, dokud jich nedos\u00e1hnete.&#8221; &#8211; Bo Jackson<\/li>\n<\/ul>\n\n<p><\/p>\n\n<ul>\n<li>&#8220;\u017divotn\u00ed trag\u00e9die nespo\u010d\u00edv\u00e1 v tom, \u017ee nedos\u00e1hnete sv\u00e9ho c\u00edle. Trag\u00e9die spo\u010d\u00edv\u00e1 v tom, \u017ee nem\u00e1te \u017e\u00e1dn\u00fd c\u00edl, kter\u00e9ho byste dos\u00e1hli.&#8221; &#8211; Benjamin E. Mays<\/li>\n<\/ul>\n\n<div style=\"height:33px\" aria-hidden=\"true\" class=\"wp-block-spacer\"><\/div>\n\n<p class=\"has-luminous-vivid-amber-background-color has-background\">Napi\u0161te o c\u00edli, kter\u00fd jste si ned\u00e1vno stanovili. Pro\u010d je pro v\u00e1s tento c\u00edl d\u016fle\u017eit\u00fd a jak\u00fd pl\u00e1n jste zavedli k jeho dosa\u017een\u00ed?<\/p>\n\n<div style=\"height:33px\" aria-hidden=\"true\" class=\"wp-block-spacer\"><\/div>\n\n<p>A\u0165 jsou tyto cit\u00e1ty va\u0161imi pr\u016fvodci p\u0159i honb\u011b za va\u0161imi c\u00edli. Nezapome\u0148te, \u017ee <strong>nejde jen o dosa\u017een\u00ed c\u00edle, ale i o cestu, z\u00edskan\u00e9 zku\u0161enosti a \u010dlov\u011bka, kter\u00fdm se na t\u00e9to cest\u011b stanete<\/strong>.  <\/p>\n\n<p><strong>Sn\u011bte<\/strong> tedy ve <strong>velk\u00e9m, stanovte si sv\u00e9 c\u00edle a podnikn\u011bte kroky k jejich uskute\u010d<\/strong>n\u011bn\u00ed.  <\/p>\n\n<div style=\"height:33px\" aria-hidden=\"true\" class=\"wp-block-spacer\"><\/div>\n\n<h2 id='cit\u00e1ty-o-v\u0161\u00edmavosti-a-p\u0159\u00edtomnosti'  id=\"boomdevs_7\" class=\"wp-block-heading\" ><strong>Cit\u00e1ty o v\u0161\u00edmavosti a p\u0159\u00edtomnosti<\/strong><\/h2>\n\n<p>V na\u0161em rychl\u00e9m sv\u011bt\u011b je tak snadn\u00e9 nechat se un\u00e9st shonem a zapomenout \u017e\u00edt v p\u0159\u00edtomnosti. <strong><a href=\"https:\/\/en.wikipedia.org\/wiki\/Mindfulness\" data-type=\"link\" data-id=\"https:\/\/en.wikipedia.org\/wiki\/Mindfulness\" target=\"_blank\" rel=\"noopener\">Mindfulness<\/a> nen\u00ed jen m\u00f3dn\u00ed koncept<\/strong>; <strong>je to praxe, kter\u00e1 m\u016f\u017ee do na\u0161eho ka\u017edodenn\u00edho \u017eivota p\u0159in\u00e9st mnoho jasnosti a radosti<\/strong>.  <\/p>\n\n<p>Pokud chcete do sv\u00e9ho dne vn\u00e9st trochu v\u00edce p\u0159\u00edtomnosti, tyto cit\u00e1ty by v\u00e1m mohly b\u00fdt jemnou p\u0159ipom\u00ednkou, kterou pot\u0159ebujete:<\/p>\n\n<ul>\n<li>&#8220;V\u0161\u00edmavost nen\u00ed t\u011b\u017ek\u00e1, jen si na ni mus\u00edme vzpomenout.&#8221; &#8211; Sharon Salzberg<\/li>\n<\/ul>\n\n<p><\/p>\n\n<ul>\n<li>&#8220;P\u0159\u00edtomn\u00fd okam\u017eik je pln\u00fd radosti a \u0161t\u011bst\u00ed. Pokud jste pozorn\u00ed, uvid\u00edte to.&#8221; &#8211; Thich Nhat Hanh<\/li>\n<\/ul>\n\n<p><\/p>\n\n<ul>\n<li>&#8220;Bu\u010fte \u0161\u0165astn\u00ed v tomto okam\u017eiku, to sta\u010d\u00ed. Ka\u017ed\u00fd okam\u017eik je v\u0161e, co pot\u0159ebujeme, ne v\u00edc.&#8221; &#8211; Matka Tereza<\/li>\n<\/ul>\n\n<p><\/p>\n\n<ul>\n<li>&#8220;Bd\u011blost znamen\u00e1 b\u00fdt bd\u011bl\u00fd. Znamen\u00e1 to v\u011bd\u011bt, co d\u011bl\u00e1te.&#8221; &#8211; Jon Kabat-Zinn<\/li>\n<\/ul>\n\n<p><\/p>\n\n<ul>\n<li>&#8220;\u017divot je tanec. V\u0161\u00edmavost je sv\u011bdectv\u00edm tohoto tance.&#8221; &#8211; Amit Ray<\/li>\n<\/ul>\n\n<p><\/p>\n\n<ul>\n<li>&#8220;Nejlep\u0161\u00ed zp\u016fsob, jak zachytit okam\u017eiky, je v\u011bnovat jim pozornost. Takto si p\u011bstujeme v\u0161\u00edmavost.&#8221; &#8211; Jon Kabat-Zinn<\/li>\n<\/ul>\n\n<p><\/p>\n\n<ul>\n<li>&#8220;Ka\u017ed\u00fd \u010din sv\u00e9ho \u017eivota konej tak, jako by to byl tv\u016fj posledn\u00ed \u010din.&#8221; &#8211; Marcus Aurelius<\/li>\n<\/ul>\n\n<p><\/p>\n\n<ul>\n<li>&#8220;A\u0165 jsi kdekoli, bu\u010f tam cel\u00fd.&#8221; &#8211; Jim Elliot<\/li>\n<\/ul>\n\n<p><\/p>\n\n<ul>\n<li>&#8220;Um\u011bn\u00ed b\u00fdt moudr\u00fd je um\u011bn\u00ed v\u011bd\u011bt, co p\u0159ehl\u00ed\u017eet.&#8221; &#8211; William James<\/li>\n<\/ul>\n\n<p><\/p>\n\n<ul>\n<li>&#8220;V\u0161\u00edmavost je zp\u016fsob, jak se sp\u0159\u00e1telit se sebou sam\u00fdm a se svou zku\u0161enost\u00ed.&#8221; &#8211; Jon Kabat-Zinn<\/li>\n<\/ul>\n\n<div style=\"height:33px\" aria-hidden=\"true\" class=\"wp-block-spacer\"><\/div>\n\n<p class=\"has-luminous-vivid-amber-background-color has-background\">Popi\u0161te ned\u00e1vn\u00fd okam\u017eik, kdy jste se c\u00edtili skute\u010dn\u011b p\u0159\u00edtomn\u00ed a uv\u011bdom\u011bl\u00ed. Jak to ovlivnilo va\u0161i n\u00e1ladu a perspektivu?<\/p>\n\n<div style=\"height:33px\" aria-hidden=\"true\" class=\"wp-block-spacer\"><\/div>\n\n<p><strong>Zpomalte, d\u00fdchejte a oce\u0148te p\u0159\u00edtomnost tady a te\u010f<\/strong>. V\u0161\u00edmavost je o tom, \u017ee si mus\u00edte u\u017e\u00edvat ka\u017ed\u00fd krok na cest\u011b, a ne se jen hn\u00e1t k c\u00edli.  <\/p>\n\n<p><strong>A\u017e se p\u0159\u00ed\u0161t\u011b budete c\u00edtit p\u0159et\u00ed\u017eeni, zastavte se na chv\u00edli a prost\u011b bu\u010fte<\/strong>. Mo\u017en\u00e1 budete p\u0159ekvapeni, jak\u00fd klid a jasnost v\u00e1m to m\u016f\u017ee p\u0159in\u00e9st.<\/p>\n\n<div style=\"height:33px\" aria-hidden=\"true\" class=\"wp-block-spacer\"><\/div>\n\n<h2 id='cit\u00e1ty-o-\u017eivotn\u00ed-cest\u011b-a-u\u010den\u00ed'  id=\"boomdevs_8\" class=\"wp-block-heading\" ><strong>Cit\u00e1ty o \u017eivotn\u00ed cest\u011b a u\u010den\u00ed<\/strong><\/h2>\n\n<p>\u017divot je cesta, kter\u00e1 m\u00e1 sv\u00e9 vlastn\u00ed z\u00e1kruty, odbo\u010dky a lekce. N\u011bkdy v\u0161ichni pot\u0159ebujeme trochu moudrosti, kter\u00e1 n\u00e1m p\u0159ipomene, abychom si v\u00e1\u017eili j\u00edzdy a u\u010dili se z ka\u017ed\u00e9 zku\u0161enosti. A\u0165 u\u017e proch\u00e1z\u00edte velkou zm\u011bnou, slav\u00edte v\u00edt\u011bzstv\u00ed, nebo jen berete v\u011bci den po dni, tyto cit\u00e1ty v\u00e1m nab\u00eddnou perspektivu na kr\u00e1sn\u00e9 cest\u011b \u017eivotem:<\/p>\n\n<ul>\n<li>&#8220;\u017divot je cesta, kterou je t\u0159eba urazit bez ohledu na to, jak \u0161patn\u00e9 jsou cesty a ubytov\u00e1n\u00ed.&#8221; &#8211; Oliver Goldsmith<\/li>\n<\/ul>\n\n<p><\/p>\n\n<ul>\n<li>&#8220;Jedin\u00e1 nemo\u017en\u00e1 cesta je ta, kterou nikdy neza\u010dne\u0161.&#8221; &#8211; Tony Robbins<\/li>\n<\/ul>\n\n<p><\/p>\n\n<ul>\n<li>&#8220;Ve t\u0159ech slovech mohu shrnout v\u0161e, co jsem se o \u017eivot\u011b nau\u010dil: jde to d\u00e1l.&#8221; &#8211; Robert Frost<\/li>\n<\/ul>\n\n<p><\/p>\n\n<ul>\n<li>&#8220;\u017divot je z 10 % to, co se n\u00e1m d\u011bje, a z 90 % to, jak na to reagujeme.&#8221; &#8211; Charles R. Swindoll<\/li>\n<\/ul>\n\n<p><\/p>\n\n<ul>\n<li>&#8220;Ne v\u0161ichni bloud\u00edc\u00ed jsou ztraceni.&#8221; &#8211; J. R. R. Tolkien<\/li>\n<\/ul>\n\n<p><\/p>\n\n<ul>\n<li>&#8220;\u017divot nen\u00ed o hled\u00e1n\u00ed sebe sama. \u017divot je o tom, abyste se vytvo\u0159ili.&#8221; &#8211; George Bernard Shaw<\/li>\n<\/ul>\n\n<p><\/p>\n\n<ul>\n<li>&#8220;Cesta dlouh\u00e1 tis\u00edc mil za\u010d\u00edn\u00e1 jedn\u00edm krokem.&#8221; &#8211; Lao-c&#8217;<\/li>\n<\/ul>\n\n<p><\/p>\n\n<ul>\n<li>&#8220;\u017divot je sled lekc\u00ed, kter\u00e9 je t\u0159eba pro\u017e\u00edt, abychom je pochopili.&#8221; &#8211; Ralph Waldo Emerson<\/li>\n<\/ul>\n\n<p><\/p>\n\n<ul>\n<li>&#8220;\u017dijte tak, jako by v\u0161echno bylo p\u0159ipraveno ve v\u00e1\u0161 prosp\u011bch.&#8221; &#8211; R\u00fam\u00ed<\/li>\n<\/ul>\n\n<p><\/p>\n\n<ul>\n<li>&#8220;Smyslem \u017eivota je pro\u017e\u00edt ho, ochutnat zku\u0161enost na maximum, s\u00e1hnout dychtiv\u011b a beze strachu po nov\u00e9 a bohat\u0161\u00ed zku\u0161enosti.&#8221; &#8211; Eleanor Rooseveltov\u00e1<\/li>\n<\/ul>\n\n<div style=\"height:33px\" aria-hidden=\"true\" class=\"wp-block-spacer\"><\/div>\n\n<p class=\"has-luminous-vivid-amber-background-color has-background\">Zamyslete se nad v\u00fdznamnou \u017eivotn\u00ed lekc\u00ed, kterou jste z\u00edskali v uplynul\u00e9m roce. Jak tato lekce ovlivnila v\u00e1\u0161 pohled na \u017eivot nebo p\u0159\u00edstup k n\u011bmu?<\/p>\n\n<div style=\"height:33px\" aria-hidden=\"true\" class=\"wp-block-spacer\"><\/div>\n\n<p>Pamatujte, \u017ee <strong>ka\u017ed\u00fd den je sou\u010d\u00e1st\u00ed va\u0161\u00ed cesty a ka\u017ed\u00e1 zku\u0161enost, a\u0165 u\u017e dobr\u00e1 nebo \u0161patn\u00e1, je lekc\u00ed, kter\u00e1 utv\u00e1\u0159\u00ed to, k\u00fdm jste<\/strong>. <strong>P\u0159ijm\u011bte vzestupy a p\u00e1dy, pou\u010dte se z nich a jd\u011bte st\u00e1le kup\u0159edu<\/strong>. <strong>Va\u0161e cesta je jedine\u010dn\u00e1 a ka\u017ed\u00fd krok stoj\u00ed za oslavu.<\/strong><\/p>\n\n<div style=\"height:33px\" aria-hidden=\"true\" class=\"wp-block-spacer\"><\/div>\n\n<h2 id='cit\u00e1ty-o-p\u0159ijet\u00ed-sv\u00e9ho-autentick\u00e9ho-j\u00e1'  id=\"boomdevs_9\" class=\"wp-block-heading\" ><strong>Cit\u00e1ty o p\u0159ijet\u00ed sv\u00e9ho autentick\u00e9ho j\u00e1<\/strong><\/h2>\n\n<p>Ve sv\u011bt\u011b, kde jsme neust\u00e1le bombardov\u00e1ni zpr\u00e1vami o tom, jac\u00ed bychom m\u011bli b\u00fdt, je d\u016fle\u017eit\u00e9 <strong>si uv\u011bdomit, jakou s\u00edlu m\u00e1 b\u00fdt \u010dlov\u011bk s\u00e1m sebou.<\/strong> <\/p>\n\n<p>Tyto cit\u00e1ty jsou o tom, jak p\u0159ijmout a oslavit sv\u00e9 autentick\u00e9 j\u00e1:<\/p>\n\n<ul>\n<li>&#8220;B\u00fdt s\u00e1m sebou ve sv\u011bt\u011b, kter\u00fd se z v\u00e1s neust\u00e1le sna\u017e\u00ed ud\u011blat n\u011bco jin\u00e9ho, je nejv\u011bt\u0161\u00ed \u00fasp\u011bch.&#8221; &#8211; Ralph Waldo Emerson<\/li>\n<\/ul>\n\n<p><\/p>\n\n<ul>\n<li>&#8220;Bu\u010f t\u00edm, k\u00fdm jsi, a \u0159\u00edkej, co c\u00edt\u00ed\u0161, proto\u017ee t\u011bm, kter\u00fdm to vad\u00ed, na tom nez\u00e1le\u017e\u00ed, a t\u011bm, na kter\u00fdch z\u00e1le\u017e\u00ed, to nevad\u00ed.&#8221; &#8211; Bernard M. Baruch<\/li>\n<\/ul>\n\n<p><\/p>\n\n<ul>\n<li>&#8220;P\u0159ijmout sv\u016fj p\u0159\u00edb\u011bh a milovat se v tomto procesu je to nejodv\u00e1\u017en\u011bj\u0161\u00ed, co kdy ud\u011bl\u00e1me.&#8221; &#8211; Bren\u00e9 Brownov\u00e1<\/li>\n<\/ul>\n\n<p><\/p>\n\n<ul>\n<li>&#8220;Origin\u00e1l m\u00e1 v\u017edy v\u011bt\u0161\u00ed cenu ne\u017e kopie.&#8221; &#8211; Suzy Kassem<\/li>\n<\/ul>\n\n<p><\/p>\n\n<ul>\n<li>&#8220;Nerozm\u011bl\u0148ujte se kv\u016fli \u017e\u00e1dn\u00e9 osob\u011b ani \u017e\u00e1dn\u00e9mu d\u016fvodu. Jste dost! Bu\u010fte sami sebou.&#8221; &#8211; Steve Maraboli<\/li>\n<\/ul>\n\n<p><\/p>\n\n<ul>\n<li>&#8220;\u017divotn\u00ed v\u00fdsadou je st\u00e1t se t\u00edm, k\u00fdm skute\u010dn\u011b jste.&#8221; &#8211; Carl Jung<\/li>\n<\/ul>\n\n<p><\/p>\n\n<ul>\n<li>&#8220;N\u00e1sleduj sv\u016fj vnit\u0159n\u00ed m\u011bs\u00ed\u010dn\u00ed svit, neskr\u00fdvej \u0161\u00edlenstv\u00ed.&#8221; &#8211; Allen Ginsberg<\/li>\n<\/ul>\n\n<p><\/p>\n\n<ul>\n<li>&#8220;Nenech\u00e1m nikoho, aby mi chodil po hlav\u011b \u0161pinav\u00fdma nohama.&#8221; &#8211; Mah\u00e1tma G\u00e1ndh\u00ed<\/li>\n<\/ul>\n\n<p><\/p>\n\n<ul>\n<li>&#8220;Nikdy se nenechte zastra\u0161it, abyste ml\u010deli. Nikdy ze sebe nenechte ud\u011blat ob\u011b\u0165. Nep\u0159ij\u00edmejte ni\u010d\u00ed definici sv\u00e9ho \u017eivota, ale definujte se sami.&#8221; &#8211; Harvey Fierstein<\/li>\n<\/ul>\n\n<p><\/p>\n\n<ul>\n<li>&#8220;Nejsem to, co se mi stalo, jsem to, \u010d\u00edm jsem se rozhodl st\u00e1t.&#8221; &#8211; Carl Jung<\/li>\n<\/ul>\n\n<div style=\"height:33px\" aria-hidden=\"true\" class=\"wp-block-spacer\"><\/div>\n\n<p class=\"has-luminous-vivid-amber-background-color has-background\">Na kter\u00e9 aspekty sv\u00e9 osobnosti nebo \u017eivota jste nejv\u00edce hrd\u00ed? Jsou n\u011bjak\u00e9 \u010d\u00e1sti va\u0161eho j\u00e1, kter\u00e9 je pro v\u00e1s n\u00e1ro\u010dn\u00e9 p\u0159ijmout? Zamyslete se nad t\u00edm, jak va\u0161e autentick\u00e9 j\u00e1 ovlivnilo va\u0161e zku\u0161enosti.<\/p>\n\n<div style=\"height:33px\" aria-hidden=\"true\" class=\"wp-block-spacer\"><\/div>\n\n<p>Kdykoli tedy poc\u00edt\u00edte tlak, abyste se p\u0159izp\u016fsobili nebo skryli sv\u00e9 prav\u00e9 j\u00e1, vzpome\u0148te si na tato slova.  <strong>P\u0159ipom\u00ednaj\u00ed v\u00e1m, \u017ee va\u0161e autentick\u00e9 j\u00e1 je va\u0161\u00edm nejv\u011bt\u0161\u00edm bohatstv\u00edm a zdrojem radosti. Oslavujte svou jedine\u010dnost, proto\u017ee pr\u00e1v\u011b v n\u00ed spo\u010d\u00edv\u00e1 va\u0161e skute\u010dn\u00e1 s\u00edla.<\/strong><\/p>\n\n<div style=\"height:33px\" aria-hidden=\"true\" class=\"wp-block-spacer\"><\/div>\n\n<h2 id='cit\u00e1ty-o-hled\u00e1n\u00ed-radosti-a-vd\u011b\u010dnosti'  id=\"boomdevs_10\" class=\"wp-block-heading\" ><strong>Cit\u00e1ty o hled\u00e1n\u00ed radosti a vd\u011b\u010dnosti<\/strong><\/h2>\n\n<p>Prav\u00e1 kr\u00e1sa \u017eivota \u010dasto spo\u010d\u00edv\u00e1 v prost\u00fdch okam\u017eic\u00edch radosti a pocitu vd\u011b\u010dnosti.  <\/p>\n\n<p>Zde je n\u011bkolik cit\u00e1t\u016f, kter\u00e9 v\u00e1m p\u0159ipomenou, \u017ee m\u00e1te hledat \u0161t\u011bst\u00ed v mali\u010dkostech a ka\u017ed\u00fd den se sna\u017eit b\u00fdt vd\u011b\u010dn\u00ed:<\/p>\n\n<ul>\n<li>&#8220;\u010c\u00edm v\u00edce chv\u00e1l\u00edte a oslavujete sv\u016fj \u017eivot, t\u00edm v\u00edce je v \u017eivot\u011b co oslavovat.&#8221; &#8211; Oprah Winfrey<\/li>\n<\/ul>\n\n<p><\/p>\n\n<ul>\n<li>&#8220;\u0160t\u011bst\u00ed nen\u00ed n\u011bco hotov\u00e9ho. Poch\u00e1z\u00ed z va\u0161ich vlastn\u00edch \u010din\u016f.&#8221; &#8211; Dalajl\u00e1ma<\/li>\n<\/ul>\n\n<p><\/p>\n\n<ul>\n<li>&#8220;Radost je s\u00ed\u0165 l\u00e1sky, do kter\u00e9 m\u016f\u017eete chytat du\u0161e.&#8221; &#8211; Matka Tereza<\/li>\n<\/ul>\n\n<p><\/p>\n\n<ul>\n<li>&#8220;Vd\u011b\u010dnost m\u011bn\u00ed to, co m\u00e1me, v dostatek.&#8221; &#8211; Anonymn\u00ed<\/li>\n<\/ul>\n\n<p><\/p>\n\n<ul>\n<li>&#8220;Zjist\u011bte, kde s\u00eddl\u00ed radost, a dejte j\u00ed hlas, kter\u00fd zdaleka p\u0159esahuje zp\u011bv. Nebo\u0165 p\u0159ij\u00edt o radost znamen\u00e1 p\u0159ij\u00edt o v\u0161echno.&#8221; &#8211; Robert Louis Stevenson<\/li>\n<\/ul>\n\n<p><\/p>\n\n<ul>\n<li>&#8220;Bu\u010fte vd\u011b\u010dn\u00ed za to, co m\u00e1te, a nakonec budete m\u00edt v\u00edc. Pokud se budete soust\u0159edit na to, co nem\u00e1te, nikdy nebudete m\u00edt dost.&#8221; &#8211; Oprah Winfrey<\/li>\n<\/ul>\n\n<p><\/p>\n\n<ul>\n<li>&#8220;\u0160t\u011bst\u00ed se \u010dasto vkr\u00e1d\u00e1 dve\u0159mi, o kter\u00fdch jste nev\u011bd\u011bli, \u017ee jste je nechali otev\u0159en\u00e9.&#8221; &#8211; John Barrymore<\/li>\n<\/ul>\n\n<p><\/p>\n\n<ul>\n<li>&#8220;Bu\u010fme vd\u011b\u010dn\u00ed lidem, kte\u0159\u00ed n\u00e1s \u010din\u00ed \u0161\u0165astn\u00fdmi; jsou to okouzluj\u00edc\u00ed zahradn\u00edci, d\u00edky nim\u017e na\u0161e du\u0161e rozkv\u00e9t\u00e1.&#8221; &#8211; Marcel Proust<\/li>\n<\/ul>\n\n<p><\/p>\n\n<ul>\n<li>&#8220;Radost se n\u00e1m jen tak nep\u0159ihod\u00ed. Mus\u00edme si radost vybrat a ka\u017ed\u00fd den si ji vyb\u00edrat.&#8221; &#8211; Henri J. M. Nouwen<\/li>\n<\/ul>\n\n<p><\/p>\n\n<ul>\n<li>&#8220;Kdy\u017e jste vd\u011b\u010dn\u00ed, miz\u00ed strach a objevuje se hojnost.&#8221; &#8211; Tony Robbins<\/li>\n<\/ul>\n\n<div style=\"height:33px\" aria-hidden=\"true\" class=\"wp-block-spacer\"><\/div>\n\n<p class=\"has-luminous-vivid-amber-background-color has-background\">Vyjmenujte t\u0159i drobnosti, kter\u00e9 v\u00e1m tento t\u00fdden ud\u011blaly radost. Pro\u010d tyto momenty vynikly a jak jste se p\u0159i nich c\u00edtil?<\/p>\n\n<div style=\"height:33px\" aria-hidden=\"true\" class=\"wp-block-spacer\"><\/div>\n\n<p><strong>Zastavte se a oce\u0148te kr\u00e1su kolem sebe i v sob\u011b. P\u0159ijm\u011bte okam\u017eiky radosti, denn\u011b se v\u011bnujte vd\u011b\u010dnosti a sledujte, jak tyto drobn\u00e9 skutky m\u011bn\u00ed v\u00e1\u0161 pohled na v\u011bc a obohacuj\u00ed v\u00e1\u0161 ka\u017edodenn\u00ed \u017eivot.<\/strong><\/p>\n\n<div style=\"height:33px\" aria-hidden=\"true\" class=\"wp-block-spacer\"><\/div>\n\n<h2 id='praktick\u00e9-tipy-jak-pou\u017e\u00edvat-cit\u00e1ty-v-ka\u017edodenn\u00edm-\u017eivot\u011b'  id=\"boomdevs_11\" class=\"wp-block-heading\" ><strong>Praktick\u00e9 tipy, jak pou\u017e\u00edvat cit\u00e1ty v ka\u017edodenn\u00edm \u017eivot\u011b<\/strong><\/h2>\n\n<p>Za\u010dlen\u011bn\u00ed inspirativn\u00edch cit\u00e1t\u016f do na\u0161eho ka\u017edodenn\u00edho \u017eivota m\u016f\u017ee b\u00fdt mocn\u00fdm n\u00e1strojem motivace a p\u0159em\u00fd\u0161len\u00ed. Zde je n\u011bkolik praktick\u00fdch zp\u016fsob\u016f, jak m\u016f\u017eete tyto cit\u00e1ty za\u0159adit do sv\u00e9 ka\u017edodenn\u00ed rutiny.<\/p>\n\n<h3 id='rann\u00ed-ritu\u00e1l'  id=\"boomdevs_12\" class=\"wp-block-heading\" >Rann\u00ed ritu\u00e1l<\/h3>\n\n<p>Za\u010dn\u011bte den p\u0159e\u010dten\u00edm cit\u00e1tu a n\u011bkolik minut p\u0159em\u00fd\u0161lejte o jeho v\u00fdznamu a o tom, jak se vztahuje k va\u0161emu nadch\u00e1zej\u00edc\u00edmu dni.<\/p>\n\n<h3 id='citace-journaling'  id=\"boomdevs_13\" class=\"wp-block-heading\" ><span class=\"ez-toc-section\" id=\"Citace_Journaling\"><\/span>Citace Journaling<span class=\"ez-toc-section-end\"><\/span><\/h3>\n\n<p>Ve\u010fte si den\u00edk, kam si budete zapisovat sv\u00e9 obl\u00edben\u00e9 cit\u00e1ty a sv\u00e9 my\u0161lenky \u010di pocity, kter\u00e9 k nim m\u00e1te. To m\u016f\u017ee b\u00fdt skv\u011bl\u00fd zp\u016fsob, jak se do cit\u00e1t\u016f hluboce zapojit.<\/p>\n\n<h3 id='cit\u00e1ty-jako-p\u0159ipomenut\u00ed'  id=\"boomdevs_14\" class=\"wp-block-heading\" >Cit\u00e1ty jako p\u0159ipomenut\u00ed<\/h3>\n\n<p>Um\u00edst\u011bte cit\u00e1ty na strategick\u00e1 m\u00edsta &#8211; nap\u0159\u00edklad na zrcadlo v koupeln\u011b, na ledni\u010dku nebo na pracovn\u00ed m\u00edsto &#8211; kde je budete m\u00edt pravideln\u011b na o\u010d\u00edch po cel\u00fd den.<\/p>\n\n<h3 id='sd\u00edlen\u00ed-v-soci\u00e1ln\u00edch-s\u00edt\u00edch'  id=\"boomdevs_15\" class=\"wp-block-heading\" >Sd\u00edlen\u00ed v soci\u00e1ln\u00edch s\u00edt\u00edch<\/h3>\n\n<p>Sd\u00edlejte cit\u00e1t, kter\u00fd s v\u00e1mi rezonuje, na sv\u00fdch soci\u00e1ln\u00edch s\u00edt\u00edch. To slou\u017e\u00ed nejen jako p\u0159ipom\u00ednka pro v\u00e1s, ale tak\u00e9 jako inspirace pro ostatn\u00ed.<\/p>\n\n<h3 id='rozumn\u00e1-meditace'  id=\"boomdevs_16\" class=\"wp-block-heading\" >Rozumn\u00e1 meditace<\/h3>\n\n<p>Pou\u017eijte cit\u00e1t jako bod, na kter\u00fd se m\u016f\u017eete zam\u011b\u0159it p\u0159i meditaci. Zamyslete se nad jeho v\u00fdznamem a nad t\u00edm, jak souvis\u00ed s va\u0161\u00edm \u017eivotem a aspiracemi.<\/p>\n\n<h3 id='cit\u00e1ty-v-oblasti-komunikace'  id=\"boomdevs_17\" class=\"wp-block-heading\" >Cit\u00e1ty v oblasti komunikace<\/h3>\n\n<p>Pou\u017e\u00edvejte cit\u00e1ty v e-mailech, dopisech nebo rozhovorech jako zp\u016fsob, jak vyj\u00e1d\u0159it sv\u00e9 my\u0161lenky a nav\u00e1zat kontakt s ostatn\u00edmi.<\/p>\n\n<div style=\"height:33px\" aria-hidden=\"true\" class=\"wp-block-spacer\"><\/div>\n\n<p>L\u00edb\u00ed se v\u00e1m to? P\u0159ipn\u011bte si ji!<\/p>\n\n<div class=\"wp-block-columns is-layout-flex wp-container-4 wp-block-columns-is-layout-flex\">\n<div class=\"wp-block-column is-layout-flow wp-block-column-is-layout-flow\">\n<figure class=\"wp-block-image size-large\"><img decoding=\"async\" loading=\"lazy\" width=\"683\" height=\"1024\" src=\"https:\/\/luciepo.com\/wp-content\/uploads\/2023\/11\/best-life-reality-quotes-683x1024.jpg\" alt=\"nejlep&#x161;&#xED; cit&#xE1;ty o realit&#x11B; &#x17E;ivota\" class=\"wp-image-4419\" srcset=\"https:\/\/luciepo.com\/wp-content\/uploads\/2023\/11\/best-life-reality-quotes-683x1024.jpg 683w, https:\/\/luciepo.com\/wp-content\/uploads\/2023\/11\/best-life-reality-quotes-200x300.jpg 200w, https:\/\/luciepo.com\/wp-content\/uploads\/2023\/11\/best-life-reality-quotes-768x1152.jpg 768w, https:\/\/luciepo.com\/wp-content\/uploads\/2023\/11\/best-life-reality-quotes.jpg 1000w\" sizes=\"(max-width: 683px) 100vw, 683px\" \/><\/figure>\n<\/div>\n\n\n\n<div class=\"wp-block-column is-layout-flow wp-block-column-is-layout-flow\">\n<figure class=\"wp-block-image size-large\"><img decoding=\"async\" loading=\"lazy\" width=\"683\" height=\"1024\" src=\"https:\/\/luciepo.com\/wp-content\/uploads\/2023\/11\/best-life-reality-quotes-683x1024.png\" alt=\"nejlep&#x161;&#xED; cit&#xE1;ty o realit&#x11B; &#x17E;ivota\" class=\"wp-image-4421\" srcset=\"https:\/\/luciepo.com\/wp-content\/uploads\/2023\/11\/best-life-reality-quotes-683x1024.png 683w, https:\/\/luciepo.com\/wp-content\/uploads\/2023\/11\/best-life-reality-quotes-200x300.png 200w, https:\/\/luciepo.com\/wp-content\/uploads\/2023\/11\/best-life-reality-quotes-768x1152.png 768w, https:\/\/luciepo.com\/wp-content\/uploads\/2023\/11\/best-life-reality-quotes.png 1000w\" sizes=\"(max-width: 683px) 100vw, 683px\" \/><\/figure>\n<\/div>\n<\/div>\n\n<div style=\"height:33px\" aria-hidden=\"true\" class=\"wp-block-spacer\"><\/div>\n\n<h2 id='\u010dasto-kladen\u00e9-ot\u00e1zky'  id=\"boomdevs_18\" class=\"wp-block-heading\" ><strong>\u010casto kladen\u00e9 ot\u00e1zky<\/strong><\/h2>\n\n<div style=\"height:33px\" aria-hidden=\"true\" class=\"wp-block-spacer\"><\/div>\n<div id=\"rank-math-faq\" class=\"rank-math-block\">\n<div class=\"rank-math-list \">\n<div id=\"faq-question-1700604795312\" class=\"rank-math-list-item\">\n<h3 id='1-co-jsou-to-8220-nejlep\u0161\u00ed-cit\u00e1ty-o-\u017eivotn\u00ed-realit\u011b-8221'  id=\"boomdevs_19\" class=\"rank-math-question \" ><strong><strong>1. Co jsou to &#8220;Nejlep\u0161\u00ed cit\u00e1ty o \u017eivotn\u00ed realit\u011b&#8221;?<\/strong><\/strong><\/h3>\n<div class=\"rank-math-answer \">\n\n<p>Nejlep\u0161\u00ed cit\u00e1ty o realit\u011b \u017eivota&#8221; jsou pronikav\u00e9 a podn\u011btn\u00e9 v\u00fdroky, kter\u00e9 nab\u00edzej\u00ed moudrost a pohled na r\u016fzn\u00e9 aspekty \u017eivota, v\u010detn\u011b povahy reality, osobn\u00edho r\u016fstu, p\u0159ekon\u00e1v\u00e1n\u00ed v\u00fdzev a hled\u00e1n\u00ed \u0161t\u011bst\u00ed. Tyto cit\u00e1ty jsou \u010dasto sd\u00edleny vlivn\u00fdmi osobnostmi a renomovan\u00fdmi autory, kte\u0159\u00ed nab\u00edzej\u00ed hlubok\u00fd vhled do lidsk\u00e9 zku\u0161enosti.<\/p>\n\n<\/div>\n<\/div>\n<div id=\"faq-question-1700604825330\" class=\"rank-math-list-item\">\n<h3 id='2-jak-n\u00e1m-8220-nejlep\u0161\u00ed-cit\u00e1ty-o-realit\u011b-\u017eivota-8221-pom\u00e1haj\u00ed-pochopit-na\u0161i-vlastn\u00ed-realitu'  id=\"boomdevs_20\" class=\"rank-math-question \" ><strong><strong>2. Jak n\u00e1m &#8220;Nejlep\u0161\u00ed cit\u00e1ty o realit\u011b \u017eivota&#8221; pom\u00e1haj\u00ed pochopit na\u0161i vlastn\u00ed realitu?<\/strong><\/strong><\/h3>\n<div class=\"rank-math-answer \">\n\n<p>Tyto cit\u00e1ty vyb\u00edzej\u00ed k zamy\u0161len\u00ed a introspekci a podn\u011bcuj\u00ed jednotlivce, aby zkoumali sv\u00e1 p\u0159esv\u011bd\u010den\u00ed, vn\u00edm\u00e1n\u00ed a zku\u0161enosti v kontextu vlastn\u00edho \u017eivota. Nab\u00edzej\u00ed r\u016fzn\u00e9 perspektivy a pohledy, kter\u00e9 n\u00e1m mohou pomoci orientovat se ve slo\u017eit\u00e9 realit\u011b a naj\u00edt smysl a \u00fa\u010del na\u0161ich zku\u0161enost\u00ed.<\/p>\n\n<\/div>\n<\/div>\n<div id=\"faq-question-1700604884406\" class=\"rank-math-list-item\">\n<h3 id='3-kdo-jsou-n\u011bkter\u00e9-v\u00fdznamn\u00e9-osobnosti-spojen\u00e9-s-8220-nejlep\u0161\u00edmi-cit\u00e1ty-ze-\u017eivota-8221'  id=\"boomdevs_21\" class=\"rank-math-question \" ><strong><strong>3. Kdo jsou n\u011bkter\u00e9 v\u00fdznamn\u00e9 osobnosti spojen\u00e9 s &#8220;Nejlep\u0161\u00edmi cit\u00e1ty ze \u017eivota&#8221;?<\/strong><\/strong><\/h3>\n<div class=\"rank-math-answer \">\n\n<p>N\u011bkolik vlivn\u00fdch osobnost\u00ed z r\u016fzn\u00fdch oblast\u00ed, v\u010detn\u011b literatury, filozofie, politiky a z\u00e1bavy, se pod\u011blilo o hlubok\u00fd vhled do podstaty \u017eivota a reality. Mezi tyto osobnosti pat\u0159\u00ed Abraham Lincoln, Maya Angelou, Mark Twain, Dr. Seuss, John Lennon, Bob Marley, Steve Jobs, Friedrich Nietzsche, George Orwell, Martin Luther King Jr., Michelle Obama, Marilyn Monroe, Henry David Thoreau, Joseph Campbell, Deepak Chopra a mnoho dal\u0161\u00edch.<\/p>\n\n<\/div>\n<\/div>\n<div id=\"faq-question-1700604913192\" class=\"rank-math-list-item\">\n<h3 id='4-jak-n\u00e1s-mohou-8220-nejlep\u0161\u00ed-cit\u00e1ty-o-\u017eivotn\u00ed-realit\u011b-8221-inspirovat-k-p\u0159ij\u00edm\u00e1n\u00ed-zm\u011bn-a-spont\u00e1nn\u00edch-zm\u011bn'  id=\"boomdevs_22\" class=\"rank-math-question \" ><strong><strong>4. Jak n\u00e1s mohou &#8220;Nejlep\u0161\u00ed cit\u00e1ty o \u017eivotn\u00ed realit\u011b&#8221; inspirovat k p\u0159ij\u00edm\u00e1n\u00ed zm\u011bn a spont\u00e1nn\u00edch zm\u011bn?<\/strong><\/strong><\/h3>\n<div class=\"rank-math-answer \">\n\n<p>Tyto cit\u00e1ty \u010dasto zd\u016fraz\u0148uj\u00ed nevyhnutelnost zm\u011bn a d\u016fle\u017eitost jejich p\u0159ijet\u00ed jako p\u0159irozen\u00e9 sou\u010d\u00e1sti \u017eivota. T\u00edm, \u017ee podporuj\u00ed flexibilitu, p\u0159izp\u016fsobivost a otev\u0159enost nov\u00fdm zku\u0161enostem, umo\u017e\u0148uj\u00ed lidem proch\u00e1zet \u017eivotn\u00edmi zvraty s gr\u00e1ci\u00ed a odolnost\u00ed.<\/p>\n\n<\/div>\n<\/div>\n<div id=\"faq-question-1700604937408\" class=\"rank-math-list-item\">\n<h3 id='5-mohou-b\u00fdt-8220-nejlep\u0161\u00ed-cit\u00e1ty-ze-\u017eivota-8221-povzbuzen\u00edm-v-nejtemn\u011bj\u0161\u00edch-chv\u00edl\u00edch-\u017eivota'  id=\"boomdevs_23\" class=\"rank-math-question \" ><strong><strong>5. Mohou b\u00fdt &#8220;Nejlep\u0161\u00ed cit\u00e1ty ze \u017eivota&#8221; povzbuzen\u00edm v nejtemn\u011bj\u0161\u00edch chv\u00edl\u00edch \u017eivota?<\/strong><\/strong><\/h3>\n<div class=\"rank-math-answer \">\n\n<p>Rozhodn\u011b! Mnoh\u00e9 z t\u011bchto cit\u00e1t\u016f obsahuj\u00ed slova moudrosti a povzbuzen\u00ed, kter\u00e1 pom\u00e1haj\u00ed lidem naj\u00edt s\u00edlu, odvahu a nad\u011bji v t\u011b\u017ek\u00fdch chv\u00edl\u00edch. P\u0159ipom\u00ednaj\u00ed n\u00e1m, \u017ee i v t\u011bch nejtemn\u011bj\u0161\u00edch chv\u00edl\u00edch m\u00e1me v\u017edy potenci\u00e1l k r\u016fstu, odolnosti a transformaci.<\/p>\n\n<\/div>\n<\/div>\n<div id=\"faq-question-1708869491227\" class=\"rank-math-list-item\">\n<h3 id='6-jak-8220-nejlep\u0161\u00ed-cit\u00e1ty-o-realit\u011b-\u017eivota-8221-zd\u016fraz\u0148uj\u00ed-d\u016fle\u017eitost-autentick\u00e9ho-\u017eivota'  id=\"boomdevs_24\" class=\"rank-math-question \" ><strong>6. Jak &#8220;Nejlep\u0161\u00ed cit\u00e1ty o realit\u011b \u017eivota&#8221; zd\u016fraz\u0148uj\u00ed d\u016fle\u017eitost autentick\u00e9ho \u017eivota?<\/strong><\/h3>\n<div class=\"rank-math-answer \">\n\n<p>Tyto cit\u00e1ty \u010dasto povzbuzuj\u00ed jednotlivce, aby p\u0159ijali sv\u00e9 prav\u00e9 j\u00e1, n\u00e1sledovali sv\u00e9 v\u00e1\u0161n\u011b a \u017eili v souladu se sv\u00fdmi hodnotami a p\u0159esv\u011bd\u010den\u00edm. Podporuj\u00ed autenticitu a sebevyj\u00e1d\u0159en\u00ed, a t\u00edm umo\u017e\u0148uj\u00ed jednotlivc\u016fm vytvo\u0159it si \u017eivot, kter\u00fd je smyslupln\u00fd a napl\u0148uj\u00edc\u00ed.<\/p>\n\n<\/div>\n<\/div>\n<div id=\"faq-question-1708869507440\" class=\"rank-math-list-item\">\n<h3 id='7-jak-n\u00e1m-mohou-8220-nejlep\u0161\u00ed-cit\u00e1ty-o-\u017eivotn\u00ed-realit\u011b-8221-pomoci-naj\u00edt-smysl-a-c\u00edl-\u017eivota'  id=\"boomdevs_25\" class=\"rank-math-question \" ><strong>7. Jak n\u00e1m mohou &#8220;Nejlep\u0161\u00ed cit\u00e1ty o \u017eivotn\u00ed realit\u011b&#8221; pomoci naj\u00edt smysl a c\u00edl \u017eivota?<\/strong><\/h3>\n<div class=\"rank-math-answer \">\n\n<p>Tyto cit\u00e1ty nab\u00edzej\u00ed vhled do lidsk\u00e9 zku\u0161enosti a hled\u00e1n\u00ed smyslu a \u00fa\u010delu. Podporou introspekce, sebepozn\u00e1n\u00ed a osobn\u00edho r\u016fstu mohou pomoci jednotlivc\u016fm odhalit jejich v\u00e1\u0161n\u011b, hodnoty a aspirace, co\u017e vede k napln\u011bn\u011bj\u0161\u00edmu a smyslupln\u011bj\u0161\u00edmu \u017eivotu.<\/p>\n\n<\/div>\n<\/div>\n<div id=\"faq-question-1708869522259\" class=\"rank-math-list-item\">\n<h3 id='8-mohou-b\u00fdt-8220-nejlep\u0161\u00ed-cit\u00e1ty-ze-\u017eivota-8221-vod\u00edtkem-pro-hled\u00e1n\u00ed-\u0161t\u011bst\u00ed'  id=\"boomdevs_26\" class=\"rank-math-question \" ><strong>8. Mohou b\u00fdt &#8220;Nejlep\u0161\u00ed cit\u00e1ty ze \u017eivota&#8221; vod\u00edtkem pro hled\u00e1n\u00ed \u0161t\u011bst\u00ed?<\/strong><\/h3>\n<div class=\"rank-math-answer \">\n\n<p>Ano, mnoh\u00e9 z t\u011bchto cit\u00e1t\u016f nab\u00edzej\u00ed cenn\u00e9 poznatky o tom, co znamen\u00e1 \u017e\u00edt \u0161\u0165astn\u00fd a napln\u011bn\u00fd \u017eivot. \u010casto zd\u016fraz\u0148uj\u00ed d\u016fle\u017eitost vd\u011b\u010dnosti, soucitu a spojen\u00ed, stejn\u011b jako snahu o dosa\u017een\u00ed smyslupln\u00fdch c\u00edl\u016f a z\u00e1\u017eitk\u016f.<\/p>\n\n<\/div>\n<\/div>\n<div id=\"faq-question-1708869537392\" class=\"rank-math-list-item\">\n<h3 id='9-jak-n\u00e1m-mohou-8220-nejlep\u0161\u00ed-cit\u00e1ty-o-\u017eivotn\u00ed-realit\u011b-8221-pomoci-zvl\u00e1dnout-\u017eivotn\u00ed-ne\u00fasp\u011bchy-a-nezdary'  id=\"boomdevs_27\" class=\"rank-math-question \" ><strong>9. Jak n\u00e1m mohou &#8220;Nejlep\u0161\u00ed cit\u00e1ty o \u017eivotn\u00ed realit\u011b&#8221; pomoci zvl\u00e1dnout \u017eivotn\u00ed ne\u00fasp\u011bchy a nezdary?<\/strong><\/h3>\n<div class=\"rank-math-answer \">\n\n<p>Tyto cit\u00e1ty nab\u00edzej\u00ed perspektivu a povzbuzen\u00ed, kter\u00e9 pom\u00e1haj\u00ed lidem vyrovnat se s ne\u00fasp\u011bchy a selh\u00e1n\u00edmi. P\u0159ipom\u00ednaj\u00ed n\u00e1m, \u017ee ne\u00fasp\u011bch je p\u0159irozenou sou\u010d\u00e1st\u00ed procesu u\u010den\u00ed a m\u016f\u017ee v\u00e9st k r\u016fstu, odolnosti a nakonec k \u00fasp\u011bchu.<\/p>\n\n<\/div>\n<\/div>\n<div id=\"faq-question-1708869554527\" class=\"rank-math-list-item\">\n<h3 id='10-kde-najdu-sb\u00edrku-8220-nejlep\u0161\u00edch-cit\u00e1t\u016f-o-\u017eivotn\u00ed-realit\u011b-8221-pro-inspiraci'  id=\"boomdevs_28\" class=\"rank-math-question \" ><strong>10. Kde najdu sb\u00edrku &#8220;Nejlep\u0161\u00edch cit\u00e1t\u016f o \u017eivotn\u00ed realit\u011b&#8221; pro inspiraci?<\/strong><\/h3>\n<div class=\"rank-math-answer \">\n\n<p>R\u016fznorodou sb\u00edrku &#8220;nejlep\u0161\u00edch cit\u00e1t\u016f o \u017eivotn\u00ed realit\u011b&#8221; najdete v knih\u00e1ch, na internetov\u00fdch \u00falo\u017ei\u0161t\u00edch cit\u00e1t\u016f a na platform\u00e1ch soci\u00e1ln\u00edch m\u00e9di\u00ed v\u011bnovan\u00fdch osobn\u00edmu rozvoji a inspiraci. Tyto cit\u00e1ty nab\u00edzej\u00ed nad\u010dasovou moudrost a vhled do lidsk\u00e9 zku\u0161enosti a poskytuj\u00ed povzbuzen\u00ed a vod\u00edtko pro zvl\u00e1d\u00e1n\u00ed \u017eivotn\u00edch v\u00fdzev a nejistot.<\/p>\n\n<\/div>\n<\/div>\n<\/div>\n<\/div>\n<hr class=\"wp-block-separator has-text-color has-cyan-bluish-gray-color has-alpha-channel-opacity has-cyan-bluish-gray-background-color has-background is-style-dots\"\/>\n\n<p><strong>Chci v\u00e1s sly\u0161et!<\/strong><\/p>\n\n<ul>\n<li><strong>Sd\u00edlejte sv\u016fj obl\u00edben\u00fd cit\u00e1t:<\/strong> M\u00e1te n\u011bjak\u00fd cit\u00e1t z \u017eivotn\u00ed reality, kter\u00fd s v\u00e1mi hluboce rezonuje? Mo\u017en\u00e1 je to n\u011bkter\u00fd z na\u0161eho seznamu nebo jin\u00fd klenot, kter\u00fd jste objevili na sv\u00e9 cest\u011b. Pod\u011blte se o n\u011bj v koment\u00e1\u0159\u00edch n\u00ed\u017ee!<\/li>\n<\/ul>\n\n<p><\/p>\n\n<ul>\n<li><strong>Na va\u0161ich \u00favah\u00e1ch z\u00e1le\u017e\u00ed:<\/strong> Vyberte si cit\u00e1t z kter\u00e9koli \u010d\u00e1sti, kter\u00fd v\u00e1s zaujal. Co to znamen\u00e1 ve va\u0161em \u017eivot\u011b? Jak jste vid\u011bli, \u017ee se jej\u00ed pravda projevuje ve va\u0161ich zku\u0161enostech?<\/li>\n<\/ul>\n\n<p><\/p>\n\n<ul>\n<li><strong>Zapojte se do <a href=\"https:\/\/luciepo.com\/community\" data-type=\"link\" data-id=\"https:\/\/luciepo.com\/community\">komunitn\u00ed<\/a><\/strong> diskuse: Zapojte se do diskuse s ostatn\u00edmi \u010dten\u00e1\u0159i a reagujte na jejich koment\u00e1\u0159e. Nab\u00eddn\u011bte podporu a post\u0159ehy nebo jednodu\u0161e vyj\u00e1d\u0159ete, jak v\u00e1s jejich cit\u00e1t nebo p\u0159\u00edb\u011bh ovlivnil.<\/li>\n<\/ul>\n\n<div style=\"height:33px\" aria-hidden=\"true\" class=\"wp-block-spacer\"><\/div>\n\t<div\n\t\tclass=&quot;wp-block-essential-blocks-social-share&quot;>\n        <div class=\"eb-parent-wrapper eb-parent-eb-social-share-jl7v756\">\n            <div class=\"eb-social-share-jl7v756 eb-social-share-wrapper\">\n                <ul class=\"eb-social-shares\">\n                                            <li>\n                            <a class=\"pinterest-original \" href=https:\/\/pinterest.com\/pin\/create\/button\/?url=https:\/\/luciepo.com\/cs\/100-nejlepsich-citatu-o-zivotni-realite-pro-pozitivni-zmenu\/ target=\"_blank\" rel=\"nofollow noopener noreferrer\">\n                                <i class=\"fab fa-pinterest hvr-icon eb-social-share-icon\"><\/i>\n                                                        <\/a>\n                        <\/li>\n                                            <li>\n                            <a class=\"facebook-original \" href=https:\/\/www.facebook.com\/sharer\/sharer.php?u=https:\/\/luciepo.com\/cs\/100-nejlepsich-citatu-o-zivotni-realite-pro-pozitivni-zmenu\/ target=\"_blank\" rel=\"nofollow noopener noreferrer\">\n                                <i class=\"fab fa-facebook hvr-icon eb-social-share-icon\"><\/i>\n                                                        <\/a>\n                        <\/li>\n                                            <li>\n                            <a class=\"twitter-original \" href=https:\/\/twitter.com\/share?text=100%20nejlep\u0161\u00edch%20cit\u00e1t\u016f%20o%20\u017eivotn\u00ed%20realit\u011b%20pro%20pozitivn\u00ed%20zm\u011bnu&#038;url=https:\/\/luciepo.com\/cs\/100-nejlepsich-citatu-o-zivotni-realite-pro-pozitivni-zmenu\/ target=\"_blank\" rel=\"nofollow noopener noreferrer\">\n                                <i class=\"fab fa-twitter hvr-icon eb-social-share-icon\"><\/i>\n                                                        <\/a>\n                        <\/li>\n                                            <li>\n                            <a class=\"reddit-original \" href=https:\/\/www.reddit.com\/submit?url=https:\/\/luciepo.com\/cs\/100-nejlepsich-citatu-o-zivotni-realite-pro-pozitivni-zmenu\/&#038;title=100%20nejlep\u0161\u00edch%20cit\u00e1t\u016f%20o%20\u017eivotn\u00ed%20realit\u011b%20pro%20pozitivn\u00ed%20zm\u011bnu target=\"_blank\" rel=\"nofollow noopener noreferrer\">\n                                <i class=\"fab fa-reddit hvr-icon eb-social-share-icon\"><\/i>\n                                                        <\/a>\n                        <\/li>\n                                    <\/ul>\n            <\/div>\n        <\/div>\n\t<\/div>\n\n","protected":false},"excerpt":{"rendered":"<p>\u010cetli jste n\u011bkdy n\u011bjak\u00fd cit\u00e1t a pomysleli si: &#8220; P\u00e1ni, to je p\u0159esn\u011b to, co jsem pot\u0159eboval sly\u0161et. &#8220;? Naj\u00edt spr\u00e1vn\u00e1 slova ve spr\u00e1vn\u00fd \u010das m\u00e1 n\u011bco do sebe, \u017ee? Je to jako mal\u00e9 po\u0161\u0165ouchnut\u00ed spr\u00e1vn\u00fdm sm\u011brem nebo p\u0159\u00e1telsk\u00e9 popl\u00e1c\u00e1n\u00ed po z\u00e1dech se slovy:&#8220;M\u00e1\u0161 na to.&#8221; Tak\u017ee h\u00e1dejte co? Pr\u00e1v\u011b pro v\u00e1s jsem sestavil fantastick\u00fd seznam 100 nejlep\u0161\u00edch cit\u00e1t\u016f o \u017eivotn\u00ed realit\u011b. Nejsou to jen tak ledajak\u00e9 cit\u00e1ty; jsou to takov\u00e9 mal\u00e9 skvosty moudrosti pro chv\u00edle, kdy pot\u0159ebujete trochu inspirace, \u0161petku motivace nebo jen jin\u00fd pohled na v\u011bc. A\u0165 u\u017e \u0159e\u0161\u00edte sv\u016fj dal\u0161\u00ed kari\u00e9rn\u00ed postup, sna\u017e\u00edte se naj\u00edt rovnov\u00e1hu mezi bl\u00e1zniv\u00fdm a n\u00e1ro\u010dn\u00fdm \u017eivotem, nebo jen hled\u00e1te jiskru, kter\u00e1 by v\u00e1m rozz\u00e1\u0159ila den, pro ka\u017ed\u00e9ho se tu n\u011bco najde. Tyto cit\u00e1ty se t\u00fdkaj\u00ed skute\u010dn\u00e9ho \u017eivota &#8211; vzestup\u016f, p\u00e1d\u016f a v\u0161eho mezi t\u00edm. Tak se do toho poj\u010fme spole\u010dn\u011b pustit, ano? P\u0159ipravte se na slova, kter\u00e1 v\u00e1s mo\u017en\u00e1 zas\u00e1hnou, donut\u00ed v\u00e1s p\u0159em\u00fd\u0161let nebo dokonce zm\u011bn\u00ed v\u00e1\u0161 pohled na den. Jste p\u0159ipraveni na malou d\u00e1vku inspirace? Za\u010dn\u011bme! Dal\u0161\u00ed zdroje pro va\u0161i cestu Ne\u017e se pono\u0159\u00edme do j\u00e1dra na\u0161ich cit\u00e1t\u016f, chci se s v\u00e1mi pod\u011blit o n\u011bkolik zdroj\u016f, kter\u00e9 v\u00fdrazn\u011b obohatily mou cestu osobn\u00edho r\u016fstu a porozum\u011bn\u00ed. Tyto knihy, podcasty a webov\u00e9 str\u00e1nky se pod\u00edlely na utv\u00e1\u0159en\u00ed m\u00e9ho pohledu na v\u011bc a v\u011b\u0159\u00edm, \u017ee i v\u00e1m mohou nab\u00eddnout neuv\u011b\u0159iteln\u00fd vhled a inspiraci: Cit\u00e1ty o p\u0159ij\u00edm\u00e1n\u00ed zm\u011bn Zm\u011bna &#8211; m\u016f\u017ee b\u00fdt d\u011bsiv\u00e1, vzru\u0161uj\u00edc\u00ed a n\u011bkdy od oboj\u00edho trochu, \u017ee? A\u0165 u\u017e jde o n\u00e1stup do nov\u00e9 pr\u00e1ce, st\u011bhov\u00e1n\u00ed do jin\u00e9ho m\u011bsta, nebo jen o zm\u011bnu ka\u017edodenn\u00ed rutiny, zm\u011bna je velkou sou\u010d\u00e1st\u00ed na\u0161eho \u017eivota. A bu\u010fme up\u0159\u00edmn\u00ed, n\u011bkdy pot\u0159ebujeme trochu popostr\u010dit, abychom to p\u0159ijali. Zde je n\u011bkolik cit\u00e1t\u016f, kter\u00e9 v\u00e1m dodaj\u00ed energii: Zamyslete se nad ned\u00e1vnou zm\u011bnou ve sv\u00e9m \u017eivot\u011b. Jak jste se zpo\u010d\u00e1tku c\u00edtil a jak se na to d\u00edv\u00e1te nyn\u00ed? Dok\u00e1\u017eete identifikovat n\u011bjak\u00e9 pozitivn\u00ed v\u00fdsledky nebo p\u0159\u00edle\u017eitosti, kter\u00e9 z t\u00e9to zm\u011bny vyplynuly? Ka\u017ed\u00fd z t\u011bchto cit\u00e1t\u016f nab\u00edz\u00ed jedine\u010dn\u00fd pohled na zm\u011bnu, \u017ee? N\u011bkte\u0159\u00ed v tom vid\u00ed p\u0159\u00edle\u017eitost k r\u016fstu, jin\u00ed n\u00e1m p\u0159ipom\u00ednaj\u00ed, \u017ee je to p\u0159irozen\u00e1 a trval\u00e1 sou\u010d\u00e1st \u017eivota. A\u017e v\u00e1s p\u0159\u00ed\u0161t\u011b \u010dek\u00e1 velk\u00e1 zm\u011bna, vzpome\u0148te si na tato slova. Mo\u017en\u00e1, \u017ee n\u011bkter\u00fd z nich bude jemn\u00fdm pob\u00eddnut\u00edm nebo odv\u00e1\u017en\u00fdm impulsem, kter\u00fd pot\u0159ebujete, abyste novou kapitolu sv\u00e9ho \u017eivota p\u0159ijali s v\u011bt\u0161\u00ed d\u016fv\u011brou. Cit\u00e1ty o p\u0159ekon\u00e1v\u00e1n\u00ed v\u00fdzev P\u0159iznejme si, \u017ee v\u0161ichni \u010das od \u010dasu nar\u00e1\u017e\u00edme na p\u0159ek\u00e1\u017eky na cest\u011b. A\u0165 u\u017e jde o t\u011b\u017ek\u00fd den v pr\u00e1ci, osobn\u00ed ne\u00fasp\u011bch nebo jen o jeden z t\u011bch dn\u016f, kdy se zd\u00e1, \u017ee se v\u0161echno neda\u0159\u00ed, \u017eivot n\u00e1m m\u016f\u017ee p\u0159ipravit n\u011bkolik p\u0159ek\u00e1\u017eek. Ale z\u00e1le\u017e\u00ed na tom, jak je chyt\u00edme, ne? Zde je n\u011bkolik cit\u00e1t\u016f, kter\u00e9 v\u00e1m p\u0159ipomenou va\u0161i s\u00edlu a odolnost v t\u011b\u017ek\u00fdch chv\u00edl\u00edch: Vzpome\u0148te si na v\u00fdzvu, kter\u00e9 jste ned\u00e1vno \u010delili. Jak se v\u00e1m to poda\u0159ilo p\u0159ekonat a co jste se p\u0159itom o sob\u011b dozv\u011bd\u011bli? Ka\u017ed\u00fd z t\u011bchto cit\u00e1t\u016f poch\u00e1z\u00ed od n\u011bkoho, kdo se s\u00e1m postavil v\u00fdzv\u00e1m a na druh\u00e9 stran\u011b z nich vy\u0161el siln\u011bj\u0161\u00ed. N\u011bkdy je v\u011bdom\u00ed, \u017ee i ostatn\u00ed pro\u0161li kamenitou cestou a zvl\u00e1dli ji, t\u00edm, co pot\u0159ebujeme, abychom se posouvali vp\u0159ed. Tak\u017ee a\u017e se p\u0159\u00ed\u0161t\u011b budete pot\u00fdkat s v\u00fdzvou, vzpome\u0148te si na tato slova a v\u011bzte, \u017ee m\u00e1te s\u00edlu to p\u0159ekonat. M\u00e1\u0161 to m\u00edt! Cit\u00e1ty o produktivit\u011b a efektivit\u011b M\u00e1te seznam \u00fakol\u016f, kter\u00fd se zd\u00e1 b\u00fdt nekone\u010dn\u00fd? Nebo se mo\u017en\u00e1 jen sna\u017e\u00edte naj\u00edt tu spr\u00e1vnou cestu, kdy se v\u00e1m da\u0159\u00ed v\u011bci d\u011blat, ani\u017e byste vyho\u0159eli. V\u0161ichni jsme to za\u017eili. N\u011bkdy m\u016f\u017ee b\u00fdt trocha moudrosti od t\u011bch, kte\u0159\u00ed ovl\u00e1daj\u00ed um\u011bn\u00ed b\u00fdt produktivn\u00ed, tou spr\u00e1vnou jiskrou, kterou pot\u0159ebujeme. Pod\u00edvejte se na tyto cit\u00e1ty, kter\u00e9 v\u00e1m pomohou naj\u00edt spr\u00e1vnou cestu k produktivit\u011b: Ur\u010dete si jednu oblast, ve kter\u00e9 byste cht\u011bli b\u00fdt produktivn\u011bj\u0161\u00ed nebo efektivn\u011bj\u0161\u00ed. Jak\u00e9 konkr\u00e9tn\u00ed kroky m\u016f\u017eete podniknout, abyste se v t\u00e9to oblasti zlep\u0161ili, a jak tyto zm\u011bny ovlivn\u00ed v\u00e1\u0161 ka\u017edodenn\u00ed \u017eivot? Tyto cit\u00e1ty v\u00e1m pomohou soust\u0159edit se na to, co je opravdu d\u016fle\u017eit\u00e9, a naj\u00edt efektivn\u011bj\u0161\u00ed zp\u016fsoby, jak zvl\u00e1dnout sv\u016fj den. Nezapome\u0148te, \u017ee nejde o to, abyste ka\u017edou minutu dne zaplnili \u00fakoly, ale o to, aby se ty minuty po\u010d\u00edtaly. A\u017e se p\u0159\u00ed\u0161t\u011b budete c\u00edtit zaseknut\u00ed ve vyjet\u00fdch kolej\u00edch, vzpome\u0148te si na tato moudra a trochu povzbu\u010fte svou produktivitu. M\u00e1te na to, abyste si dne\u0161n\u00ed den zapamatovali! Cit\u00e1ty o p\u00e9\u010di o sebe a wellness V ka\u017edodenn\u00edm shonu je velmi snadn\u00e9 zapomenout si ud\u011blat chvilku pro sebe. P\u00e9\u010de o sebe sama nen\u00ed jen m\u00f3dn\u00ed slovo, ale m\u00e1 z\u00e1sadn\u00ed v\u00fdznam pro na\u0161i du\u0161evn\u00ed i fyzickou pohodu. Pot\u0159ebujete malou p\u0159ipom\u00ednku, abyste se zapsali na seznam \u00fakol\u016f? Tyto cit\u00e1ty jsou tu proto, aby v\u00e1s jemn\u011b postr\u010dily k p\u00e9\u010di o sebe a sv\u00e9 zdrav\u00ed: Co pro v\u00e1s znamen\u00e1 p\u00e9\u010de o sebe sama a jak ji v sou\u010dasn\u00e9 dob\u011b za\u010dle\u0148ujete do sv\u00e9ho denn\u00edho re\u017eimu? Popi\u0161te jeden nov\u00fd postup p\u00e9\u010de o sebe, kter\u00fd byste cht\u011bli vyzkou\u0161et, a pro\u010d. Tyto cit\u00e1ty v\u00e1m p\u0159ipomenou, \u017ee starat se o sebe nen\u00ed sobeck\u00e9, ale nezbytn\u00e9. A\u0165 u\u017e je to dlouh\u00e1 koupel, \u010dten\u00ed dobr\u00e9 knihy nebo jen p\u00e1r minut na to, abyste se d\u00fdchat a b\u00fdt p\u0159\u00edtomen , je p\u00e9\u010de o sebe kl\u00ed\u010dem k dopln\u011bn\u00ed energie pro va\u0161i mysl a t\u011blo. Nezapom\u00ednejte si tedy v tom v\u0161em shonu ud\u011blat \u010das i na sebe. Zaslou\u017e\u00edte si to! Cit\u00e1ty o vztaz\u00edch a komunit\u011b V tomto digit\u00e1ln\u00edm sv\u011bt\u011b, kde jsme \u010dasto zahled\u011bni do obrazovek, je d\u016fle\u017eit\u00e9 m\u00edt na pam\u011bti hodnotu skute\u010dn\u00fdch lidsk\u00fdch vztah\u016f. A\u0165 u\u017e jde o rodinu, p\u0159\u00e1tele nebo \u0161ir\u0161\u00ed komunitu, vztahy jsou z\u00e1kladem napln\u011bn\u00e9ho \u017eivota. Pot\u0159ebujete trochu inspirace k rozv\u00edjen\u00ed sv\u00fdch kontakt\u016f? Zde je n\u011bkolik cit\u00e1t\u016f, kter\u00e9 zd\u016fraz\u0148uj\u00ed kr\u00e1su a d\u016fle\u017eitost vztah\u016f: Zamyslete se nad sv\u00fdm nejv\u00fdznamn\u011bj\u0161\u00edm vztahem. \u010c\u00edm je v\u00fdjime\u010dn\u00e1 a jak p\u0159isp\u00edv\u00e1te k jej\u00ed s\u00edle a pozitivit\u011b? A\u0165 v\u00e1s tato slova povzbud\u00ed k tomu, abyste nav\u00e1zali kontakt, nav\u00e1zali spojen\u00ed a v\u00e1\u017eili si vztah\u016f ve sv\u00e9m \u017eivot\u011b. A\u0165 u\u017e se jedn\u00e1 o rychl\u00fd telefon\u00e1t, srde\u010dn\u00fd rozhovor nebo jen spole\u010dn\u011b str\u00e1ven\u00fd \u010das, ka\u017ed\u00e9 \u00fasil\u00ed se po\u010d\u00edt\u00e1 pro pos\u00edlen\u00ed va\u0161ich vazeb. Koneckonc\u016f jsou to pr\u00e1v\u011b lid\u00e9 v na\u0161em \u017eivot\u011b, kv\u016fli kter\u00fdm stoj\u00ed za to se vydat na cestu. Cit\u00e1ty o stanovov\u00e1n\u00ed c\u00edl\u016f a aspirac\u00edch M\u00e1te velk\u00e9 sny a pl\u00e1ny do budoucna? Stanoven\u00ed c\u00edl\u016f je d\u016fle\u017eitou sou\u010d\u00e1st\u00ed prom\u011bny t\u011bchto sn\u016f ve skute\u010dnost. Ale bu\u010fme up\u0159\u00edmn\u00ed, n\u011bkdy se to sn\u00e1ze \u0159ekne, ne\u017e ud\u011bl\u00e1. A\u0165 u\u017e se chyst\u00e1te na novou kari\u00e9rn\u00ed cestu, osobn\u00ed rozvoj nebo se jen sna\u017e\u00edte v n\u011b\u010dem zlep\u0161it, trocha inspirace v\u00e1m pom\u016f\u017ee. Zde je n\u011bkolik cit\u00e1t\u016f, kter\u00e9 podpo\u0159\u00ed va\u0161e ambice a pomohou v\u00e1m udr\u017eet se na cest\u011b za sv\u00fdmi c\u00edli: Napi\u0161te o c\u00edli, kter\u00fd jste si ned\u00e1vno stanovili. Pro\u010d je pro v\u00e1s tento c\u00edl d\u016fle\u017eit\u00fd a jak\u00fd pl\u00e1n jste zavedli k jeho dosa\u017een\u00ed? A\u0165 jsou tyto cit\u00e1ty va\u0161imi pr\u016fvodci p\u0159i honb\u011b za va\u0161imi c\u00edli. Nezapome\u0148te, \u017ee nejde jen o dosa\u017een\u00ed c\u00edle, ale i o cestu, z\u00edskan\u00e9 zku\u0161enosti a \u010dlov\u011bka, kter\u00fdm se na t\u00e9to cest\u011b stanete. Sn\u011bte tedy ve velk\u00e9m, stanovte si sv\u00e9 c\u00edle a podnikn\u011bte kroky k jejich uskute\u010dn\u011bn\u00ed. Cit\u00e1ty o v\u0161\u00edmavosti a p\u0159\u00edtomnosti V na\u0161em rychl\u00e9m sv\u011bt\u011b je tak snadn\u00e9 nechat se un\u00e9st shonem a zapomenout \u017e\u00edt v p\u0159\u00edtomnosti. Mindfulness nen\u00ed jen m\u00f3dn\u00ed koncept; je to praxe, kter\u00e1 m\u016f\u017ee do na\u0161eho ka\u017edodenn\u00edho \u017eivota p\u0159in\u00e9st mnoho jasnosti a radosti. Pokud chcete do sv\u00e9ho dne vn\u00e9st trochu v\u00edce p\u0159\u00edtomnosti, tyto cit\u00e1ty by v\u00e1m mohly b\u00fdt jemnou p\u0159ipom\u00ednkou, kterou pot\u0159ebujete: Popi\u0161te ned\u00e1vn\u00fd okam\u017eik, kdy jste se c\u00edtili skute\u010dn\u011b p\u0159\u00edtomn\u00ed a uv\u011bdom\u011bl\u00ed. Jak to ovlivnilo va\u0161i n\u00e1ladu a perspektivu? Zpomalte, d\u00fdchejte a oce\u0148te p\u0159\u00edtomnost tady a te\u010f. V\u0161\u00edmavost je o tom, \u017ee si mus\u00edte u\u017e\u00edvat ka\u017ed\u00fd krok na cest\u011b, a ne se jen hn\u00e1t k c\u00edli. A\u017e se p\u0159\u00ed\u0161t\u011b budete c\u00edtit p\u0159et\u00ed\u017eeni, zastavte se na chv\u00edli a prost\u011b bu\u010fte. Mo\u017en\u00e1 budete p\u0159ekvapeni, jak\u00fd klid a jasnost v\u00e1m to m\u016f\u017ee p\u0159in\u00e9st. Cit\u00e1ty o \u017eivotn\u00ed cest\u011b a u\u010den\u00ed \u017divot je cesta, kter\u00e1 m\u00e1 sv\u00e9 vlastn\u00ed z\u00e1kruty, odbo\u010dky a lekce. N\u011bkdy v\u0161ichni pot\u0159ebujeme trochu moudrosti, kter\u00e1 n\u00e1m p\u0159ipomene, abychom si v\u00e1\u017eili j\u00edzdy a u\u010dili se z ka\u017ed\u00e9 zku\u0161enosti. A\u0165 u\u017e proch\u00e1z\u00edte velkou zm\u011bnou, slav\u00edte v\u00edt\u011bzstv\u00ed, nebo jen berete v\u011bci den po dni, tyto cit\u00e1ty v\u00e1m nab\u00eddnou perspektivu na kr\u00e1sn\u00e9 cest\u011b \u017eivotem: Zamyslete se nad v\u00fdznamnou \u017eivotn\u00ed lekc\u00ed, kterou jste z\u00edskali v uplynul\u00e9m roce. Jak tato lekce ovlivnila v\u00e1\u0161 pohled na \u017eivot nebo p\u0159\u00edstup k n\u011bmu? Pamatujte, \u017ee ka\u017ed\u00fd den je sou\u010d\u00e1st\u00ed va\u0161\u00ed cesty a ka\u017ed\u00e1 zku\u0161enost, a\u0165 u\u017e dobr\u00e1 nebo \u0161patn\u00e1, je lekc\u00ed, kter\u00e1 utv\u00e1\u0159\u00ed to, k\u00fdm jste. P\u0159ijm\u011bte vzestupy a p\u00e1dy, pou\u010dte se z nich a jd\u011bte st\u00e1le kup\u0159edu. Va\u0161e cesta je jedine\u010dn\u00e1 a ka\u017ed\u00fd krok stoj\u00ed za oslavu. Cit\u00e1ty o p\u0159ijet\u00ed sv\u00e9ho autentick\u00e9ho j\u00e1 Ve sv\u011bt\u011b, kde jsme neust\u00e1le bombardov\u00e1ni zpr\u00e1vami o tom, jac\u00ed bychom m\u011bli b\u00fdt, je d\u016fle\u017eit\u00e9 si uv\u011bdomit, jakou s\u00edlu m\u00e1 b\u00fdt \u010dlov\u011bk s\u00e1m sebou. Tyto cit\u00e1ty jsou o tom, jak p\u0159ijmout a oslavit sv\u00e9 autentick\u00e9 j\u00e1: Na kter\u00e9 aspekty sv\u00e9 osobnosti nebo \u017eivota jste nejv\u00edce hrd\u00ed? Jsou n\u011bjak\u00e9 \u010d\u00e1sti va\u0161eho j\u00e1, kter\u00e9 je pro v\u00e1s n\u00e1ro\u010dn\u00e9 p\u0159ijmout? Zamyslete se nad t\u00edm, jak va\u0161e autentick\u00e9 j\u00e1 ovlivnilo va\u0161e zku\u0161enosti. Kdykoli tedy poc\u00edt\u00edte tlak, abyste se p\u0159izp\u016fsobili nebo skryli sv\u00e9 prav\u00e9 j\u00e1, vzpome\u0148te si na tato slova. P\u0159ipom\u00ednaj\u00ed v\u00e1m, \u017ee va\u0161e autentick\u00e9 j\u00e1 je va\u0161\u00edm nejv\u011bt\u0161\u00edm bohatstv\u00edm a zdrojem radosti. Oslavujte svou jedine\u010dnost, proto\u017ee pr\u00e1v\u011b v n\u00ed spo\u010d\u00edv\u00e1 va\u0161e skute\u010dn\u00e1 s\u00edla. Cit\u00e1ty o hled\u00e1n\u00ed radosti a vd\u011b\u010dnosti Prav\u00e1 kr\u00e1sa \u017eivota \u010dasto spo\u010d\u00edv\u00e1 v prost\u00fdch okam\u017eic\u00edch radosti a pocitu vd\u011b\u010dnosti. Zde je n\u011bkolik cit\u00e1t\u016f, kter\u00e9 v\u00e1m p\u0159ipomenou, \u017ee m\u00e1te hledat \u0161t\u011bst\u00ed v mali\u010dkostech a ka\u017ed\u00fd den se sna\u017eit b\u00fdt vd\u011b\u010dn\u00ed: Vyjmenujte t\u0159i drobnosti, kter\u00e9 v\u00e1m tento t\u00fdden ud\u011blaly radost. Pro\u010d tyto momenty vynikly a jak jste se p\u0159i nich c\u00edtil? Zastavte se a oce\u0148te kr\u00e1su kolem sebe i v sob\u011b. P\u0159ijm\u011bte okam\u017eiky radosti, denn\u011b se v\u011bnujte vd\u011b\u010dnosti a sledujte, jak tyto drobn\u00e9 skutky m\u011bn\u00ed v\u00e1\u0161 pohled na v\u011bc a obohacuj\u00ed v\u00e1\u0161 ka\u017edodenn\u00ed \u017eivot. Praktick\u00e9 tipy, jak pou\u017e\u00edvat cit\u00e1ty v ka\u017edodenn\u00edm \u017eivot\u011b Za\u010dlen\u011bn\u00ed inspirativn\u00edch cit\u00e1t\u016f do na\u0161eho ka\u017edodenn\u00edho \u017eivota m\u016f\u017ee b\u00fdt mocn\u00fdm n\u00e1strojem motivace a p\u0159em\u00fd\u0161len\u00ed. Zde je n\u011bkolik praktick\u00fdch zp\u016fsob\u016f, jak m\u016f\u017eete tyto cit\u00e1ty za\u0159adit do sv\u00e9 ka\u017edodenn\u00ed rutiny. Rann\u00ed ritu\u00e1l Za\u010dn\u011bte den p\u0159e\u010dten\u00edm cit\u00e1tu a n\u011bkolik minut p\u0159em\u00fd\u0161lejte o jeho v\u00fdznamu a o tom, jak se vztahuje k va\u0161emu nadch\u00e1zej\u00edc\u00edmu dni. Citace Journaling Ve\u010fte si den\u00edk, kam si budete zapisovat sv\u00e9 obl\u00edben\u00e9 cit\u00e1ty a sv\u00e9 my\u0161lenky \u010di pocity, kter\u00e9 k nim m\u00e1te. To m\u016f\u017ee b\u00fdt skv\u011bl\u00fd zp\u016fsob, jak se do cit\u00e1t\u016f hluboce zapojit. Cit\u00e1ty jako p\u0159ipomenut\u00ed Um\u00edst\u011bte cit\u00e1ty na strategick\u00e1 m\u00edsta &#8211; nap\u0159\u00edklad na zrcadlo v koupeln\u011b, na ledni\u010dku nebo na pracovn\u00ed m\u00edsto &#8211; kde je budete m\u00edt pravideln\u011b na o\u010d\u00edch po cel\u00fd den. Sd\u00edlen\u00ed v soci\u00e1ln\u00edch s\u00edt\u00edch Sd\u00edlejte cit\u00e1t, kter\u00fd s v\u00e1mi rezonuje, na sv\u00fdch soci\u00e1ln\u00edch s\u00edt\u00edch. To slou\u017e\u00ed nejen jako p\u0159ipom\u00ednka pro v\u00e1s, ale tak\u00e9 jako inspirace pro ostatn\u00ed. Rozumn\u00e1 meditace Pou\u017eijte cit\u00e1t jako bod, na kter\u00fd se m\u016f\u017eete zam\u011b\u0159it p\u0159i meditaci. Zamyslete se nad jeho v\u00fdznamem a nad t\u00edm, jak souvis\u00ed s va\u0161\u00edm \u017eivotem a aspiracemi. Cit\u00e1ty v oblasti komunikace Pou\u017e\u00edvejte cit\u00e1ty v e-mailech, dopisech nebo rozhovorech jako zp\u016fsob, jak vyj\u00e1d\u0159it sv\u00e9 my\u0161lenky a nav\u00e1zat kontakt s ostatn\u00edmi. L\u00edb\u00ed se v\u00e1m to? P\u0159ipn\u011bte si ji! \u010casto kladen\u00e9 ot\u00e1zky Chci v\u00e1s sly\u0161et!<\/p>\n","protected":false},"author":1,"featured_media":8084,"comment_status":"open","ping_status":"open","sticky":false,"template":"","format":"standard","meta":{"_eb_attr":"","cos_headline_score":0,"cos_seo_score":0,"cos_headline_text":"","cos_headline_has_been_analyzed":false,"cos_last_analyzed_headline":[],"_lmt_disableupdate":"","_lmt_disable":"","footnotes":""},"categories":[191],"tags":[],"ppma_author":[115],"modified_by":null,"acf":[],"authors":[{"term_id":115,"user_id":1,"is_guest":0,"slug":"lucie-pospechova92gmail-com","display_name":"Lucie Pospechova","avatar_url":"https:\/\/secure.gravatar.com\/avatar\/233d2c822e5d73b3ec29ee7289f7af27?s=96&d=mm&r=g","user_url":"http:\/\/luciepo.com","last_name":"Pospechova","first_name":"Lucie","description":"Hello, I'm Lucie, a 31-year-old advocate for personal development and holistic well-being. Through this blog, I share practical insights and inspiring stories to help you thrive in every aspect of your life. Let's embark on this transformative journey together. \r\nWarm regards, Lucie."}],"_links":{"self":[{"href":"https:\/\/luciepo.com\/cs\/wp-json\/wp\/v2\/posts\/9219"}],"collection":[{"href":"https:\/\/luciepo.com\/cs\/wp-json\/wp\/v2\/posts"}],"about":[{"href":"https:\/\/luciepo.com\/cs\/wp-json\/wp\/v2\/types\/post"}],"author":[{"embeddable":true,"href":"https:\/\/luciepo.com\/cs\/wp-json\/wp\/v2\/users\/1"}],"replies":[{"embeddable":true,"href":"https:\/\/luciepo.com\/cs\/wp-json\/wp\/v2\/comments?post=9219"}],"version-history":[{"count":1,"href":"https:\/\/luciepo.com\/cs\/wp-json\/wp\/v2\/posts\/9219\/revisions"}],"predecessor-version":[{"id":9229,"href":"https:\/\/luciepo.com\/cs\/wp-json\/wp\/v2\/posts\/9219\/revisions\/9229"}],"wp:featuredmedia":[{"embeddable":true,"href":"https:\/\/luciepo.com\/cs\/wp-json\/wp\/v2\/media\/8084"}],"wp:attachment":[{"href":"https:\/\/luciepo.com\/cs\/wp-json\/wp\/v2\/media?parent=9219"}],"wp:term":[{"taxonomy":"category","embeddable":true,"href":"https:\/\/luciepo.com\/cs\/wp-json\/wp\/v2\/categories?post=9219"},{"taxonomy":"post_tag","embeddable":true,"href":"https:\/\/luciepo.com\/cs\/wp-json\/wp\/v2\/tags?post=9219"},{"taxonomy":"author","embeddable":true,"href":"https:\/\/luciepo.com\/cs\/wp-json\/wp\/v2\/ppma_author?post=9219"}],"curies":[{"name":"wp","href":"https:\/\/api.w.org\/{rel}","templated":true}]}}