{"id":9259,"date":"2023-10-21T14:37:43","date_gmt":"2023-10-21T12:37:43","guid":{"rendered":"https:\/\/luciepo.com\/jak-na-denikovou-terapii-120-podnetu-k-transformacni-denikove-terapii\/"},"modified":"2024-03-04T19:17:42","modified_gmt":"2024-03-04T18:17:42","slug":"jak-na-denikovou-terapii-120-podnetu-k-transformacni-denikove-terapii","status":"publish","type":"post","link":"https:\/\/luciepo.com\/cs\/jak-na-denikovou-terapii-120-podnetu-k-transformacni-denikove-terapii\/","title":{"rendered":"Jak na den\u00edkovou terapii: 120 podn\u011bt\u016f k transforma\u010dn\u00ed den\u00edkov\u00e9 terapii"},"content":{"rendered":"\n<p>P\u0159em\u00fd\u0161leli jste n\u011bkdy o tom, jak m\u016f\u017ee p\u0159ilo\u017een\u00ed pera k pap\u00edru z\u00e1zra\u010dn\u011b ovlivnit va\u0161i du\u0161evn\u00ed a emocion\u00e1ln\u00ed pohodu? Tak to si p\u0159ijdete na sv\u00e9! Tento \u010dl\u00e1nek se zab\u00fdv\u00e1 <strong>transformativn\u00edm kouzlem terapie pomoc\u00ed den\u00edku a neuv\u011b\u0159iteln\u00fdmi podn\u011bty, kter\u00e9 mohou nastartovat va\u0161i cestu k sebepozn\u00e1n\u00ed a osobn\u00edmu r\u016fstu.<\/strong><\/p>\n\n<p>Pono\u0159\u00edme se do um\u011bn\u00ed psan\u00ed den\u00edk\u016f se <strong>120 podn\u011bty, kter\u00e9<\/strong> pokr\u00fdvaj\u00ed celou \u0159adu t\u00e9mat &#8211; od introspekce p\u0159es kreativitu a\u017e po stanoven\u00ed c\u00edl\u016f a dal\u0161\u00ed. A\u0165 u\u017e jste v psan\u00ed den\u00edk\u016f nov\u00e1\u010dci, nebo zku\u0161en\u00ed profesion\u00e1lov\u00e9, <strong>ur\u010dit\u011b najdete n\u011bco, co v\u00e1m<\/strong> bude vyhovovat.<\/p>\n\n<p>Vezm\u011bte si tedy sv\u016fj obl\u00edben\u00fd den\u00edk a \u00fatuln\u00fd koutek a vydejme se na tuto cestu spole\u010dn\u011b. P\u0159ipravte se na nov\u00e9 poznatky, uvoln\u011bte nahromad\u011bn\u00e9 emoce a ur\u010dete si sm\u011br ke \u0161\u0165astn\u011bj\u0161\u00edmu a spokojen\u011bj\u0161\u00edmu \u017eivotu.  <\/p>\n\n<p>Pono\u0159me se do toho!<\/p>\n\n<div style=\"height:33px\" aria-hidden=\"true\" class=\"wp-block-spacer\"><\/div>\n\n<figure class=\"wp-block-image size-large\"><img decoding=\"async\" loading=\"lazy\" width=\"1024\" height=\"683\" src=\"https:\/\/luciepo.com\/wp-content\/uploads\/2023\/10\/how-to-journal-therapy-1024x683.jpg\" alt=\"podn&#x11B;ty k den&#xED;kov&#xE9; terapii\" class=\"wp-image-3557\" srcset=\"https:\/\/luciepo.com\/wp-content\/uploads\/2023\/10\/how-to-journal-therapy-1024x683.jpg 1024w, https:\/\/luciepo.com\/wp-content\/uploads\/2023\/10\/how-to-journal-therapy-300x200.jpg 300w, https:\/\/luciepo.com\/wp-content\/uploads\/2023\/10\/how-to-journal-therapy-768x512.jpg 768w, https:\/\/luciepo.com\/wp-content\/uploads\/2023\/10\/how-to-journal-therapy-1536x1024.jpg 1536w, https:\/\/luciepo.com\/wp-content\/uploads\/2023\/10\/how-to-journal-therapy-2048x1365.jpg 2048w, https:\/\/luciepo.com\/wp-content\/uploads\/2023\/10\/how-to-journal-therapy-1140x760.jpg 1140w\" sizes=\"(max-width: 1024px) 100vw, 1024px\" \/><figcaption class=\"wp-element-caption\">Jak na terapii v den\u00edku &#8211; podn\u011bty k terapii v den\u00edku<\/figcaption><\/figure>\n\n<div style=\"height:33px\" aria-hidden=\"true\" class=\"wp-block-spacer\"><\/div>\n\n<h2 id='s\u00edla-terapie-pomoc\u00ed-den\u00edku'  id=\"boomdevs_1\" class=\"wp-block-heading\" ><strong>S\u00edla terapie pomoc\u00ed den\u00edku<\/strong><\/h2>\n\n<p>P\u0159edstavte si to: <strong>z\u00f3na bez odsudk\u016f<\/strong>, kde va\u0161e my\u0161lenky voln\u011b plynou, kde emoce nach\u00e1zej\u00ed sv\u016fj hlas a kde se sny formuj\u00ed na str\u00e1nce. V tom spo\u010d\u00edv\u00e1 neuv\u011b\u0159iteln\u00e1 s\u00edla terapie pomoc\u00ed den\u00edku. Je to cesta sebepozn\u00e1n\u00ed, emocion\u00e1ln\u00edho uzdraven\u00ed a osobn\u00edho r\u016fstu, to v\u0161e zabalen\u00e9 na str\u00e1nk\u00e1ch va\u0161eho d\u016fv\u011bryhodn\u00e9ho den\u00edku.<\/p>\n\n<p>Jak\u00e9 jsou hlavn\u00ed v\u00fdhody psan\u00ed den\u00edku?<\/p>\n\n<ul>\n<li><strong>Bezpe\u010dn\u00fd prostor<\/strong>: Den\u00edk vytv\u00e1\u0159\u00ed bezpe\u010dnou z\u00f3nu pro va\u0161e my\u0161lenky bez odsuzov\u00e1n\u00ed.<\/li>\n\n\n\n<li><strong>Sebepozn\u00e1n\u00ed<\/strong>: Odhalte skryt\u00e9 emoce a z\u00edskejte n\u00e1hled na sebe sama.<\/li>\n\n\n\n<li><strong>Emo\u010dn\u00ed uzdraven\u00ed<\/strong>: Den\u00edkov\u00e1 terapie slou\u017e\u00ed jako n\u00e1stroj pro emo\u010dn\u00ed uvoln\u011bn\u00ed a uzdraven\u00ed.<\/li>\n\n\n\n<li><strong>Stanoven\u00ed c\u00edl\u016f<\/strong>: Pomoc\u00ed den\u00edku si stanovte a sledujte smyslupln\u00e9 \u017eivotn\u00ed c\u00edle.<\/li>\n\n\n\n<li><strong>Jasnost a reflexe<\/strong>: Z\u00edskejte jasno v \u017eivotn\u00edch v\u00fdzv\u00e1ch a p\u0159em\u00fd\u0161lejte o sv\u00fdch zku\u0161enostech.<\/li>\n\n\n\n<li><strong>Soucit se sebou sam\u00fdm a r\u016fst<\/strong>: P\u0159ijm\u011bte soucit se sebou sam\u00fdm a za\u017eijte osobn\u00ed r\u016fst prost\u0159ednictv\u00edm psan\u00ed den\u00edku.<\/li>\n<\/ul>\n\n<p>V\u00fdzkumy nazna\u010duj\u00ed, \u017ee pravideln\u00e9 psan\u00ed den\u00edk\u016f m\u016f\u017ee v\u00e9st ke <strong>sn\u00ed\u017een\u00ed hladiny stresu, zlep\u0161en\u00ed n\u00e1lady a zv\u00fd\u0161en\u00ed sebev\u011bdom\u00ed<\/strong>. Studie nav\u00edc uk\u00e1zaly, \u017ee psan\u00ed den\u00edku m\u016f\u017ee b\u00fdt \u00fa\u010dinn\u00fdm n\u00e1strojem p\u0159i <strong>zvl\u00e1d\u00e1n\u00ed \u00fazkosti a deprese<\/strong>.  <\/p>\n\n<p class=\"has-background\" style=\"background-color:#ecd5ff\"><strong>ST\u00c1HN\u011aTE SI ZDARMA PDF SE 120 PODN\u011aTY DO DEN\u00cdKU <a href=\"https:\/\/shop.beacons.ai\/luciepo\/3566e2b6-de36-4c4f-880c-f0c6a20aea25\" target=\"_blank\" data-type=\"URL\" data-id=\"https:\/\/shop.beacons.ai\/luciepo\/3566e2b6-de36-4c4f-880c-f0c6a20aea25\" rel=\"noreferrer noopener\">ZDE<\/a><\/strong><\/p>\n\n<h2 id='za\u010d\u00edn\u00e1me-s-terapi\u00ed-den\u00edkem'  id=\"boomdevs_2\" class=\"wp-block-heading\" ><strong>Za\u010d\u00edn\u00e1me s terapi\u00ed den\u00edkem<\/strong><\/h2>\n\n<p><strong>Zah\u00e1jen\u00ed<\/strong> <strong>cesty<\/strong> <strong>terapie pomoc\u00ed den\u00edku<\/strong> je siln\u00fdm krokem k <strong>pochopen\u00ed sebe sama<\/strong> a dosa\u017een\u00ed <strong>emo\u010dn\u00ed rovnov\u00e1hy<\/strong>.  <\/p>\n\n<p>V t\u00e9to \u010d\u00e1sti v\u00e1s sezn\u00e1m\u00edme se z\u00e1kladn\u00edmi kroky, jak <strong>za\u010d\u00edt s terapi\u00ed den\u00edkem<\/strong>, a poskytneme v\u00e1m n\u00e1stroje a techniky pro tuto <strong>transformativn\u00ed praxi<\/strong>.<\/p>\n\n<h3 id='vyberte-si-sv\u016fj-\u010dasopis'  id=\"boomdevs_3\" class=\"wp-block-heading\" ><strong>Vyberte si sv\u016fj \u010dasopis<\/strong><\/h3>\n\n<p>Vyberte si \u010dasopis, kter\u00fd s v\u00e1mi rezonuje. Mohlo by to b\u00fdt <strong>\n  <a href=\"https:\/\/amzn.to\/3ZXtUbO\" target=\"_blank\" data-type=\"URL\" data-id=\"https:\/\/amzn.to\/3ZXtUbO\" rel=\"noreferrer noopener\">kr\u00e1sn\u00fd z\u00e1pisn\u00edk<\/a>\n<\/strong> nebo <strong>\n  <a href=\"https:\/\/apps.apple.com\/us\/app\/5-minute-journal-self-care\/id1062945251\" target=\"_blank\" data-type=\"URL\" data-id=\"https:\/\/apps.apple.com\/us\/app\/5-minute-journal-self-care\/id1062945251\" rel=\"noreferrer noopener\">digit\u00e1ln\u00ed aplikace pro psan\u00ed den\u00edk\u016f<\/a>\n<\/strong> &#8211; cokoli, co v\u00e1m p\u0159ijde spr\u00e1vn\u00e9.<\/p>\n\n<ul>\n<li><strong><strong>Zva\u017ete sv\u00e9 preference:<\/strong><\/strong>\n<ul>\n<li>Rozhodn\u011bte se mezi <strong>\n  <a href=\"https:\/\/amzn.to\/3ZXtUbO\" target=\"_blank\" data-type=\"URL\" data-id=\"https:\/\/amzn.to\/3ZXtUbO\" rel=\"noreferrer noopener\">fyzick\u00fdm den\u00edkem<\/a>\n<\/strong> nebo <strong>\n  <a href=\"https:\/\/apps.apple.com\/us\/app\/5-minute-journal-self-care\/id1062945251\" target=\"_blank\" data-type=\"URL\" data-id=\"https:\/\/apps.apple.com\/us\/app\/5-minute-journal-self-care\/id1062945251\" rel=\"noreferrer noopener\">digit\u00e1ln\u00ed platformou<\/a>\n<\/strong> podle toho, co je pro v\u00e1s nejpohodln\u011bj\u0161\u00ed a nejdostupn\u011bj\u0161\u00ed.<\/li>\n<\/ul>\n<\/li>\n<\/ul>\n\n<p><\/p>\n\n<ul>\n<li><strong><strong>Velikost a form\u00e1t:<\/strong><\/strong>\n<ul>\n<li>Zvolte si velikost a form\u00e1t, kter\u00fd vyhovuje va\u0161emu stylu psan\u00ed. Mo\u017enosti se pohybuj\u00ed od <strong>\n  <a href=\"https:\/\/amzn.to\/3M4Ff41\" target=\"_blank\" data-type=\"URL\" data-id=\"https:\/\/amzn.to\/3M4Ff41\" rel=\"noreferrer noopener\">kapesn\u00ed z\u00e1pisn\u00edky <\/a>\n<\/strong>a\u017e po v\u011bt\u0161\u00ed a propracovan\u011bj\u0161\u00ed den\u00edky.<\/li>\n<\/ul>\n<\/li>\n<\/ul>\n\n<p><\/p>\n\n<ul>\n<li><strong><strong>Kvalita pap\u00edru:<\/strong><\/strong>\n<ul>\n<li>Vyberte si kvalitn\u00ed pap\u00edr, kter\u00fd<strong> se p\u0159izp\u016fsob\u00ed va\u0161im psac\u00edm n\u00e1stroj\u016fm<\/strong>, ani\u017e by krv\u00e1cel nebo se zkrabatil.<\/li>\n<\/ul>\n<\/li>\n<\/ul>\n\n<p><\/p>\n\n<ul>\n<li><strong><strong>Vazba a ob\u00e1lka:<\/strong><\/strong>\n<ul>\n<li>Vyberte si vazbu (spir\u00e1lov\u00e1, \u0161it\u00e1 atd.) a materi\u00e1l ob\u00e1lky (tvrd\u00e1, m\u011bkk\u00e1, ko\u017een\u00e1 atd.), kter\u00fd v\u00e1m vyhovuje.<\/li>\n<\/ul>\n<\/li>\n<\/ul>\n\n<p><\/p>\n\n<ul>\n<li><strong><strong>Linkovan\u00e9 nebo pr\u00e1zdn\u00e9 str\u00e1nky:<\/strong><\/strong>\n<ul>\n<li>Rozhodn\u011bte se, zda d\u00e1v\u00e1te p\u0159ednost <strong>linkovan\u00fdm str\u00e1nk\u00e1m <\/strong>pro strukturovan\u00e9 psan\u00ed, nebo <strong>pr\u00e1zdn\u00fdm str\u00e1nk\u00e1m<\/strong> pro voln\u00e9 vyjad\u0159ov\u00e1n\u00ed.<\/li>\n<\/ul>\n<\/li>\n<\/ul>\n\n<p><\/p>\n\n<ul>\n<li><strong><strong>Dal\u0161\u00ed funkce:<\/strong><\/strong>\n<ul>\n<li>N\u011bkter\u00e9 \u010dasopisy mohou obsahovat funkce, jako jsou <strong>\n  <a href=\"https:\/\/amzn.to\/3M44Ud5\" target=\"_blank\" data-type=\"URL\" data-id=\"https:\/\/amzn.to\/3M44Ud5\" rel=\"noreferrer noopener\">popisova\u010de se stu\u017ekou<\/a>\n<\/strong>, <strong>\n  <a href=\"https:\/\/amzn.to\/3rSQFkB\" target=\"_blank\" data-type=\"URL\" data-id=\"https:\/\/amzn.to\/3rSQFkB\" rel=\"noreferrer noopener\">kapsy<\/a>\n<\/strong>nebo <strong>\n  <a href=\"https:\/\/amzn.to\/48RM0QC\" target=\"_blank\" data-type=\"URL\" data-id=\"https:\/\/amzn.to\/48RM0QC\" rel=\"noreferrer noopener\">pru\u017en\u00e9 uz\u00e1v\u011bry<\/a>\n<\/strong>. Zva\u017ete, zda jsou pro v\u00e1s d\u016fle\u017eit\u00e9.<\/li>\n<\/ul>\n<\/li>\n<\/ul>\n\n<p><\/p>\n\n<ul>\n<li><strong><strong>Odr\u00e1\u017eejte sv\u016fj styl:<\/strong><\/strong>\n<ul>\n<li>Vyberte si den\u00edk, kter\u00fd odr\u00e1\u017e\u00ed v\u00e1\u0161 osobn\u00ed styl, a\u0165 u\u017e je to <strong>\n  <a href=\"https:\/\/amzn.to\/48Uyyve\" data-type=\"URL\" data-id=\"https:\/\/amzn.to\/48Uyyve\" target=\"_blank\" rel=\"noreferrer noopener\">minimalistick\u00fd<\/a>\n<\/strong>, <strong>\n  <a href=\"https:\/\/amzn.to\/45yF1ZK\" data-type=\"URL\" data-id=\"https:\/\/amzn.to\/45yF1ZK\" target=\"_blank\" rel=\"noreferrer noopener\">um\u011bleck\u00fd<\/a>\n<\/strong>nebo <strong>\n  <a href=\"https:\/\/amzn.to\/3RVyPIk\" target=\"_blank\" data-type=\"URL\" data-id=\"https:\/\/amzn.to\/3RVyPIk\" rel=\"noreferrer noopener\">elegantn\u00ed<\/a>\n<\/strong>.<\/li>\n<\/ul>\n<\/li>\n<\/ul>\n\n<div style=\"height:3px\" aria-hidden=\"true\" class=\"wp-block-spacer\"><\/div>\n\n<ul>\n<li><strong><strong>P\u0159\u00edstupnost:<\/strong><\/strong>\n<ul>\n<li>Ujist\u011bte se, \u017ee vybran\u00fd den\u00edk je snadno dostupn\u00fd pro pravideln\u00e9 pou\u017e\u00edv\u00e1n\u00ed, a\u0165 u\u017e ho nos\u00edte s sebou, nebo ho m\u00e1te na vyhrazen\u00e9m m\u00edst\u011b.<\/li>\n<\/ul>\n<\/li>\n<\/ul>\n\n<div style=\"height:33px\" aria-hidden=\"true\" class=\"wp-block-spacer\"><\/div>\n\n<figure class=\"wp-block-image size-large\"><img decoding=\"async\" loading=\"lazy\" width=\"1024\" height=\"683\" src=\"https:\/\/luciepo.com\/wp-content\/uploads\/2023\/10\/how-to-journal-therapy-4-1024x683.jpg\" alt=\"\" class=\"wp-image-3567\" srcset=\"https:\/\/luciepo.com\/wp-content\/uploads\/2023\/10\/how-to-journal-therapy-4-1024x683.jpg 1024w, https:\/\/luciepo.com\/wp-content\/uploads\/2023\/10\/how-to-journal-therapy-4-300x200.jpg 300w, https:\/\/luciepo.com\/wp-content\/uploads\/2023\/10\/how-to-journal-therapy-4-768x512.jpg 768w, https:\/\/luciepo.com\/wp-content\/uploads\/2023\/10\/how-to-journal-therapy-4-1536x1024.jpg 1536w, https:\/\/luciepo.com\/wp-content\/uploads\/2023\/10\/how-to-journal-therapy-4-2048x1365.jpg 2048w, https:\/\/luciepo.com\/wp-content\/uploads\/2023\/10\/how-to-journal-therapy-4-1140x760.jpg 1140w\" sizes=\"(max-width: 1024px) 100vw, 1024px\" \/><figcaption class=\"wp-element-caption\">Jak na terapii den\u00edkem<\/figcaption><\/figure>\n\n<div style=\"height:33px\" aria-hidden=\"true\" class=\"wp-block-spacer\"><\/div>\n\n<h3 id='nastaven\u00ed-\u010dasu'  id=\"boomdevs_4\" class=\"wp-block-heading\" ><strong>Nastaven\u00ed \u010dasu<\/strong><\/h3>\n\n<p>Vyhra\u010fte si na psan\u00ed den\u00edku ka\u017ed\u00fd den ur\u010dit\u00fd \u010das. M\u016f\u017ee to b\u00fdt r\u00e1no, abyste mohli jasn\u011b za\u010d\u00edt sv\u016fj den, nebo ve\u010der, abyste se zamysleli nad sv\u00fdmi z\u00e1\u017eitky.<\/p>\n\n<ul>\n<li><strong><strong>R\u00e1no nebo ve\u010der:<\/strong><\/strong>\n<ul>\n<li>Rozhodn\u011bte se, zda si rad\u011bji budete ps\u00e1t den\u00edk r\u00e1no, abyste si stanovili z\u00e1m\u011bry na cel\u00fd den, nebo ve\u010der, abyste se zamysleli nad ud\u00e1lostmi uplynul\u00e9ho dne.<\/li>\n<\/ul>\n<\/li>\n<\/ul>\n\n<div style=\"height:3px\" aria-hidden=\"true\" class=\"wp-block-spacer\"><\/div>\n\n<ul>\n<li><strong><strong>Align with Your Energy Levels<\/strong>:<\/strong>\n<ul>\n<li>Zva\u017ete, zda jste r\u00e1no bd\u011blej\u0161\u00ed a soust\u0159ed\u011bn\u011bj\u0161\u00ed, nebo zda se v\u00e1m l\u00e9pe p\u0159em\u00fd\u0161l\u00ed ve\u010der.<\/li>\n<\/ul>\n<\/li>\n<\/ul>\n\n<div style=\"height:33px\" aria-hidden=\"true\" class=\"wp-block-spacer\"><\/div>\n\n<h3 id='vytvo\u0159en\u00ed-ritu\u00e1lu'  id=\"boomdevs_5\" class=\"wp-block-heading\" ><strong>Vytvo\u0159en\u00ed ritu\u00e1lu<\/strong><\/h3>\n\n<p>Ne\u017e za\u010dnete, vytvo\u0159te si uklid\u0148uj\u00edc\u00ed ritu\u00e1l. M\u016f\u017ee to b\u00fdt pop\u00edjen\u00ed \u010daje, zap\u00e1len\u00ed sv\u00ed\u010dky nebo jen n\u011bkolik hlubok\u00fdch n\u00e1dech\u016f.<\/p>\n\n<ul>\n<li><strong><strong>Nastavte atmosf\u00e9ru:<\/strong><\/strong>\n<ul>\n<li>Vytvo\u0159te uklid\u0148uj\u00edc\u00ed prost\u0159ed\u00ed ztlumen\u00edm sv\u011btel, osv\u011btlen\u00edm <strong>\n  <a href=\"https:\/\/amzn.to\/46IScbW\" target=\"_blank\" data-type=\"URL\" data-id=\"https:\/\/amzn.to\/46IScbW\" rel=\"noreferrer noopener\">sv\u00ed\u010dek<\/a>\n<\/strong>nebo p\u0159ehr\u00e1v\u00e1n\u00edm uklid\u0148uj\u00edc\u00ed hudby.<\/li>\n<\/ul>\n<\/li>\n<\/ul>\n\n<p><\/p>\n\n<ul>\n<li><strong><strong>Rozv\u00e1\u017en\u00e1 p\u0159\u00edprava:<\/strong><\/strong>\n<ul>\n<li>P\u0159istupujte k psan\u00ed den\u00edku se z\u00e1m\u011brem. V\u011bnujte n\u011bkolik okam\u017eik\u016f <strong>\n  <a href=\"https:\/\/headspace.pxf.io\/m5GEoX\" target=\"_blank\" data-type=\"URL\" data-id=\"https:\/\/headspace.pxf.io\/m5GEoX\" rel=\"noreferrer noopener\">se soust\u0159edit<\/a>\n<\/strong> a vy\u010dist\u011bte si mysl.<\/li>\n<\/ul>\n<\/li>\n<\/ul>\n\n<p><\/p>\n\n<ul>\n<li><strong><strong>Pou\u017eijte v\u00fdzvy nebo t\u00e9mata:<\/strong><\/strong>\n<ul>\n<li>P\u0159ipravte si konkr\u00e9tn\u00ed podn\u011bty nebo t\u00e9mata, kter\u00fdmi se budete p\u0159i psan\u00ed den\u00edku \u0159\u00eddit.<\/li>\n<\/ul>\n<\/li>\n<\/ul>\n\n<p><\/p>\n\n<ul>\n<li><strong><strong>Za\u010dn\u011bte s vd\u011b\u010dnost\u00ed:<\/strong><\/strong>\n<ul>\n<li>Za\u010dn\u011bte t\u00edm, \u017ee vyj\u00e1d\u0159\u00edte <strong>\n  <a href=\"https:\/\/luciepo.com\/gratitudejar\" target=\"_blank\" data-type=\"URL\" data-id=\"https:\/\/luciepo.com\/gratitudejar\" rel=\"noreferrer noopener\">vd\u011b\u010dnost<\/a>\n<\/strong>. Toto pozitivn\u00ed nalad\u011bn\u00ed m\u016f\u017ee b\u00fdt z\u00e1kladem pro smyslupln\u00e9 sezen\u00ed.<\/li>\n<\/ul>\n<\/li>\n<\/ul>\n\n<p class=\"has-background\" style=\"background-color:#f1deff\"><strong>St\u00e1hn\u011bte si zdarma m\u00e9 cvi\u010den\u00ed na sklenici vd\u011b\u010dnosti <a href=\"https:\/\/luciepo.com\/gratitudejar\" target=\"_blank\" data-type=\"URL\" data-id=\"https:\/\/luciepo.com\/gratitudejar\" rel=\"noreferrer noopener\">ZDE<\/a><\/strong><\/p>\n\n<ul>\n<li><strong><strong>P\u0159em\u00fd\u0161lejte a reagujte:<\/strong><\/strong>\n<ul>\n<li>Ud\u011blejte si \u010das na p\u0159em\u00fd\u0161len\u00ed o podn\u011btech a odpov\u011bzte up\u0159\u00edmn\u011b a autenticky.<\/li>\n<\/ul>\n<\/li>\n<\/ul>\n\n<p><\/p>\n\n<ul>\n<li><strong><strong>Ukon\u010dete afirmacemi nebo z\u00e1m\u011bry:<\/strong><\/strong>\n<ul>\n<li>Na z\u00e1v\u011br sezen\u00ed si stanovte pozitivn\u00ed z\u00e1m\u011bry nebo afirmace pro nadch\u00e1zej\u00edc\u00ed den.<\/li>\n<\/ul>\n<\/li>\n<\/ul>\n\n<p><\/p>\n\n<ul>\n<li><strong><strong>Zav\u0159ete s v\u0161\u00edmavost\u00ed:<\/strong><\/strong>\n<ul>\n<li>Ukon\u010dete sv\u016fj ritu\u00e1l t\u00edm, \u017ee si na chv\u00edli <strong>\n  <a href=\"https:\/\/headspace.pxf.io\/m5GEoX\" target=\"_blank\" data-type=\"URL\" data-id=\"https:\/\/headspace.pxf.io\/m5GEoX\" rel=\"noreferrer noopener\">zhluboka d\u00fdchat<\/a>\n<\/strong> a bu\u010fte p\u0159\u00edtomni v dan\u00e9m okam\u017eiku.<\/li>\n<\/ul>\n<\/li>\n<\/ul>\n\n<p><\/p>\n\n<ul>\n<li><strong><strong>Ud\u011blejte to osobn\u011b:<\/strong><\/strong>\n<ul>\n<li>P\u0159izp\u016fsobte si ritu\u00e1l sv\u00fdm preferenc\u00edm a ud\u011blejte z n\u011bj smysluplnou sou\u010d\u00e1st sv\u00e9ho dne.<\/li>\n<\/ul>\n<\/li>\n<\/ul>\n\n<div style=\"height:33px\" aria-hidden=\"true\" class=\"wp-block-spacer\"><\/div>\n\n<h3 id='pi\u0161te-svobodn\u011b'  id=\"boomdevs_6\" class=\"wp-block-heading\" ><strong>Pi\u0161te svobodn\u011b<\/strong><\/h3>\n\n<p>V terapii \u010dasopisem neexistuj\u00ed \u017e\u00e1dn\u00e1 pravidla. Pi\u0161te, co v\u00e1s napadne, bez posuzov\u00e1n\u00ed. Toto je v\u00e1\u0161 soukrom\u00fd prostor.<\/p>\n\n<ul>\n<li><strong><strong>\u017d\u00e1dn\u00e9 hodnocen\u00ed ani \u00fapravy:<\/strong><\/strong>\n<ul>\n<li>Zbavte se pot\u0159eby dokonalosti. Pi\u0161te bez starost\u00ed o gramatiku, pravopis nebo strukturu.<\/li>\n<\/ul>\n<\/li>\n<\/ul>\n\n<p><\/p>\n\n<ul>\n<li><strong><strong>Proud v\u011bdom\u00ed:<\/strong><\/strong>\n<ul>\n<li>Nechte sv\u00e9 my\u0161lenky p\u0159irozen\u011b plynout, i kdy\u017e se v\u00e1m zdaj\u00ed nesouvisl\u00e9 nebo n\u00e1hodn\u00e9.<\/li>\n<\/ul>\n<\/li>\n<\/ul>\n\n<p><\/p>\n\n<ul>\n<li><strong><strong>P\u0159ijm\u011bte zranitelnost:<\/strong><\/strong>\n<ul>\n<li>Bu\u010fte k sob\u011b otev\u0159en\u00ed a up\u0159\u00edmn\u00ed. Je to bezpe\u010dn\u00fd prostor pro va\u0161e nejnitern\u011bj\u0161\u00ed my\u0161lenky a pocity.<\/li>\n<\/ul>\n<\/li>\n<\/ul>\n\n<p><\/p>\n\n<ul>\n<li><strong><strong>Prozkoumejte emoce:<\/strong><\/strong>\n<ul>\n<li>Pono\u0159te se do sv\u00fdch emoc\u00ed, i kdy\u017e jsou slo\u017eit\u00e9 nebo obt\u00ed\u017en\u011b vyj\u00e1d\u0159iteln\u00e9.<\/li>\n<\/ul>\n<\/li>\n<\/ul>\n\n<p><\/p>\n\n<ul>\n<li><strong><strong>\u017d\u00e1dn\u00e1 pravidla, jen vyj\u00e1d\u0159en\u00ed:<\/strong><\/strong>\n<ul>\n<li>Neexistuj\u00ed \u017e\u00e1dn\u00e9 spr\u00e1vn\u00e9 nebo \u0161patn\u00e9 zp\u016fsoby, jak se v den\u00edku vyjad\u0159ovat. A\u0165 je pravdiv\u00fdm odrazem va\u0161\u00ed osobnosti.<\/li>\n<\/ul>\n<\/li>\n<\/ul>\n\n<p><\/p>\n\n<ul>\n<li><strong><strong>D\u016fv\u011b\u0159ujte sv\u00fdm instinkt\u016fm:<\/strong><\/strong>\n<ul>\n<li>\u0158i\u010fte se svou intuic\u00ed. Pi\u0161te o v\u0161em, co v\u00e1s napadne, i kdy\u017e v\u00e1s to p\u0159ekvap\u00ed.<\/li>\n<\/ul>\n<\/li>\n<\/ul>\n\n<p><\/p>\n\n<ul>\n<li><strong><strong>V p\u0159\u00edpad\u011b pot\u0159eby s\u00e1hn\u011bte hloub\u011bji do kapsy:<\/strong><\/strong>\n<ul>\n<li>Pokud se objev\u00ed ur\u010dit\u00e1 my\u0161lenka nebo emoce, nebojte se ji d\u00e1le prozkoumat.<\/li>\n<\/ul>\n<\/li>\n<\/ul>\n\n<p><\/p>\n\n<ul>\n<li><strong><strong>Najd\u011bte sv\u016fj tok:<\/strong><\/strong>\n<ul>\n<li>Nechte se v\u00e9st sv\u00fdm psan\u00edm. M\u016f\u017ee v\u00e1s to p\u0159iv\u00e9st k ne\u010dekan\u00fdm poznatk\u016fm nebo odhalen\u00edm.<\/li>\n<\/ul>\n<\/li>\n<\/ul>\n\n<div style=\"height:33px\" aria-hidden=\"true\" class=\"wp-block-spacer\"><\/div>\n\n<h3 id='prozkoumat-v\u00fdzvy'  id=\"boomdevs_7\" class=\"wp-block-heading\" ><strong>Prozkoumat v\u00fdzvy<\/strong><\/h3>\n\n<p>Experimentujte s r\u016fzn\u00fdmi podn\u011bty, kter\u00e9 v\u00e1s nakopnou k psan\u00ed den\u00edku. Reflexivn\u00ed, expresivn\u00ed, c\u00edlev\u011bdom\u00e9 &#8211; mo\u017enost\u00ed je nekone\u010dn\u011b mnoho.<\/p>\n\n<ul>\n<li><strong><strong>Vyberte si r\u016fznorod\u00e1 t\u00e9mata:<\/strong><\/strong>\n<ul>\n<li>Vyberte si podn\u011bty, kter\u00e9 pokr\u00fdvaj\u00ed \u0161irokou \u0161k\u00e1lu t\u00e9mat, od sebereflexe a\u017e po budouc\u00ed aspirace.<\/li>\n<\/ul>\n<\/li>\n<\/ul>\n\n<p><\/p>\n\n<ul>\n<li><strong><strong>Zamyslete se nad sv\u00fdmi emocemi:<\/strong><\/strong>\n<ul>\n<li>Pou\u017e\u00edvejte podn\u011bty, kter\u00e9 v\u00e1s povzbud\u00ed k prozkoum\u00e1n\u00ed a pochopen\u00ed va\u0161ich pocit\u016f.<\/li>\n<\/ul>\n<\/li>\n<\/ul>\n\n<p><\/p>\n\n<ul>\n<li><strong><strong>Zva\u017ete vizu\u00e1ln\u00ed podn\u011bty:<\/strong><\/strong>\n<ul>\n<li>Zahrnout <strong>\n  <a href=\"https:\/\/theartofeducation.edu\/2018\/04\/50-visual-journal-prompts-to-promote-drawing-and-creative-thinking-skills\/\" target=\"_blank\" data-type=\"URL\" data-id=\"https:\/\/theartofeducation.edu\/2018\/04\/50-visual-journal-prompts-to-promote-drawing-and-creative-thinking-skills\/\" rel=\"noreferrer noopener\">obr\u00e1zky nebo fotografie <\/a>\n<\/strong>kter\u00e9 jsou inspirac\u00ed pro z\u00e1pisky do den\u00edku.<\/li>\n<\/ul>\n<\/li>\n<\/ul>\n\n<p><\/p>\n\n<ul>\n<li><strong><strong>Za\u010dlen\u011bn\u00ed cit\u00e1t\u016f nebo \u00faryvk\u016f:<\/strong><\/strong>\n<ul>\n<li>Pou\u017e\u00edvejte smyslupln\u00e9 <strong>\n  <a href=\"https:\/\/luciepo.com\/cs\/130-posilujicich-citatu-be-that-girl-pro-vnitrni-silu-a-pozitivitu\/\" target=\"_blank\" data-type=\"URL\" data-id=\"https:\/\/luciepo.com\/be-that-girl-quotes\/\" rel=\"noreferrer noopener\">cit\u00e1ty<\/a>\n<\/strong> nebo \u00faryvky z knih jako podn\u011bty k zamy\u0161len\u00ed.<\/li>\n<\/ul>\n<\/li>\n<\/ul>\n\n<p><\/p>\n\n<ul>\n<li><strong><strong>P\u0159izp\u016fsobte si v\u00fdzvy:<\/strong><\/strong>\n<ul>\n<li>P\u0159izp\u016fsobte v\u00fdzvy sv\u00fdm jedine\u010dn\u00fdm zku\u0161enostem, c\u00edl\u016fm a z\u00e1jm\u016fm.<\/li>\n<\/ul>\n<\/li>\n<\/ul>\n\n<p><\/p>\n\n<ul>\n<li><strong><strong>Experimentujte s r\u016fzn\u00fdmi styly:<\/strong><\/strong>\n<ul>\n<li>Vyzkou\u0161ejte podn\u011bty, kter\u00e9 vyb\u00edzej\u00ed k psan\u00ed b\u00e1sn\u00ed, vypr\u00e1v\u011bn\u00ed p\u0159\u00edb\u011bh\u016f nebo dokonce psan\u00ed dopis\u016f.<\/li>\n<\/ul>\n<\/li>\n<\/ul>\n\n<p><\/p>\n\n<ul>\n<li><strong><strong>Znovu nav\u0161t\u00edvit p\u0159edchoz\u00ed polo\u017eky:<\/strong><\/strong>\n<ul>\n<li>Pou\u017eijte minul\u00e9 z\u00e1znamy v den\u00edku jako podn\u011bty k dal\u0161\u00edm \u00favah\u00e1m nebo ke sledov\u00e1n\u00ed sv\u00e9ho pokroku.<\/li>\n<\/ul>\n<\/li>\n<\/ul>\n\n<p><\/p>\n\n<ul>\n<li><strong><strong>Dejte prostor spont\u00e1nnosti:<\/strong><\/strong>\n<ul>\n<li>N\u011bkdy nejsiln\u011bj\u0161\u00ed podn\u011bty vych\u00e1zej\u00ed z va\u0161eho bezprost\u0159edn\u00edho okol\u00ed nebo my\u0161lenek.<\/li>\n<\/ul>\n<\/li>\n<\/ul>\n\n<div style=\"height:33px\" aria-hidden=\"true\" class=\"wp-block-spacer\"><\/div>\n\n<h3 id='d\u016fslednost-je-kl\u00ed\u010dov\u00e1'  id=\"boomdevs_8\" class=\"wp-block-heading\" ><strong>D\u016fslednost je kl\u00ed\u010dov\u00e1<\/strong><\/h3>\n\n<p>Sna\u017ete se o pravidelnost, ale nestresujte se t\u00edm. Jde o pokrok, ne o dokonalost<\/p>\n\n<ul>\n<li><strong><strong>Za\u010dn\u011bte v mal\u00e9m a postupujte:<\/strong><\/strong>\n<ul>\n<li>Za\u010dn\u011bte sezen\u00edmi, kter\u00e1 se daj\u00ed zvl\u00e1dnout, a postupn\u011b je prodlu\u017eujte, a\u017e se stanou zvykem.<\/li>\n<\/ul>\n<\/li>\n<\/ul>\n\n<p><\/p>\n\n<ul>\n<li><strong><strong>Stanovte si priority z\u00e1vazku:<\/strong><\/strong>\n<ul>\n<li>Berte psan\u00ed den\u00edku jako d\u016fle\u017eitou sch\u016fzku se sebou sam\u00fdm.<\/li>\n<\/ul>\n<\/li>\n<\/ul>\n\n<p><\/p>\n\n<ul>\n<li><strong><strong>P\u0159izp\u016fsobte se sv\u00fdm pot\u0159eb\u00e1m:<\/strong><\/strong>\n<ul>\n<li>Bu\u010fte flexibiln\u00ed a p\u0159izp\u016fsobte sv\u016fj re\u017eim r\u016fzn\u00fdm \u017eivotn\u00edm f\u00e1z\u00edm nebo okolnostem.<\/li>\n<\/ul>\n<\/li>\n<\/ul>\n\n<p><\/p>\n\n<ul>\n<li><strong><strong>Sledujte sv\u016fj pokrok:<\/strong><\/strong>\n<ul>\n<li>V\u0161imn\u011bte si, jak d\u016fslednost pozitivn\u011b ovliv\u0148uje va\u0161i pohodu a osobn\u00ed r\u016fst.<\/li>\n<\/ul>\n<\/li>\n<\/ul>\n\n<p><\/p>\n\n<ul>\n<li><strong><strong>Uv\u011bdomte si odpor:<\/strong><\/strong>\n<ul>\n<li>Pochopte, \u017ee mohou nastat dny, kdy v\u00e1m psan\u00ed den\u00edku bude p\u0159ipadat n\u00e1ro\u010dn\u00e9. P\u0159ekonejte je, proto\u017ee to jsou \u010dasto ty nejprom\u011bnliv\u011bj\u0161\u00ed okam\u017eiky.<\/li>\n<\/ul>\n<\/li>\n<\/ul>\n\n<p><\/p>\n\n<ul>\n<li><strong><strong>Oslavte miln\u00edky:<\/strong><\/strong>\n<ul>\n<li>Uv\u011bdomte si a oslavte sv\u016fj z\u00e1vazek ps\u00e1t den\u00edk, a\u0165 u\u017e je jakkoli mal\u00fd.<\/li>\n<\/ul>\n<\/li>\n<\/ul>\n\n<p><\/p>\n\n<ul>\n<li><strong><strong>P\u0159ijm\u011bte nedokonalost:<\/strong><\/strong>\n<ul>\n<li>Nezapome\u0148te, \u017ee d\u016fslednost znamen\u00e1 pokrok, nikoli dokonalost. Dejte si prostor k r\u016fstu.<\/li>\n<\/ul>\n<\/li>\n<\/ul>\n\n<div style=\"height:33px\" aria-hidden=\"true\" class=\"wp-block-spacer\"><\/div>\n\n<h3 id='p\u0159ijm\u011bte-nedokonalost'  id=\"boomdevs_9\" class=\"wp-block-heading\" ><strong>P\u0159ijm\u011bte nedokonalost<\/strong><\/h3>\n\n<p>Ned\u011blejte si starosti s gramatikou nebo pravopisem. Tohle je pro v\u00e1s a nen\u00ed t\u0159eba to upravovat.<\/p>\n\n<ul>\n<li><strong><strong>Opus\u0165te perfekcionismus:<\/strong><\/strong>\n<ul>\n<li>Uvoln\u011bte pot\u0159ebu bezchybn\u00fdch z\u00e1znam\u016f. V\u00e1\u0161 den\u00edk je prostorem pro autentick\u00e9 vyj\u00e1d\u0159en\u00ed, nikoliv uhlazen\u00fdm dokumentem.<\/li>\n<\/ul>\n<\/li>\n<\/ul>\n\n<p><\/p>\n\n<ul>\n<li><strong><strong>P\u0159ijm\u011bte nedokon\u010den\u00e9 my\u0161lenky:<\/strong><\/strong>\n<ul>\n<li>Je v po\u0159\u00e1dku, kdy\u017e v\u011bty z\u016fstanou nedokon\u010den\u00e9 nebo my\u0161lenky nedo\u0159e\u0161en\u00e9. V\u00e1\u0161 den\u00edk je odrazem v\u00fdvoje va\u0161ich my\u0161lenek.<\/li>\n<\/ul>\n<\/li>\n<\/ul>\n\n<p><\/p>\n\n<ul>\n<li><strong><strong>Va\u017ete si procesu v\u00edce ne\u017e produktu:<\/strong><\/strong>\n<ul>\n<li>Soust\u0159e\u010fte se sp\u00ed\u0161e na samotn\u00fd akt psan\u00ed den\u00edku ne\u017e na dokonal\u00fd z\u00e1pis.<\/li>\n<\/ul>\n<\/li>\n<\/ul>\n\n<p><\/p>\n\n<ul>\n<li><strong><strong>Oslavte chyby:<\/strong><\/strong>\n<ul>\n<li>P\u0159ijm\u011bte chyby, p\u0159e\u0161krtan\u00e1 slova a chaotick\u00fd rukopis jako symboly sv\u00e9ho prav\u00e9ho j\u00e1.<\/li>\n<\/ul>\n<\/li>\n<\/ul>\n\n<p><\/p>\n\n<ul>\n<li><strong><strong>Pou\u017e\u00edvejte den\u00edk jako n\u00e1stroj u\u010den\u00ed:<\/strong><\/strong>\n<ul>\n<li>Vn\u00edmejte nedokonalosti jako p\u0159\u00edle\u017eitost k r\u016fstu a sebepozn\u00e1n\u00ed.<\/li>\n<\/ul>\n<\/li>\n<\/ul>\n\n<p><\/p>\n\n<ul>\n<li><strong><strong>Bu\u010fte k sob\u011b laskav\u00ed:<\/strong><\/strong>\n<ul>\n<li>Cvi\u010dte se v soucitu se sebou sam\u00fdm. Chovejte se ke sv\u00e9mu den\u00edku jako k p\u0159\u00edteli, kter\u00fd v\u00e1s p\u0159ij\u00edm\u00e1 p\u0159esn\u011b takov\u00e9ho, jak\u00fd jste.<\/li>\n<\/ul>\n<\/li>\n<\/ul>\n\n<p><\/p>\n\n<ul>\n<li><strong><strong>Nechte sv\u016fj hlas zaz\u00e1\u0159it:<\/strong><\/strong>\n<ul>\n<li>V\u00e1\u0161 jedine\u010dn\u00fd pohled a zp\u016fsob vyjad\u0159ov\u00e1n\u00ed jsou t\u00edm, co d\u011bl\u00e1 v\u00e1\u0161 den\u00edk v\u00fdjime\u010dn\u00fdm.<\/li>\n<\/ul>\n<\/li>\n<\/ul>\n\n<p><\/p>\n\n<ul>\n<li><strong><strong>Viz Nedokonalosti jako kr\u00e1sa:<\/strong><\/strong>\n<ul>\n<li>Nezapome\u0148te, \u017ee pr\u00e1v\u011b d\u00edky syrovosti a nefiltrovanosti je v\u00e1\u0161 den\u00edk va\u0161\u00edm pravdiv\u00fdm odrazem.<\/li>\n<\/ul>\n<\/li>\n<\/ul>\n\n<div style=\"height:33px\" aria-hidden=\"true\" class=\"wp-block-spacer\"><\/div>\n\n<h3 id='p\u0159em\u00fd\u0161let-a-r\u016fst'  id=\"boomdevs_10\" class=\"wp-block-heading\" ><strong>P\u0159em\u00fd\u0161let a r\u016fst<\/strong><\/h3>\n\n<p>Pou\u017e\u00edvejte psan\u00ed den\u00edku jako n\u00e1stroj sebereflexe a osobn\u00edho r\u016fstu. Je to cesta a ka\u017ed\u00fd vstup je krokem vp\u0159ed.<\/p>\n\n<ul>\n<li><strong><strong>P\u0159ehled p\u0159edchoz\u00edch z\u00e1znam\u016f:<\/strong><\/strong>\n<ul>\n<li>Ud\u011blejte si \u010das na n\u00e1vrat k minul\u00fdm z\u00e1znam\u016fm v den\u00edku, abyste mohli sledovat sv\u016fj pokrok a zjistit, jak jste se vyv\u00edjeli.<\/li>\n<\/ul>\n<\/li>\n<\/ul>\n\n<p><\/p>\n\n<ul>\n<li><strong><strong>Uzn\u00e1n\u00ed \u00fasp\u011bch\u016f:<\/strong><\/strong>\n<ul>\n<li>Oslavujte sv\u00e9 \u00fasp\u011bchy, a\u0165 u\u017e jsou jakkoli mal\u00e9. Uv\u011bdomte si sv\u016fj r\u016fst.<\/li>\n<\/ul>\n<\/li>\n<\/ul>\n\n<p><\/p>\n\n<ul>\n<li><strong><strong>Identifikace oblast\u00ed pro zlep\u0161en\u00ed:<\/strong><\/strong>\n<ul>\n<li>Pomoc\u00ed den\u00edku si ur\u010dete oblasti, na kter\u00e9 byste se cht\u011bli zam\u011b\u0159it p\u0159i osobn\u00edm rozvoji.<\/li>\n<\/ul>\n<\/li>\n<\/ul>\n\n<p><\/p>\n\n<ul>\n<li><strong><strong>Nastavte si nov\u00e9 z\u00e1m\u011bry:<\/strong><\/strong>\n<ul>\n<li>Na z\u00e1klad\u011b sv\u00fdch \u00favah si stanovte nov\u00e9 c\u00edle a z\u00e1m\u011bry do budoucna.<\/li>\n<\/ul>\n<\/li>\n<\/ul>\n\n<p><\/p>\n\n<ul>\n<li><strong><strong>U\u010dte se z v\u00fdzev:<\/strong><\/strong>\n<ul>\n<li>Vyu\u017eijte sv\u016fj den\u00edk k z\u00edsk\u00e1n\u00ed poznatk\u016f z obt\u00ed\u017en\u00fdch z\u00e1\u017eitk\u016f a k nalezen\u00ed zp\u016fsob\u016f, jak je p\u0159ekonat.<\/li>\n<\/ul>\n<\/li>\n<\/ul>\n\n<p><\/p>\n\n<ul>\n<li><strong><strong>Vyj\u00e1d\u0159ete vd\u011b\u010dnost za r\u016fst:<\/strong><\/strong>\n<ul>\n<li>V\u011bnujte chv\u00edli vyj\u00e1d\u0159en\u00ed <strong>\n  <a href=\"https:\/\/shop.beacons.ai\/luciepo\/0666734d-7e6d-414b-9dad-aadea0c56c4c?pageViewSource=lib_view&amp;referrer=https%3A%2F%2Fbeacons.ai%2Fluciepo\" target=\"_blank\" data-type=\"URL\" data-id=\"https:\/\/shop.beacons.ai\/luciepo\/0666734d-7e6d-414b-9dad-aadea0c56c4c?pageViewSource=lib_view&amp;referrer=https%3A%2F%2Fbeacons.ai%2Fluciepo\" rel=\"noreferrer noopener\">vd\u011b\u010dnost<\/a>\n<\/strong> za pokrok, kter\u00e9ho jste na sv\u00e9 cest\u011b dos\u00e1hli.<\/li>\n<\/ul>\n<\/li>\n<\/ul>\n\n<p><\/p>\n\n<ul>\n<li><strong><strong>Vizualizujte si sv\u00e9 budouc\u00ed j\u00e1:<\/strong><\/strong>\n<ul>\n<li>Pou\u017eijte sv\u016fj den\u00edk jako pl\u00e1tno pro p\u0159edstavy a pl\u00e1ny, jak\u00fdm \u010dlov\u011bkem se chcete st\u00e1t.<\/li>\n<\/ul>\n<\/li>\n<\/ul>\n\n<p><\/p>\n\n<ul>\n<li><strong><strong>P\u0159ijm\u011bte zm\u011bnu:<\/strong><\/strong>\n<ul>\n<li>V\u00edtejte p\u0159irozen\u00fd v\u00fdvoj a prom\u011bnu, kter\u00e9 p\u0159ich\u00e1zej\u00ed se sebereflex\u00ed a r\u016fstem.<\/li>\n<\/ul>\n<\/li>\n<\/ul>\n\n<div style=\"height:33px\" aria-hidden=\"true\" class=\"wp-block-spacer\"><\/div>\n\n<figure class=\"wp-block-image size-large\"><img decoding=\"async\" loading=\"lazy\" width=\"1024\" height=\"685\" src=\"https:\/\/luciepo.com\/wp-content\/uploads\/2023\/10\/how-to-journal-therapy-1-1024x685.jpg\" alt=\"Terapeutick&#xE1; cvi&#x10D;en&#xED; v den&#xED;ku\" class=\"wp-image-3558\" srcset=\"https:\/\/luciepo.com\/wp-content\/uploads\/2023\/10\/how-to-journal-therapy-1-1024x685.jpg 1024w, https:\/\/luciepo.com\/wp-content\/uploads\/2023\/10\/how-to-journal-therapy-1-300x201.jpg 300w, https:\/\/luciepo.com\/wp-content\/uploads\/2023\/10\/how-to-journal-therapy-1-768x514.jpg 768w, https:\/\/luciepo.com\/wp-content\/uploads\/2023\/10\/how-to-journal-therapy-1-1536x1028.jpg 1536w, https:\/\/luciepo.com\/wp-content\/uploads\/2023\/10\/how-to-journal-therapy-1-2048x1370.jpg 2048w, https:\/\/luciepo.com\/wp-content\/uploads\/2023\/10\/how-to-journal-therapy-1-1140x763.jpg 1140w\" sizes=\"(max-width: 1024px) 100vw, 1024px\" \/><figcaption class=\"wp-element-caption\">Jak na terapii den\u00edkem &#8211; Cvi\u010den\u00ed na terapii den\u00edkem<\/figcaption><\/figure>\n\n<div style=\"height:33px\" aria-hidden=\"true\" class=\"wp-block-spacer\"><\/div>\n\n<h2 id='typy-podn\u011bt\u016f-pro-terapii-v-\u010dasopisech'  id=\"boomdevs_11\" class=\"wp-block-heading\" ><strong>Typy podn\u011bt\u016f pro terapii v \u010dasopisech<\/strong> <\/h2>\n\n<p>Ka\u017ed\u00fd typ podn\u011btu slou\u017e\u00ed jako jedine\u010dn\u00fd vstupn\u00ed bod do va\u0161eho vnit\u0159n\u00edho sv\u011bta a umo\u017e\u0148uje v\u00e1m prozkoumat r\u016fzn\u00e9 aspekty sebe sama a sv\u00fdch zku\u0161enost\u00ed.<\/p>\n\n<div style=\"height:33px\" aria-hidden=\"true\" class=\"wp-block-spacer\"><\/div>\n\n<h3 id='reflexn\u00ed-podn\u011bty'  id=\"boomdevs_12\" class=\"wp-block-heading\" ><strong>Reflexn\u00ed podn\u011bty<\/strong> <\/h3>\n\n<ul>\n<li>Podporujte sebepozn\u00e1n\u00ed a introspekci.<\/li>\n\n\n\n<li>P\u0159\u00edklady:<em>&#8220;Jak\u00e9 jsou m\u00e9 z\u00e1kladn\u00ed hodnoty?<\/em>&#8221; nebo<em>&#8220;Popi\u0161te ned\u00e1vn\u00fd probl\u00e9m a jak jsem ho zvl\u00e1dl\/a<\/em>.&#8221;<\/li>\n<\/ul>\n\n<h3 id='expresivn\u00ed-v\u00fdzvy'  id=\"boomdevs_13\" class=\"wp-block-heading\" ><strong>Expresivn\u00ed v\u00fdzvy<\/strong> <\/h3>\n\n<ul>\n<li>Podporovat emocion\u00e1ln\u00ed uvoln\u011bn\u00ed a tv\u016fr\u010d\u00ed vyj\u00e1d\u0159en\u00ed.<\/li>\n\n\n\n<li>P\u0159\u00edklady: Nap\u0159\u00edklad:<em>&#8220;Napi\u0161te dopis sv\u00e9mu mlad\u0161\u00edmu j\u00e1<\/em>&#8221; nebo<em>&#8220;Podrobn\u011b popi\u0161te okam\u017eik \u010dist\u00e9 radosti<\/em>&#8220;.<\/li>\n<\/ul>\n\n<h3 id='v\u00fdzvy-zam\u011b\u0159en\u00e9-na-c\u00edle'  id=\"boomdevs_14\" class=\"wp-block-heading\" ><strong>V\u00fdzvy zam\u011b\u0159en\u00e9 na c\u00edle<\/strong> <\/h3>\n\n<ul>\n<li>pom\u00e1hat p\u0159i stanovov\u00e1n\u00ed a dosahov\u00e1n\u00ed osobn\u00edch c\u00edl\u016f.<\/li>\n\n\n\n<li>P\u0159\u00edklady:<em>&#8220;Vyjmenujte t\u0159i kr\u00e1tkodob\u00e9 a t\u0159i dlouhodob\u00e9 c\u00edle<\/em>&#8221; nebo<em>&#8220;Jak\u00e9 kroky mohu podniknout, abych dos\u00e1hl\/a sv\u00e9ho vysn\u011bn\u00e9ho zam\u011bstn\u00e1n\u00ed<\/em>?&#8221;.<\/li>\n<\/ul>\n\n<h3 id='podn\u011bty-k-v\u0161\u00edmavosti'  id=\"boomdevs_15\" class=\"wp-block-heading\" ><strong>Podn\u011bty k v\u0161\u00edmavosti<\/strong> <\/h3>\n\n<ul>\n<li>Podporovat uv\u011bdomov\u00e1n\u00ed si p\u0159\u00edtomn\u00e9ho okam\u017eiku a sni\u017eov\u00e1n\u00ed stresu.<\/li>\n\n\n\n<li>P\u0159\u00edklady:<em>&#8220;Popi\u0161te jednoduchou radost, kterou jste dnes za\u017eili<\/em>&#8221; nebo<em>&#8220;Za jak\u00fdch p\u011bt v\u011bc\u00ed jste pr\u00e1v\u011b te\u010f vd\u011b\u010dn\u00ed<\/em>?&#8221;.<\/li>\n<\/ul>\n\n<h3 id='podn\u011bty-k-l\u00e9\u010den\u00ed'  id=\"boomdevs_16\" class=\"wp-block-heading\" ><strong>Podn\u011bty k l\u00e9\u010den\u00ed<\/strong> <\/h3>\n\n<ul>\n<li>Pom\u00e1h\u00e1 p\u0159i zpracov\u00e1n\u00ed emoc\u00ed a p\u0159ekon\u00e1v\u00e1n\u00ed probl\u00e9m\u016f.<\/li>\n\n\n\n<li>P\u0159\u00edklady:<em>&#8220;Napi\u0161te dopis n\u011bkomu, kdo v\u00e1m ubl\u00ed\u017eil (nemus\u00edte ho pos\u00edlat<\/em>)&#8221; nebo &#8220;Jakou<em>v\u011bc si m\u016f\u017eete odpustit<\/em>?&#8221;.<\/li>\n<\/ul>\n\n<div style=\"height:33px\" aria-hidden=\"true\" class=\"wp-block-spacer\"><\/div>\n\n<h2 id='120-podn\u011bt\u016f-k-transforma\u010dn\u00ed-terapii-v-den\u00edku'  id=\"boomdevs_17\" class=\"wp-block-heading\" ><strong>120 podn\u011bt\u016f k transforma\u010dn\u00ed terapii v den\u00edku<\/strong><\/h2>\n\n<p>Vyd\u00e1v\u00e1te se na cestu psan\u00ed den\u00edku? Zde je pokladnice podn\u011bt\u016f k sebepozn\u00e1n\u00ed a osobn\u00edmu r\u016fstu:<\/p>\n\n<div style=\"height:33px\" aria-hidden=\"true\" class=\"wp-block-spacer\"><\/div>\n\n<h3 id='reflexn\u00ed-podn\u011bty-1'  id=\"boomdevs_18\" class=\"wp-block-heading\" >Reflexn\u00ed podn\u011bty<\/h3>\n\n<ol>\n<li>Popi\u0161te okam\u017eik, kdy jste se c\u00edtili zcela v souladu se svou intuic\u00ed. Jak\u00fd byl v\u00fdsledek?<\/li>\n\n\n\n<li>Zamyslete se nad p\u0159esv\u011bd\u010den\u00edm nebo perspektivou, kter\u00e1 se v pr\u016fb\u011bhu let vyvinula. Jak\u00fd to na v\u00e1s m\u011blo dopad?<\/li>\n\n\n\n<li>Napi\u0161te o sv\u00e9 osobn\u00ed s\u00edle, o kter\u00e9 jste nev\u011bd\u011bli, dokud nenastala n\u00e1ro\u010dn\u00e1 situace.<\/li>\n\n\n\n<li>Prozkoumejte sv\u016fj sen nebo touhu, kterou jste odlo\u017eili. Jak\u00e9 kroky m\u016f\u017eete podniknout, abyste ji znovu za\u017eehli?<\/li>\n\n\n\n<li>Zamyslete se nad okam\u017eikem, kdy jste ve sv\u00e9m \u017eivot\u011b ud\u011blali v\u00fdznamnou zm\u011bnu. Co bylo d\u016fvodem t\u00e9to zm\u011bny?<\/li>\n\n\n\n<li>Napi\u0161te o chv\u00edli, kdy jste se c\u00edtili skute\u010dn\u011b v m\u00edru sami se sebou a se sv\u011btem kolem sebe.<\/li>\n\n\n\n<li>Popi\u0161te z\u00e1kladn\u00ed hodnotu, kterou se \u0159\u00edd\u00ed va\u0161e rozhodnut\u00ed. Jak ovliv\u0148uje va\u0161e jedn\u00e1n\u00ed?<\/li>\n\n\n\n<li>Zamyslete se nad rozhodnut\u00edm, kter\u00e9ho litujete. Co jste se z n\u00ed nau\u010dili?<\/li>\n\n\n\n<li>Napi\u0161te o lekci, kterou jste si odnesli z ned\u00e1vn\u00e9 v\u00fdzvy nebo ne\u00fasp\u011bchu.<\/li>\n\n\n\n<li>Prozkoumejte opakuj\u00edc\u00ed se my\u0161lenku nebo vzorec ve sv\u00e9m \u017eivot\u011b. Co to o v\u00e1s prozrazuje?<\/li>\n\n\n\n<li>Vzpome\u0148te si na okam\u017eik, kdy jste poc\u00edtili hlubokou vd\u011b\u010dnost. Co tento pocit vyvolalo?<\/li>\n\n\n\n<li>Napi\u0161te o zlomov\u00e9m okam\u017eiku ve sv\u00e9m \u017eivot\u011b, kter\u00fd vedl k osobn\u00edmu r\u016fstu a prom\u011bn\u011b.<\/li>\n\n\n\n<li>Popi\u0161te p\u0159esv\u011bd\u010den\u00ed, kter\u00e9 v\u00e1s kdysi omezovalo, ale nyn\u00ed jste ho p\u0159ekonali.<\/li>\n\n\n\n<li>Zamyslete se nad v\u00fdznamn\u00fdm \u00fasp\u011bchem ve sv\u00e9m \u017eivot\u011b. Jak\u00e9 vlastnosti nebo \u010diny k tomu p\u0159isp\u011bly?<\/li>\n\n\n\n<li>Napi\u0161te o c\u00edli nebo snu, kter\u00fd je v souladu s va\u0161\u00edm prav\u00fdm j\u00e1. Co pro to m\u016f\u017eete ud\u011blat?<\/li>\n\n\n\n<li>Prozkoumejte vzpom\u00ednku, kter\u00e1 pro v\u00e1s i dnes p\u0159edstavuje cenn\u00e9 poznatky nebo pou\u010den\u00ed.<\/li>\n\n\n\n<li>Zamyslete se nad okam\u017eikem sebepozn\u00e1n\u00ed, kter\u00fd zm\u011bnil v\u00e1\u0161 pohled na \u017eivot.<\/li>\n\n\n\n<li>Napi\u0161te, kdy jste za\u017eili hlubok\u00fd pocit spojen\u00ed s druhou osobou.<\/li>\n\n\n\n<li>Popi\u0161te rozhodnut\u00ed, kter\u00e9 jste u\u010dinili a kter\u00e9 nakonec vedlo k va\u0161emu osobn\u00edmu pos\u00edlen\u00ed.<\/li>\n\n\n\n<li>Vzpome\u0148te si na okam\u017eik, kdy jste p\u0159ekonali pochybnosti o sob\u011b sam\u00fdch nebo strach. Co v\u00e1m k tomu dalo s\u00edlu?<\/li>\n\n\n\n<li>Napi\u0161te o hodnot\u011b nebo z\u00e1sad\u011b, kter\u00e1 je v\u00e1m drah\u00e1. Jak se j\u00edm \u0159\u00edd\u00ed va\u0161e jedn\u00e1n\u00ed?<\/li>\n\n\n\n<li>Prozkoumejte obdob\u00ed, kdy jste se c\u00edtili zcela v souladu se sv\u00fdm c\u00edlem a v\u00e1\u0161n\u00ed.<\/li>\n\n\n\n<li>Zamyslete se nad situac\u00ed, kdy zranitelnost vedla k hlub\u0161\u00edmu a autenti\u010dt\u011bj\u0161\u00edmu spojen\u00ed.<\/li>\n\n\n\n<li>Napi\u0161te o lekci, kterou jste dostali od mentora, p\u0159\u00edtele nebo \u010dlena rodiny, kter\u00fd s v\u00e1mi z\u016fstal.<\/li>\n<\/ol>\n\n<p><\/p>\n\n<h3 id='expresivn\u00ed-v\u00fdzvy-1'  id=\"boomdevs_19\" class=\"wp-block-heading\" >Expresivn\u00ed v\u00fdzvy<\/h3>\n\n<ol>\n<li>Napi\u0161te dopis sv\u00e9mu budouc\u00edmu j\u00e1 a nab\u00eddn\u011bte mu povzbuzen\u00ed, moudrost a nad\u011bji.<\/li>\n\n\n\n<li>Popi\u0161te um\u011bleck\u00e9, hudebn\u00ed nebo liter\u00e1rn\u00ed d\u00edlo, kter\u00e9 s v\u00e1mi hluboce rezonuje. Co v\u00e1s k n\u011bmu p\u0159itahuje?<\/li>\n\n\n\n<li>P\u0159edstavte si sv\u011bt, kde strach nehraje roli. Jak\u00e9 c\u00edle byste cht\u011bli sledovat?<\/li>\n\n\n\n<li>Vytvo\u0159te dialog mezi sv\u00fdm sou\u010dasn\u00fdm j\u00e1 a osobnost\u00ed, kterou se chcete st\u00e1t.<\/li>\n\n\n\n<li>Napi\u0161te o chv\u00edli, kdy jste se c\u00edtili zcela svobodn\u011b a mohli jste vyj\u00e1d\u0159it sv\u00e9 prav\u00e9 j\u00e1.<\/li>\n\n\n\n<li>Popi\u0161te imagin\u00e1rn\u00ed m\u00edsto \u00fat\u011bchy a \u00fat\u011b\u0161n\u00e9ho m\u00edsta. Jak vypad\u00e1, von\u00ed a jak se c\u00edt\u00ed?<\/li>\n\n\n\n<li>Zamyslete se nad knihou nebo filmem, kter\u00fd hluboce ovlivnil v\u00e1\u0161 \u017eivot. Co jste si z n\u00ed odnesli?<\/li>\n\n\n\n<li>Napi\u0161te dopis sv\u00e9mu vnit\u0159n\u00edmu kritikovi, v n\u011bm\u017e uzn\u00e1te jeho hlas, ale z\u00e1rove\u0148 potvrd\u00edte svou vlastn\u00ed hodnotu.<\/li>\n\n\n\n<li>Popi\u0161te sv\u016fj osobn\u00ed talent nebo vlastnost, kterou \u010dasto podce\u0148ujete nebo p\u0159ehl\u00ed\u017e\u00edte.<\/li>\n\n\n\n<li>Prozkoumejte fiktivn\u00ed postavu, kterou hluboce obdivujete. Jak\u00e9 vlastnosti v\u00e1m vyhovuj\u00ed?<\/li>\n\n\n\n<li>Napi\u0161te o dovednosti nebo kon\u00ed\u010dku, kter\u00fd jste se v\u017edy cht\u011bli nau\u010dit. Jak m\u016f\u017eete za\u010d\u00edt?<\/li>\n\n\n\n<li>Popi\u0161te okam\u017eik, kdy jste se c\u00edtili ve sv\u00e9m \u017eivlu a d\u011blali to, co v\u00e1s bav\u00ed.<\/li>\n\n\n\n<li>Vzpome\u0148te si na chv\u00edle, kdy jste byli napln\u011bni pocitem \u00fa\u017easu a \u00fadivu. \u010c\u00edm byl inspirov\u00e1n?<\/li>\n\n\n\n<li>Napi\u0161te dopis sv\u00e9 mlad\u0161\u00ed verzi, ve kter\u00e9m j\u00ed nab\u00eddnete l\u00e1sku, radu a povzbuzen\u00ed.<\/li>\n\n\n\n<li>Popi\u0161te alternativn\u00ed realitu, ve kter\u00e9 \u017eijete sv\u016fj vysn\u011bn\u00fd \u017eivot. Co to obn\u00e1\u0161\u00ed?<\/li>\n\n\n\n<li>Zamyslete se nad okam\u017eikem, kdy jste za\u017eili hlubok\u00fd pocit kr\u00e1sy nebo harmonie.<\/li>\n\n\n\n<li>Napi\u0161te o tv\u016fr\u010d\u00edm projektu nebo \u010dinnosti, kterou jste v\u017edy cht\u011bli realizovat. Co v\u00e1m br\u00e1n\u00ed?<\/li>\n\n\n\n<li>P\u0159edstavte si rozhovor s \u010dlov\u011bkem, kter\u00fd v\u00e1m hluboce rozum\u00ed a podporuje v\u00e1s. O \u010dem diskutujete?<\/li>\n\n\n\n<li>Popi\u0161te moudrost nebo radu, kter\u00e1 z\u00e1sadn\u011b ovlivnila va\u0161i cestu.<\/li>\n\n\n\n<li>Vzpome\u0148te si na chv\u00edli, kdy jste se c\u00edtili naprosto v pohod\u011b sami se sebou i se sv\u011btem.<\/li>\n\n\n\n<li>Napi\u0161te o sv\u00e9 drah\u00e9 vzpom\u00ednce z d\u011btstv\u00ed. Jak\u00e9 emoce a pocity se v\u00e1m vybav\u00ed?<\/li>\n\n\n\n<li>Popi\u0161te z\u00e1\u017eitek, kter\u00fd v\u00e1s p\u0159im\u011bl zpochybnit nebo p\u0159ehodnotit va\u0161e p\u0159esv\u011bd\u010den\u00ed. Co jste zjistili?<\/li>\n\n\n\n<li>Napi\u0161te dopis p\u0159\u00edteli nebo milovan\u00e9 osob\u011b a vyj\u00e1d\u0159ete vd\u011b\u010dnost za jejich p\u0159\u00edtomnost ve va\u0161em \u017eivot\u011b.<\/li>\n\n\n\n<li>Vzpome\u0148te si na okam\u017eik, kdy jste za\u017eili hlubok\u00fd pocit spojen\u00ed s p\u0159\u00edrodou.<\/li>\n<\/ol>\n\n<div style=\"height:33px\" aria-hidden=\"true\" class=\"wp-block-spacer\"><\/div>\n<div class=\"wp-block-image\">\n<figure class=\"aligncenter size-large\"><img decoding=\"async\" loading=\"lazy\" width=\"576\" height=\"1024\" src=\"https:\/\/luciepo.com\/wp-content\/uploads\/2023\/10\/how-to-journal-therapy-3-576x1024.jpg\" alt=\"Jak na terapii den&#xED;kem pdf\" class=\"wp-image-3562\" srcset=\"https:\/\/luciepo.com\/wp-content\/uploads\/2023\/10\/how-to-journal-therapy-3-576x1024.jpg 576w, https:\/\/luciepo.com\/wp-content\/uploads\/2023\/10\/how-to-journal-therapy-3-169x300.jpg 169w, https:\/\/luciepo.com\/wp-content\/uploads\/2023\/10\/how-to-journal-therapy-3-768x1365.jpg 768w, https:\/\/luciepo.com\/wp-content\/uploads\/2023\/10\/how-to-journal-therapy-3-864x1536.jpg 864w, https:\/\/luciepo.com\/wp-content\/uploads\/2023\/10\/how-to-journal-therapy-3.jpg 1080w\" sizes=\"(max-width: 576px) 100vw, 576px\" \/><figcaption class=\"wp-element-caption\">Jak na den\u00edkovou terapii &#8211; Jak na den\u00edkovou terapii pdf<\/figcaption><\/figure><\/div>\n<div style=\"height:33px\" aria-hidden=\"true\" class=\"wp-block-spacer\"><\/div>\n\n<h3 id='v\u00fdzvy-zam\u011b\u0159en\u00e9-na-c\u00edle-1'  id=\"boomdevs_20\" class=\"wp-block-heading\" ><strong>V\u00fdzvy zam\u011b\u0159en\u00e9 na c\u00edle<\/strong> <\/h3>\n\n<ol>\n<li>Uve\u010fte t\u0159i dovednosti nebo talenty, kter\u00e9 byste cht\u011bli rozv\u00edjet, abyste zlep\u0161ili sv\u016fj osobn\u00ed a profesn\u00ed \u017eivot.<\/li>\n\n\n\n<li>P\u0159edstavte si sc\u00e9n\u00e1\u0159, ve kter\u00e9m strach nehraje roli. Jak\u00e9 c\u00edle byste cht\u011bli sledovat?<\/li>\n\n\n\n<li>Zamyslete se nad vysn\u011bn\u00fdm projektem nebo snahou. Jak\u00e9 kroky m\u016f\u017eete podniknout, abyste se p\u0159ibl\u00ed\u017eili realit\u011b?<\/li>\n\n\n\n<li>Napi\u0161te o v\u011bci nebo probl\u00e9mu, kter\u00fd v\u00e1s zaj\u00edm\u00e1. Jak m\u016f\u017eete p\u0159isp\u011bt k jeho rozvoji?<\/li>\n\n\n\n<li>Stanovte si c\u00edl, \u017ee budete tento t\u00fdden ka\u017ed\u00fd den souc\u00edtit sami se sebou. Jak\u00e9 konkr\u00e9tn\u00ed kroky podniknete?<\/li>\n\n\n\n<li>Uve\u010fte t\u0159i kr\u00e1tkodob\u00e9 c\u00edle, kter\u00fdch byste cht\u011bli tento m\u011bs\u00edc dos\u00e1hnout.<\/li>\n\n\n\n<li>P\u0159edstavte si svou ide\u00e1ln\u00ed kari\u00e9ru. Jak\u00e9 kroky m\u016f\u017eete podniknout dnes, abyste se k n\u011bmu p\u0159ibl\u00ed\u017eili?<\/li>\n\n\n\n<li>Napi\u0161te si dovednost nebo kon\u00ed\u010dek, kter\u00fd jste se v\u017edy cht\u011bli nau\u010dit. Jak m\u016f\u017eete za\u010d\u00edt?<\/li>\n\n\n\n<li>Jak\u00e9ho finan\u010dn\u00edho c\u00edle byste cht\u011bli dos\u00e1hnout? Nast\u00ednit prvn\u00ed kroky.<\/li>\n\n\n\n<li>Stanovte si na tento t\u00fdden c\u00edl v oblasti p\u00e9\u010de o sebe. Jak toho chcete dos\u00e1hnout?<\/li>\n\n\n\n<li>Vyjmenujte t\u0159i n\u00e1vyky nebo zp\u016fsoby chov\u00e1n\u00ed, kter\u00e9 byste si cht\u011bli vyp\u011bstovat, abyste zlep\u0161ili svou pohodu.<\/li>\n\n\n\n<li>Nast\u00ednit postupn\u00fd pl\u00e1n pro dosa\u017een\u00ed osobn\u00edho nebo profesn\u00edho miln\u00edku.<\/li>\n\n\n\n<li>Stanovte si dlouhodob\u00fd c\u00edl, kter\u00fd je v souladu s va\u0161imi v\u00e1\u0161n\u011bmi a hodnotami. Jak\u00fd je v\u00e1\u0161 prvn\u00ed krok?<\/li>\n\n\n\n<li>Vyjmenujte t\u0159i vlastnosti nebo dovednosti, kter\u00e9 byste cht\u011bli v p\u0159\u00ed\u0161t\u00edm roce rozv\u00edjet.<\/li>\n\n\n\n<li>Napi\u0161te o knize, kterou jste v\u017edycky cht\u011bli napsat. Na\u010drtn\u011bte jeho kapitoly.<\/li>\n\n\n\n<li>Jak\u00fd je v\u00e1\u0161 z\u00e1m\u011br v oblasti \u017eivotn\u00edho prost\u0159ed\u00ed nebo soci\u00e1ln\u00ed oblasti? Jak m\u016f\u017eete p\u0159isp\u011bt?<\/li>\n\n\n\n<li>Zamyslete se nad ned\u00e1vn\u00fdm \u00fasp\u011bchem a zva\u017ete, jak\u00fdch \u00fasp\u011bch\u016f byste cht\u011bli dos\u00e1hnout v budoucnu.<\/li>\n\n\n\n<li>Stanovte si c\u00edl, jak podpo\u0159it hlub\u0161\u00ed vztahy s bl\u00edzk\u00fdmi. Jak to ud\u011bl\u00e1te?<\/li>\n\n\n\n<li>Vyjmenujte t\u0159i kroky, kter\u00e9 m\u016f\u017eete podniknout ke zlep\u0161en\u00ed rovnov\u00e1hy mezi pracovn\u00edm a soukrom\u00fdm \u017eivotem.<\/li>\n\n\n\n<li>Definujte si kari\u00e9rn\u00ed c\u00edl, kter\u00fd v\u00e1s vzru\u0161uje a motivuje. Jak\u00e1 je po\u010d\u00e1te\u010dn\u00ed akce?<\/li>\n\n\n\n<li>Napi\u0161te o projektu nebo \u00fasil\u00ed, kter\u00e9 je v souladu s va\u0161\u00edm \u017eivotn\u00edm c\u00edlem. Jak\u00fd je prvn\u00ed krok?<\/li>\n\n\n\n<li>Ur\u010dete si ve sv\u00e9m \u017eivot\u011b oblast, ve kter\u00e9 byste cht\u011bli p\u011bstovat v\u011bt\u0161\u00ed discipl\u00ednu. Jak to ud\u011bl\u00e1te?<\/li>\n\n\n\n<li>Stanovte si c\u00edl, \u017ee tento m\u011bs\u00edc prozkoum\u00e1te nov\u00fd kon\u00ed\u010dek nebo z\u00e1jem. Jak\u00e9 kroky podniknete?<\/li>\n\n\n\n<li>Zamyslete se nad c\u00edlem, kter\u00e9ho jste dos\u00e1hli v minulosti. Jak\u00e9 strategie pro v\u00e1s byly nej\u00fa\u010dinn\u011bj\u0161\u00ed?<\/li>\n<\/ol>\n\n<p><\/p>\n\n<h3 id='podn\u011bty-k-v\u0161\u00edmavosti-1'  id=\"boomdevs_21\" class=\"wp-block-heading\" ><strong>Podn\u011bty k v\u0161\u00edmavosti<\/strong> <\/h3>\n\n<ol>\n<li>Zav\u0159ete o\u010di a zhluboka se nadechn\u011bte. Popi\u0161te pocity, kter\u00e9 za\u017e\u00edv\u00e1te.<\/li>\n\n\n\n<li>Vydejte se na proch\u00e1zku. V\u0161\u00edmejte si zvuk\u016f, v\u016fn\u00ed a textur kolem sebe.<\/li>\n\n\n\n<li>Posa\u010fte se do pohodln\u00e9 polohy a soust\u0159e\u010fte se na sv\u016fj dech. Sledujte jeho rytmus a tok.<\/li>\n\n\n\n<li>P\u0159eneste sv\u00e9 v\u011bdom\u00ed do p\u0159\u00edtomn\u00e9ho okam\u017eiku. Co pr\u00e1v\u011b te\u010f vid\u00edte, sly\u0161\u00edte a c\u00edt\u00edte?<\/li>\n\n\n\n<li>Zamyslete se nad ned\u00e1vnou v\u00fdzvou. Jak k tomu m\u016f\u017eete p\u0159istupovat s rozvahou?<\/li>\n\n\n\n<li>Procvi\u010dte si vd\u011b\u010dnost tak, \u017ee si dnes nap\u00ed\u0161ete t\u0159i v\u011bci, za kter\u00e9 jste vd\u011b\u010dn\u00ed.<\/li>\n\n\n\n<li>Vyhra\u010fte si n\u011bkolik minut na tichou meditaci. Jak\u00e9 my\u0161lenky se objevuj\u00ed a jak prob\u00edhaj\u00ed?<\/li>\n\n\n\n<li>Vyberte si objekt ve sv\u00e9m prost\u0159ed\u00ed. Pozorn\u011b si ho prohl\u00e9dn\u011bte a v\u0161\u00edmejte si jeho detail\u016f a textur.<\/li>\n\n\n\n<li>V\u011bnujte chv\u00edli pozorov\u00e1n\u00ed p\u0159\u00edrody. Co se m\u016f\u017eete nau\u010dit z jeho rytmu a cykl\u016f?<\/li>\n\n\n\n<li>Zamyslete se nad minulou zku\u0161enost\u00ed, ani\u017e byste ji odsuzovali. Jak\u00e9 ponau\u010den\u00ed si z toho m\u016f\u017eete vz\u00edt?<\/li>\n\n\n\n<li>Prov\u00e1d\u011bjte cvi\u010den\u00ed v\u011bdom\u00e9ho stravov\u00e1n\u00ed. Vychutnejte si ka\u017ed\u00e9 sousto a v\u011bnujte pozornost chuti a struktu\u0159e.<\/li>\n\n\n\n<li>V\u011bnujte n\u011bkolik okam\u017eik\u016f soucitu se sebou sam\u00fdm. Jak\u00e1 laskav\u00e1 slova m\u016f\u017eete nab\u00eddnout vy sami?<\/li>\n\n\n\n<li>Zav\u0159ete o\u010di a soust\u0159e\u010fte se na zvuky kolem sebe. Co ve v\u00e1s vyvol\u00e1vaj\u00ed?<\/li>\n\n\n\n<li>Zamyslete se nad svou silnou str\u00e1nkou nebo vlastnost\u00ed. Jak p\u0159isp\u00edv\u00e1 k va\u0161\u00ed pohod\u011b?<\/li>\n\n\n\n<li>Cvi\u010dte hlubok\u00e9 b\u0159i\u0161n\u00ed d\u00fdch\u00e1n\u00ed. V\u0161imn\u011bte si, jak to uklid\u0148uje va\u0161i mysl a t\u011blo.<\/li>\n\n\n\n<li>Stanovte si z\u00e1m\u011br pro nadch\u00e1zej\u00edc\u00ed den. Jak do n\u011bj m\u016f\u017eete vn\u00e9st v\u0161\u00edmavost?<\/li>\n\n\n\n<li>Pozorujte, jak se va\u0161e t\u011blo v tuto chv\u00edli c\u00edt\u00ed. Existuj\u00ed oblasti nap\u011bt\u00ed nebo uvoln\u011bn\u00ed?<\/li>\n\n\n\n<li>Zamyslete se nad aktu\u00e1ln\u00ed starost\u00ed. Dok\u00e1\u017eete to p\u0159ehodnotit s pocitem p\u0159ijet\u00ed a nadhledu?<\/li>\n\n\n\n<li>Vyberte si hudbu a nechte se j\u00ed un\u00e1\u0161et. Jak ovliv\u0148uje va\u0161i n\u00e1ladu?<\/li>\n\n\n\n<li>Str\u00e1vte n\u011bkolik minut v klidu. Jak\u00e9 my\u0161lenky nebo pocity se v tomto tich\u00e9m prostoru objevuj\u00ed?<\/li>\n\n\n\n<li>Zamyslete se nad okam\u017eikem klidu nebo pohody ve va\u0161em dni. Jak si ho m\u016f\u017eete vyp\u011bstovat v\u00edce?<\/li>\n\n\n\n<li>Prove\u010fte meditaci skenov\u00e1n\u00ed t\u011bla. Jak\u00e9 pocity vn\u00edm\u00e1te v r\u016fzn\u00fdch oblastech?<\/li>\n\n\n\n<li>Napi\u0161te si pozitivn\u00ed afirmaci a opakujte si ji. Jak se c\u00edt\u00edte?<\/li>\n\n\n\n<li>P\u0159em\u00fd\u0161lejte o osob\u011b nebo situaci s odpu\u0161t\u011bn\u00edm a soucitem. Jak to m\u011bn\u00ed v\u00e1\u0161 pohled na v\u011bc?<\/li>\n<\/ol>\n\n<p class=\"has-background\" style=\"background-color:#e7d7fa\"><strong>ST\u00c1HN\u011aTE SI ZDARMA PDF SE 120 PODN\u011aTY <a href=\"https:\/\/shop.beacons.ai\/luciepo\/3566e2b6-de36-4c4f-880c-f0c6a20aea25\" target=\"_blank\" data-type=\"URL\" data-id=\"https:\/\/shop.beacons.ai\/luciepo\/3566e2b6-de36-4c4f-880c-f0c6a20aea25\" rel=\"noreferrer noopener\">ZDE<\/a><\/strong><\/p>\n\n<h3 id='podn\u011bty-k-l\u00e9\u010den\u00ed-1'  id=\"boomdevs_22\" class=\"wp-block-heading\" ><strong>Podn\u011bty k l\u00e9\u010den\u00ed<\/strong> <\/h3>\n\n<ol>\n<li>Napi\u0161te dopis sv\u00e9mu minul\u00e9mu j\u00e1 v t\u011b\u017ek\u00e9m obdob\u00ed a nab\u00eddn\u011bte mu l\u00e1sku a podporu.<\/li>\n\n\n\n<li>Zamyslete se nad t\u00edm, kdy jste n\u011bkomu odpustili a jak to ovlivnilo va\u0161e vlastn\u00ed uzdraven\u00ed.<\/li>\n\n\n\n<li>Popi\u0161te silnou str\u00e1nku nebo vlastnost, kterou na sob\u011b obdivujete, a pro\u010d je d\u016fle\u017eit\u00e1.<\/li>\n\n\n\n<li>Vyj\u00e1d\u0159ete vd\u011b\u010dnost za v\u00fdzvu, kter\u00e9 jste \u010delili a kter\u00e1 nakonec vedla k r\u016fstu.<\/li>\n\n\n\n<li>Popi\u0161te okam\u017eik, kdy jste se c\u00edtili skute\u010dn\u011b vid\u011bni a p\u0159ijati druhou osobou.<\/li>\n\n\n\n<li>Napi\u0161te dopis n\u011bkomu, kdo hluboce ovlivnil v\u00e1\u0161 \u017eivot, i kdy\u017e t\u0159eba nep\u0159\u00edmo.<\/li>\n\n\n\n<li>Zamyslete se nad t\u00edm, kdy jste po sd\u00edlen\u00ed sv\u00fdch emoc\u00ed poc\u00edtili uvoln\u011bn\u00ed nebo \u00falevu.<\/li>\n\n\n\n<li>Napi\u0161te o n\u011bjak\u00e9 rad\u011b nebo moudrosti, kter\u00e1 v\u00e1m poskytla \u00fat\u011bchu v t\u011b\u017ek\u00fdch chv\u00edl\u00edch.<\/li>\n\n\n\n<li>Popi\u0161te m\u00edsto nebo prost\u0159ed\u00ed, kde se c\u00edt\u00edte naprosto klidn\u00ed a odpo\u010dat\u00ed.<\/li>\n\n\n\n<li>Zamyslete se nad tv\u016fr\u010d\u00ed \u010dinnost\u00ed nebo aktivitou, kter\u00e1 v\u00e1m p\u0159in\u00e1\u0161\u00ed pocit vnit\u0159n\u00edho klidu a uzdraven\u00ed.<\/li>\n\n\n\n<li>Napi\u0161te o okam\u017eiku sebepozn\u00e1n\u00ed, kter\u00fd znamenal zlom na va\u0161\u00ed cest\u011b k uzdraven\u00ed.<\/li>\n\n\n\n<li>Popi\u0161te praxi nebo ritu\u00e1l, kter\u00fd je pro v\u00e1s uklid\u0148uj\u00edc\u00ed a posiluj\u00edc\u00ed pro va\u0161i du\u0161i.<\/li>\n\n\n\n<li>Vzpome\u0148te si na okam\u017eik, kdy jste sami sob\u011b projevili laskavost v t\u011b\u017ek\u00e9 chv\u00edli.<\/li>\n\n\n\n<li>Napi\u0161te dopis sv\u00e9mu budouc\u00edmu j\u00e1 a p\u0159edstavte si svou uzdravenou a prosperuj\u00edc\u00ed verzi.<\/li>\n\n\n\n<li>Popi\u0161te osobu nebo vztah, kter\u00fd pro v\u00e1s byl zdrojem podpory a uzdraven\u00ed.<\/li>\n\n\n\n<li>Zamyslete se nad knihou, cit\u00e1tem nebo b\u00e1sn\u00ed, kter\u00e1 v\u00e1m poskytla \u00fat\u011bchu a uklidn\u011bn\u00ed v t\u011b\u017ek\u00fdch chv\u00edl\u00edch.<\/li>\n\n\n\n<li>Napi\u0161te o lekci, kterou jste se nau\u010dili d\u00edky nep\u0159\u00edzni osudu a kter\u00e1 se v\u00e1m stala zdrojem s\u00edly.<\/li>\n\n\n\n<li>Popi\u0161te tv\u016fr\u010d\u00ed projev nebo formu um\u011bn\u00ed, kter\u00e1 v\u00e1m pom\u00e1h\u00e1 zpracov\u00e1vat a l\u00e9\u010dit emoce.<\/li>\n\n\n\n<li>Zamyslete se nad okam\u017eikem, kdy jste poc\u00edtili hlubok\u00fd soucit a l\u00e1sku k sob\u011b.<\/li>\n\n\n\n<li>Napi\u0161te dopis bl\u00edzk\u00e9 osob\u011b, kter\u00e1 zem\u0159ela, a vyj\u00e1d\u0159ete v n\u011bm sv\u00e9 pocity a vzpom\u00ednky.<\/li>\n\n\n\n<li>Popi\u0161te zp\u016fsob p\u00e9\u010de o sebe, kter\u00fd v\u00e1m p\u0159in\u00e1\u0161\u00ed hlubok\u00fd pocit v\u00fd\u017eivy a obnovy.<\/li>\n\n\n\n<li>Zamyslete se nad t\u00edm, kdy jste p\u0159ijali zranitelnost a na\u0161li v n\u00ed s\u00edlu.<\/li>\n\n\n\n<li>Napi\u0161te o m\u00edst\u011b v p\u0159\u00edrod\u011b, kter\u00e9 m\u00e1 zvl\u00e1\u0161tn\u00ed v\u00fdznam a poskytuje pocit uzdraven\u00ed.<\/li>\n\n\n\n<li>Popi\u0161te sen nebo vizi, kterou m\u00e1te o sv\u00e9m uzdraven\u00e9m a prosperuj\u00edc\u00edm budouc\u00edm j\u00e1.<\/li>\n<\/ol>\n\n<div style=\"height:33px\" aria-hidden=\"true\" class=\"wp-block-spacer\"><\/div>\n\n<figure class=\"wp-block-image size-large\"><img decoding=\"async\" loading=\"lazy\" width=\"1024\" height=\"683\" src=\"https:\/\/luciepo.com\/wp-content\/uploads\/2023\/10\/how-to-journal-therapy-2-1024x683.jpg\" alt=\"Jak za&#x10D;&#xED;t ps&#xE1;t den&#xED;k pocit&#x16F;\" class=\"wp-image-3560\" srcset=\"https:\/\/luciepo.com\/wp-content\/uploads\/2023\/10\/how-to-journal-therapy-2-1024x683.jpg 1024w, https:\/\/luciepo.com\/wp-content\/uploads\/2023\/10\/how-to-journal-therapy-2-300x200.jpg 300w, https:\/\/luciepo.com\/wp-content\/uploads\/2023\/10\/how-to-journal-therapy-2-768x512.jpg 768w, https:\/\/luciepo.com\/wp-content\/uploads\/2023\/10\/how-to-journal-therapy-2-1536x1024.jpg 1536w, https:\/\/luciepo.com\/wp-content\/uploads\/2023\/10\/how-to-journal-therapy-2-2048x1365.jpg 2048w, https:\/\/luciepo.com\/wp-content\/uploads\/2023\/10\/how-to-journal-therapy-2-1140x760.jpg 1140w\" sizes=\"(max-width: 1024px) 100vw, 1024px\" \/><figcaption class=\"wp-element-caption\">Jak na den\u00edkovou terapii &#8211; Jak za\u010d\u00edt ps\u00e1t den\u00edk pocit\u016f?<\/figcaption><\/figure>\n\n<div style=\"height:33px\" aria-hidden=\"true\" class=\"wp-block-spacer\"><\/div>\n\n<h2 id='dal\u0161\u00ed-zdroje-pro-psan\u00ed-den\u00edk\u016f'  id=\"boomdevs_23\" class=\"wp-block-heading\" ><strong>Dal\u0161\u00ed zdroje pro psan\u00ed den\u00edk\u016f<\/strong><\/h2>\n\n<p>Vydat se na cestu psan\u00ed den\u00edku je hluboce osobn\u00ed zku\u0161enost a spr\u00e1vn\u00e9 n\u00e1stroje a veden\u00ed mohou zv\u00fd\u0161it jej\u00ed dopad.  <\/p>\n\n<p>Prozkoumejte n\u00e1sleduj\u00edc\u00ed zdroje a najd\u011bte si <strong>den\u00edky, podn\u011bty a aplikace <\/strong>, kter\u00e9 odpov\u00eddaj\u00ed va\u0161emu jedine\u010dn\u00e9mu stylu psan\u00ed den\u00edk\u016f a va\u0161im preferenc\u00edm.<\/p>\n\n<div style=\"height:33px\" aria-hidden=\"true\" class=\"wp-block-spacer\"><\/div>\n\n<h3 id='knihy-pro-hlub\u0161\u00ed-vhled'  id=\"boomdevs_24\" class=\"wp-block-heading\" ><strong>Knihy pro hlub\u0161\u00ed vhled<\/strong><\/h3>\n\n<ul>\n<li><em>\n  <strong>\n    <a href=\"https:\/\/amzn.to\/46wrSSy\" target=\"_blank\" data-type=\"URL\" data-id=\"https:\/\/amzn.to\/46wrSSy\" rel=\"noreferrer noopener\">Cesta um\u011blce<\/a>\n  <\/strong>\n<\/em> Julia Cameronov\u00e1 &#8211; nad\u010dasov\u00fd pr\u016fvodce, jak odemknout kreativitu prost\u0159ednictv\u00edm psan\u00ed den\u00edku.<\/li>\n\n\n\n<li><em>\n  <strong>\n    <a href=\"https:\/\/amzn.to\/3LZ6n4z\" target=\"_blank\" data-type=\"URL\" data-id=\"https:\/\/amzn.to\/3LZ6n4z\" rel=\"noreferrer noopener\">Zapisov\u00e1n\u00ed kost\u00ed<\/a>\n  <\/strong>\n<\/em> Natalie Goldberg &#8211; nab\u00edz\u00ed praktick\u00e9 rady a povzbuzen\u00ed pro za\u010d\u00ednaj\u00edc\u00ed spisovatele.<\/li>\n\n\n\n<li><strong>\n  <a href=\"https:\/\/amzn.to\/3ZZ5dLZ\" target=\"_blank\" data-type=\"URL\" data-id=\"https:\/\/amzn.to\/3ZZ5dLZ\" rel=\"noreferrer noopener\"><em>Dary nedokonalosti<\/em> <\/a>\n<\/strong>Bren\u00e9 Brownov\u00e1 &#8211; zkoum\u00e1 s\u00edlu zranitelnosti a soucitu se sebou sam\u00fdm a dopl\u0148uje terapii pomoc\u00ed den\u00edku.<\/li>\n<\/ul>\n\n<div style=\"height:33px\" aria-hidden=\"true\" class=\"wp-block-spacer\"><\/div>\n\n<h3 id='aplikace-pro-psan\u00ed-den\u00edk\u016f-pro-zefektivn\u011bn\u00ed-va\u0161\u00ed-praxe'  id=\"boomdevs_25\" class=\"wp-block-heading\" ><strong>Aplikace pro psan\u00ed den\u00edk\u016f pro zefektivn\u011bn\u00ed va\u0161\u00ed praxe<\/strong><\/h3>\n\n<ul>\n<li><a href=\"https:\/\/dayoneapp.com\/\" target=\"_blank\" data-type=\"URL\" data-id=\"https:\/\/dayoneapp.com\/\" rel=\"noreferrer noopener\"><strong>Prvn\u00ed den<\/strong> <\/a>&#8211; Elegantn\u00ed a intuitivn\u00ed aplikace digit\u00e1ln\u00edho den\u00edku s funkcemi, jako je integrace fotografi\u00ed a sledov\u00e1n\u00ed n\u00e1lady.<\/li>\n\n\n\n<li><strong>\n  <a href=\"https:\/\/journey.cloud\/\" target=\"_blank\" data-type=\"URL\" data-id=\"https:\/\/journey.cloud\/\" rel=\"noreferrer noopener\">Cesta<\/a>\n<\/strong> &#8211; Umo\u017e\u0148uje multiplatformn\u00ed p\u0159\u00edstup a bezpe\u010dnou synchronizaci s cloudem, tak\u017ee psan\u00ed den\u00edku na cest\u00e1ch je hra\u010dka.<\/li>\n\n\n\n<li><strong>\n  <a href=\"https:\/\/reflectly.app\/\" target=\"_blank\" data-type=\"URL\" data-id=\"https:\/\/reflectly.app\/\" rel=\"noreferrer noopener\">Reflectly<\/a>\n<\/strong> &#8211; Aplikace pro psan\u00ed den\u00edku s um\u011blou inteligenc\u00ed, kter\u00e1 vyb\u00edz\u00ed k sebereflexi a sleduje vzorce n\u00e1lad.<\/li>\n<\/ul>\n\n<div style=\"height:33px\" aria-hidden=\"true\" class=\"wp-block-spacer\"><\/div>\n\n<h3 id='webov\u00e9-str\u00e1nky-a-komunity-pro-inspiraci'  id=\"boomdevs_26\" class=\"wp-block-heading\" ><strong>Webov\u00e9 str\u00e1nky a komunity pro inspiraci<\/strong><\/h3>\n\n<ul>\n<li><strong>\n  <a href=\"https:\/\/journaltherapy.com\/\" target=\"_blank\" data-type=\"URL\" data-id=\"https:\/\/journaltherapy.com\/\" rel=\"noreferrer noopener\">Centrum pro \u010dasopiseckou terapii<\/a>\n<\/strong> &#8211; Nab\u00edz\u00ed \u010dl\u00e1nky, kurzy a zdroje pro prohlouben\u00ed praxe psan\u00ed den\u00edk\u016f.<\/li>\n\n\n\n<li><a href=\"https:\/\/www.reddit.com\/r\/Journaling\/\" target=\"_blank\" data-type=\"URL\" data-id=\"https:\/\/www.reddit.com\/r\/Journaling\/\" rel=\"noreferrer noopener\"><strong>r\/Journaling<\/strong> <\/a>&#8211; \u017div\u00e1 online komunita, kde lid\u00e9 sd\u00edlej\u00ed tipy, podn\u011bty a zku\u0161enosti t\u00fdkaj\u00edc\u00ed se psan\u00ed den\u00edk\u016f.<\/li>\n\n\n\n<li><strong>\n  <a href=\"https:\/\/luciepo.com\/community\" target=\"_blank\" data-type=\"URL\" data-id=\"https:\/\/luciepo.com\/community\" rel=\"noreferrer noopener\">Skupiny FB<\/a>\n<\/strong> &#8211; Spojte se s podp\u016frnou komunitou dal\u0161\u00edch nad\u0161enc\u016f pro psan\u00ed den\u00edk\u016f, kte\u0159\u00ed v\u00e1s inspiruj\u00ed, diskutuj\u00ed a sd\u00edlej\u00ed sv\u00e9 zku\u0161enosti.<\/li>\n<\/ul>\n\n<div style=\"height:33px\" aria-hidden=\"true\" class=\"wp-block-spacer\"><\/div>\n\n<h2 id='\u010dasto-kladen\u00e9-ot\u00e1zky'  id=\"boomdevs_27\" class=\"wp-block-heading\" >\u010casto kladen\u00e9 ot\u00e1zky<\/h2>\n\n<div style=\"height:33px\" aria-hidden=\"true\" class=\"wp-block-spacer\"><\/div>\n<div id=\"rank-math-faq\" class=\"rank-math-block\">\n<div class=\"rank-math-list \">\n<div id=\"faq-question-1697440906032\" class=\"rank-math-list-item\">\n<h3 id='co-je-to-terapie-den\u00edkem'  id=\"boomdevs_28\" class=\"rank-math-question \" ><strong>Co je to terapie den\u00edkem?<\/strong><\/h3>\n<div class=\"rank-math-answer \">\n\n<p>Den\u00edkov\u00e1 terapie je forma expresivn\u00edho psan\u00ed, kter\u00e1 podporuje sebereflexi, zpracov\u00e1n\u00ed emoc\u00ed a osobn\u00ed r\u016fst. Je to bezpe\u010dn\u00fd prostor pro zkoum\u00e1n\u00ed my\u0161lenek, pocit\u016f a zku\u0161enost\u00ed.<\/p>\n\n<\/div>\n<\/div>\n<div id=\"faq-question-1697440915786\" class=\"rank-math-list-item\">\n<h3 id='mus\u00edm-b\u00fdt-zku\u0161en\u00fd-spisovatel-abych-mohl-za\u010d\u00edt-ps\u00e1t-den\u00edk'  id=\"boomdevs_29\" class=\"rank-math-question \" ><strong>Mus\u00edm b\u00fdt zku\u0161en\u00fd spisovatel, abych mohl za\u010d\u00edt ps\u00e1t den\u00edk?<\/strong><\/h3>\n<div class=\"rank-math-answer \">\n\n<p>V\u016fbec ne! P\u0159i psan\u00ed den\u00edku jde o vyj\u00e1d\u0159en\u00ed sebe sama, ne o zdokonalov\u00e1n\u00ed pr\u00f3zy. Je pro ka\u017ed\u00e9ho, bez ohledu na jeho schopnosti ps\u00e1t.<\/p>\n\n<\/div>\n<\/div>\n<div id=\"faq-question-1697440932797\" class=\"rank-math-list-item\">\n<h3 id='jak-\u010dasto-si-m\u00e1m-ps\u00e1t-den\u00edk'  id=\"boomdevs_30\" class=\"rank-math-question \" ><strong>Jak \u010dasto si m\u00e1m ps\u00e1t den\u00edk?<\/strong><\/h3>\n<div class=\"rank-math-answer \">\n\n<p>Neexistuje \u017e\u00e1dn\u00e1 univerz\u00e1ln\u00ed odpov\u011b\u010f. Jde o to, co v\u00e1m vyhovuje. N\u011bkte\u0159\u00ed si vedou den\u00edk denn\u011b, jin\u00ed jednou t\u00fddn\u011b nebo podle pot\u0159eby.<\/p>\n\n<\/div>\n<\/div>\n<div id=\"faq-question-1697440947661\" class=\"rank-math-list-item\">\n<h3 id='co-kdy\u017e-nev\u00edm-o-\u010dem-ps\u00e1t'  id=\"boomdevs_31\" class=\"rank-math-question \" ><strong>Co kdy\u017e nev\u00edm, o \u010dem ps\u00e1t?<\/strong><\/h3>\n<div class=\"rank-math-answer \">\n\n<p>To je naprosto norm\u00e1ln\u00ed! Zkuste pou\u017e\u00edt podn\u011bty, zamyslet se nad sv\u00fdm dnem nebo prost\u011b jen ps\u00e1t o tom, co v\u00e1s v danou chv\u00edli napad\u00e1.<\/p>\n\n<\/div>\n<\/div>\n<div id=\"faq-question-1697440966118\" class=\"rank-math-list-item\">\n<h3 id='mohu-pou\u017e\u00edvat-digit\u00e1ln\u00ed-platformy-pro-terapii-den\u00edkem'  id=\"boomdevs_32\" class=\"rank-math-question \" ><strong>Mohu pou\u017e\u00edvat digit\u00e1ln\u00ed platformy pro terapii den\u00edkem?<\/strong><\/h3>\n<div class=\"rank-math-answer \">\n\n<p>Rozhodn\u011b! Mnoho lid\u00ed pova\u017euje digit\u00e1ln\u00ed den\u00edk za stejn\u011b \u00fa\u010dinn\u00fd. Jde o to naj\u00edt to, co v\u00e1m nejl\u00e9pe vyhovuje.<\/p>\n\n<\/div>\n<\/div>\n<div id=\"faq-question-1697440992511\" class=\"rank-math-list-item\">\n<h3 id='co-kdy\u017e-p\u0159i-psan\u00ed-den\u00edku-odhal\u00edm-t\u011b\u017ek\u00e9-emoce'  id=\"boomdevs_33\" class=\"rank-math-question \" ><strong>Co kdy\u017e p\u0159i psan\u00ed den\u00edku odhal\u00edm t\u011b\u017ek\u00e9 emoce?<\/strong><\/h3>\n<div class=\"rank-math-answer \">\n\n<p>Je v po\u0159\u00e1dku c\u00edtit se n\u00e1ro\u010dn\u011b. Ud\u011blejte to sv\u00fdm vlastn\u00edm tempem. Pokud m\u00e1te pot\u00ed\u017ee, zva\u017ete mo\u017enost vyhledat podporu terapeuta nebo poradce.<\/p>\n\n<\/div>\n<\/div>\n<div id=\"faq-question-1697441003407\" class=\"rank-math-list-item\">\n<h3 id='jak-si-mohu-psan\u00ed-den\u00edku-zvyknout'  id=\"boomdevs_34\" class=\"rank-math-question \" ><strong>Jak si mohu psan\u00ed den\u00edku zvyknout?<\/strong><\/h3>\n<div class=\"rank-math-answer \">\n\n<p>Za\u010dn\u011bte v mal\u00e9m, nastavte si upom\u00ednky a zvolte si \u010das, kter\u00fd v\u00e1m vyhovuje. Pamatujte, \u017ee konzistence je d\u016fle\u017eit\u011bj\u0161\u00ed ne\u017e mno\u017estv\u00ed.<\/p>\n\n<\/div>\n<\/div>\n<div id=\"faq-question-1697441026095\" class=\"rank-math-list-item\">\n<h3 id='nahrazuje-terapie-\u010dasopisem-profesion\u00e1ln\u00ed-terapii'  id=\"boomdevs_35\" class=\"rank-math-question \" ><strong>Nahrazuje terapie \u010dasopisem profesion\u00e1ln\u00ed terapii?<\/strong><\/h3>\n<div class=\"rank-math-answer \">\n\n<p>Terapie pomoc\u00ed den\u00edku m\u016f\u017ee b\u00fdt neuv\u011b\u0159iteln\u011b prosp\u011b\u0161n\u00e1, ale nenahrazuje odbornou psychiatrickou pomoc, pokud je pot\u0159eba. Pokud m\u00e1te pot\u00ed\u017ee, v\u017edy vyhledejte pomoc.<\/p>\n\n<\/div>\n<\/div>\n<div id=\"faq-question-1697441044235\" class=\"rank-math-list-item\">\n<h3 id='m\u016f\u017ee-b\u00fdt-pro-d\u011bti-a-dosp\u00edvaj\u00edc\u00ed-terapie-\u010dasopisem-p\u0159\u00ednosn\u00e1'  id=\"boomdevs_36\" class=\"rank-math-question \" ><strong>M\u016f\u017ee b\u00fdt pro d\u011bti a dosp\u00edvaj\u00edc\u00ed terapie \u010dasopisem p\u0159\u00ednosn\u00e1?<\/strong><\/h3>\n<div class=\"rank-math-answer \">\n\n<p>Rozhodn\u011b. Psan\u00ed den\u00edk\u016f m\u016f\u017ee b\u00fdt pro mlad\u00e9 lidi mocn\u00fdm n\u00e1strojem, kter\u00fd jim pom\u016f\u017ee zpracovat emoce, uv\u011bdomit si sebe sama a rozv\u00edjet zdrav\u00e9 mechanismy zvl\u00e1d\u00e1n\u00ed.<\/p>\n\n<\/div>\n<\/div>\n<div id=\"faq-question-1697441063524\" class=\"rank-math-list-item\">\n<h3 id='co-kdy\u017e-chci-m\u00edt-sv\u016fj-den\u00edk-v-soukrom\u00ed'  id=\"boomdevs_37\" class=\"rank-math-question \" ><strong>Co kdy\u017e chci m\u00edt sv\u016fj den\u00edk v soukrom\u00ed?<\/strong><\/h3>\n<div class=\"rank-math-answer \">\n\n<p>To z\u00e1le\u017e\u00ed jen na v\u00e1s! Mnoho lid\u00ed nach\u00e1z\u00ed velkou \u00fat\u011bchu ve v\u011bdom\u00ed, \u017ee jejich my\u0161lenky jsou ur\u010deny pouze pro jejich o\u010di. Je to v\u00e1\u0161 prostor pro naprostou autenticitu.<\/p>\n\n<\/div>\n<\/div>\n<div id=\"faq-question-1697453770553\" class=\"rank-math-list-item\">\n<h3 id='pro\u010d-je-psan\u00ed-den\u00edku-terapeutick\u00e9'  id=\"boomdevs_38\" class=\"rank-math-question \" >Pro\u010d je psan\u00ed den\u00edku terapeutick\u00e9?<\/h3>\n<div class=\"rank-math-answer \">\n\n<p>Psan\u00ed den\u00edku poskytuje bezpe\u010dn\u00fd, soukrom\u00fd prostor pro vyj\u00e1d\u0159en\u00ed emoc\u00ed, my\u0161lenek a z\u00e1\u017eitk\u016f. Podporuje sebereflexi, podporuje zpracov\u00e1n\u00ed emoc\u00ed a sebeuv\u011bdom\u011bn\u00ed, co\u017e vede k pocitu \u00falevy a jasnosti.<\/p>\n\n<\/div>\n<\/div>\n<div id=\"faq-question-1697453791073\" class=\"rank-math-list-item\">\n<h3 id='jak-ps\u00e1t-den\u00edk-pro-terapii'  id=\"boomdevs_39\" class=\"rank-math-question \" >Jak ps\u00e1t den\u00edk pro terapii?<\/h3>\n<div class=\"rank-math-answer \">\n\n<p>Za\u010dn\u011bte t\u00edm, \u017ee si najdete klidn\u00e9 a pohodln\u00e9 m\u00edsto. Stanovte si jasn\u00fd z\u00e1m\u011br sezen\u00ed, a\u0165 u\u017e jde o sebereflexi, \u0159e\u0161en\u00ed probl\u00e9m\u016f nebo uvoln\u011bn\u00ed emoc\u00ed. Pi\u0161te voln\u011b, bez obav o gramatiku a strukturu. Nechte sv\u00e9 my\u0161lenky p\u0159irozen\u011b plynout.<\/p>\n\n<\/div>\n<\/div>\n<div id=\"faq-question-1697453812315\" class=\"rank-math-list-item\">\n<h3 id='co-je-to-terapie-den\u00edkem-1'  id=\"boomdevs_40\" class=\"rank-math-question \" >Co je to terapie den\u00edkem?<\/h3>\n<div class=\"rank-math-answer \">\n\n<p>Den\u00edkov\u00e1 terapie je forma expresivn\u00edho psan\u00ed, kter\u00e1 podporuje sebepozn\u00e1n\u00ed a emocion\u00e1ln\u00ed uzdraven\u00ed. Zahrnuje pou\u017e\u00edv\u00e1n\u00ed den\u00edku jako n\u00e1stroje pro sebepozn\u00e1n\u00ed, sebereflexi a osobn\u00ed r\u016fst.<\/p>\n\n<\/div>\n<\/div>\n<div id=\"faq-question-1697453826032\" class=\"rank-math-list-item\">\n<h3 id='jak-si-ps\u00e1t-den\u00edk-abyste-se-zbavili-emoc\u00ed'  id=\"boomdevs_41\" class=\"rank-math-question \" >Jak si ps\u00e1t den\u00edk, abyste se zbavili emoc\u00ed?<\/h3>\n<div class=\"rank-math-answer \">\n\n<p>Chcete-li pou\u017e\u00edt psan\u00ed den\u00edku jako n\u00e1stroj k uvoln\u011bn\u00ed emoc\u00ed, za\u010dn\u011bte t\u00edm, \u017ee si uv\u011bdom\u00edte a identifikujete, co c\u00edt\u00edte. Pi\u0161te o t\u011bchto emoc\u00edch otev\u0159en\u011b a up\u0159\u00edmn\u011b. Dovolte si vyj\u00e1d\u0159it se bez odsuzov\u00e1n\u00ed. M\u016f\u017eete tak\u00e9 zv\u00e1\u017eit pou\u017eit\u00ed n\u00e1pov\u011bd nebo vizu\u00e1ln\u00edch pom\u016fcek, kter\u00e9 v\u00e1m usnadn\u00ed proces.<\/p>\n\n<\/div>\n<\/div>\n<\/div>\n<\/div>\n<div style=\"height:33px\" aria-hidden=\"true\" class=\"wp-block-spacer\"><\/div>\n\n<h2 id='zdroje'  id=\"boomdevs_42\" class=\"wp-block-heading\" ><span class=\"ez-toc-section\" id=\"Zdroje\"><\/span>Zdroje<span class=\"ez-toc-section-end\"><\/span><\/h2>\n\n<p>Deaver, S. P., &amp; McAuliffe, G. (2009, 26. \u0159\u00edjna). Reflektivn\u00ed vizu\u00e1ln\u00ed den\u00edk b\u011bhem arteterapeutick\u00fdch a poradensk\u00fdch st\u00e1\u017e\u00ed: kvalitativn\u00ed studie. <em>Reflective Practice<\/em>, <em>10<\/em>(5), 615-632. https:\/\/doi.org\/10.1080\/14623940903290687<\/p>\n\n<p>Gibson, D. (2018, 3. dubna). Vizu\u00e1ln\u00ed rozhovor s traumatem: Vizu\u00e1ln\u00ed den\u00edk v arteterapii pro boj s vik\u00e1rn\u00edm traumatem. <em>Art Therapy<\/em>, <em>35<\/em>(2), 99-103. https:\/\/doi.org\/10.1080\/07421656.2018.1483166<\/p>\n\n<p>Connolly Baker, K., &amp; Mazza, N. (2004, z\u00e1\u0159\u00ed). L\u00e9\u010div\u00e1 s\u00edla psan\u00ed: uplatn\u011bn\u00ed expresivn\u00ed\/kreativn\u00ed slo\u017eky terapie poezi\u00ed. <em>Journal of Poetry Therapy<\/em>, <em>17<\/em>(3), 141-154. https:\/\/doi.org\/10.1080\/08893670412331311352<\/p>\n\n<p>Utley, A., &amp; Garza, Y. (2011, 18. b\u0159ezna). Terapeutick\u00e9 vyu\u017eit\u00ed den\u00edk\u016f u dosp\u00edvaj\u00edc\u00edch. <em>Journal of Creativity in Mental Health<\/em>, <em>6<\/em>(1), 29-41. https:\/\/doi.org\/10.1080\/15401383.2011.557312<\/p>\n\n<p>Miller, W. (2014, 1. ledna). Interaktivn\u00ed den\u00edk jako klinick\u00fd n\u00e1stroj. <em>Journal of Mental Health Counseling<\/em>, <em>36<\/em>(1), 31-42. https:\/\/doi.org\/10.17744\/mehc.36.1.0k5v52l12540w218<\/p>\n","protected":false},"excerpt":{"rendered":"<p>P\u0159em\u00fd\u0161leli jste n\u011bkdy o tom, jak m\u016f\u017ee p\u0159ilo\u017een\u00ed pera k pap\u00edru z\u00e1zra\u010dn\u011b ovlivnit va\u0161i du\u0161evn\u00ed a emocion\u00e1ln\u00ed pohodu? Tak to si p\u0159ijdete na sv\u00e9! Tento \u010dl\u00e1nek se zab\u00fdv\u00e1 transformativn\u00edm kouzlem terapie pomoc\u00ed den\u00edku a neuv\u011b\u0159iteln\u00fdmi podn\u011bty, kter\u00e9 mohou nastartovat va\u0161i cestu k sebepozn\u00e1n\u00ed a osobn\u00edmu r\u016fstu. Pono\u0159\u00edme se do um\u011bn\u00ed psan\u00ed den\u00edk\u016f se 120 podn\u011bty, kter\u00e9 pokr\u00fdvaj\u00ed celou \u0159adu t\u00e9mat &#8211; od introspekce p\u0159es kreativitu a\u017e po stanoven\u00ed c\u00edl\u016f a dal\u0161\u00ed. A\u0165 u\u017e jste v psan\u00ed den\u00edk\u016f nov\u00e1\u010dci, nebo zku\u0161en\u00ed profesion\u00e1lov\u00e9, ur\u010dit\u011b najdete n\u011bco, co v\u00e1m bude vyhovovat. Vezm\u011bte si tedy sv\u016fj obl\u00edben\u00fd den\u00edk a \u00fatuln\u00fd koutek a vydejme se na tuto cestu spole\u010dn\u011b. P\u0159ipravte se na nov\u00e9 poznatky, uvoln\u011bte nahromad\u011bn\u00e9 emoce a ur\u010dete si sm\u011br ke \u0161\u0165astn\u011bj\u0161\u00edmu a spokojen\u011bj\u0161\u00edmu \u017eivotu. Pono\u0159me se do toho! S\u00edla terapie pomoc\u00ed den\u00edku P\u0159edstavte si to: z\u00f3na bez odsudk\u016f, kde va\u0161e my\u0161lenky voln\u011b plynou, kde emoce nach\u00e1zej\u00ed sv\u016fj hlas a kde se sny formuj\u00ed na str\u00e1nce. V tom spo\u010d\u00edv\u00e1 neuv\u011b\u0159iteln\u00e1 s\u00edla terapie pomoc\u00ed den\u00edku. Je to cesta sebepozn\u00e1n\u00ed, emocion\u00e1ln\u00edho uzdraven\u00ed a osobn\u00edho r\u016fstu, to v\u0161e zabalen\u00e9 na str\u00e1nk\u00e1ch va\u0161eho d\u016fv\u011bryhodn\u00e9ho den\u00edku. Jak\u00e9 jsou hlavn\u00ed v\u00fdhody psan\u00ed den\u00edku? V\u00fdzkumy nazna\u010duj\u00ed, \u017ee pravideln\u00e9 psan\u00ed den\u00edk\u016f m\u016f\u017ee v\u00e9st ke sn\u00ed\u017een\u00ed hladiny stresu, zlep\u0161en\u00ed n\u00e1lady a zv\u00fd\u0161en\u00ed sebev\u011bdom\u00ed. Studie nav\u00edc uk\u00e1zaly, \u017ee psan\u00ed den\u00edku m\u016f\u017ee b\u00fdt \u00fa\u010dinn\u00fdm n\u00e1strojem p\u0159i zvl\u00e1d\u00e1n\u00ed \u00fazkosti a deprese. ST\u00c1HN\u011aTE SI ZDARMA PDF SE 120 PODN\u011aTY DO DEN\u00cdKU ZDE Za\u010d\u00edn\u00e1me s terapi\u00ed den\u00edkem Zah\u00e1jen\u00ed cesty terapie pomoc\u00ed den\u00edku je siln\u00fdm krokem k pochopen\u00ed sebe sama a dosa\u017een\u00ed emo\u010dn\u00ed rovnov\u00e1hy. V t\u00e9to \u010d\u00e1sti v\u00e1s sezn\u00e1m\u00edme se z\u00e1kladn\u00edmi kroky, jak za\u010d\u00edt s terapi\u00ed den\u00edkem, a poskytneme v\u00e1m n\u00e1stroje a techniky pro tuto transformativn\u00ed praxi. Vyberte si sv\u016fj \u010dasopis Vyberte si \u010dasopis, kter\u00fd s v\u00e1mi rezonuje. Mohlo by to b\u00fdt kr\u00e1sn\u00fd z\u00e1pisn\u00edk nebo digit\u00e1ln\u00ed aplikace pro psan\u00ed den\u00edk\u016f &#8211; cokoli, co v\u00e1m p\u0159ijde spr\u00e1vn\u00e9. Nastaven\u00ed \u010dasu Vyhra\u010fte si na psan\u00ed den\u00edku ka\u017ed\u00fd den ur\u010dit\u00fd \u010das. M\u016f\u017ee to b\u00fdt r\u00e1no, abyste mohli jasn\u011b za\u010d\u00edt sv\u016fj den, nebo ve\u010der, abyste se zamysleli nad sv\u00fdmi z\u00e1\u017eitky. Vytvo\u0159en\u00ed ritu\u00e1lu Ne\u017e za\u010dnete, vytvo\u0159te si uklid\u0148uj\u00edc\u00ed ritu\u00e1l. M\u016f\u017ee to b\u00fdt pop\u00edjen\u00ed \u010daje, zap\u00e1len\u00ed sv\u00ed\u010dky nebo jen n\u011bkolik hlubok\u00fdch n\u00e1dech\u016f. St\u00e1hn\u011bte si zdarma m\u00e9 cvi\u010den\u00ed na sklenici vd\u011b\u010dnosti ZDE Pi\u0161te svobodn\u011b V terapii \u010dasopisem neexistuj\u00ed \u017e\u00e1dn\u00e1 pravidla. Pi\u0161te, co v\u00e1s napadne, bez posuzov\u00e1n\u00ed. Toto je v\u00e1\u0161 soukrom\u00fd prostor. Prozkoumat v\u00fdzvy Experimentujte s r\u016fzn\u00fdmi podn\u011bty, kter\u00e9 v\u00e1s nakopnou k psan\u00ed den\u00edku. Reflexivn\u00ed, expresivn\u00ed, c\u00edlev\u011bdom\u00e9 &#8211; mo\u017enost\u00ed je nekone\u010dn\u011b mnoho. D\u016fslednost je kl\u00ed\u010dov\u00e1 Sna\u017ete se o pravidelnost, ale nestresujte se t\u00edm. Jde o pokrok, ne o dokonalost P\u0159ijm\u011bte nedokonalost Ned\u011blejte si starosti s gramatikou nebo pravopisem. Tohle je pro v\u00e1s a nen\u00ed t\u0159eba to upravovat. P\u0159em\u00fd\u0161let a r\u016fst Pou\u017e\u00edvejte psan\u00ed den\u00edku jako n\u00e1stroj sebereflexe a osobn\u00edho r\u016fstu. Je to cesta a ka\u017ed\u00fd vstup je krokem vp\u0159ed. Typy podn\u011bt\u016f pro terapii v \u010dasopisech Ka\u017ed\u00fd typ podn\u011btu slou\u017e\u00ed jako jedine\u010dn\u00fd vstupn\u00ed bod do va\u0161eho vnit\u0159n\u00edho sv\u011bta a umo\u017e\u0148uje v\u00e1m prozkoumat r\u016fzn\u00e9 aspekty sebe sama a sv\u00fdch zku\u0161enost\u00ed. Reflexn\u00ed podn\u011bty Expresivn\u00ed v\u00fdzvy V\u00fdzvy zam\u011b\u0159en\u00e9 na c\u00edle Podn\u011bty k v\u0161\u00edmavosti Podn\u011bty k l\u00e9\u010den\u00ed 120 podn\u011bt\u016f k transforma\u010dn\u00ed terapii v den\u00edku Vyd\u00e1v\u00e1te se na cestu psan\u00ed den\u00edku? Zde je pokladnice podn\u011bt\u016f k sebepozn\u00e1n\u00ed a osobn\u00edmu r\u016fstu: Reflexn\u00ed podn\u011bty Expresivn\u00ed v\u00fdzvy V\u00fdzvy zam\u011b\u0159en\u00e9 na c\u00edle Podn\u011bty k v\u0161\u00edmavosti ST\u00c1HN\u011aTE SI ZDARMA PDF SE 120 PODN\u011aTY ZDE Podn\u011bty k l\u00e9\u010den\u00ed Dal\u0161\u00ed zdroje pro psan\u00ed den\u00edk\u016f Vydat se na cestu psan\u00ed den\u00edku je hluboce osobn\u00ed zku\u0161enost a spr\u00e1vn\u00e9 n\u00e1stroje a veden\u00ed mohou zv\u00fd\u0161it jej\u00ed dopad. Prozkoumejte n\u00e1sleduj\u00edc\u00ed zdroje a najd\u011bte si den\u00edky, podn\u011bty a aplikace , kter\u00e9 odpov\u00eddaj\u00ed va\u0161emu jedine\u010dn\u00e9mu stylu psan\u00ed den\u00edk\u016f a va\u0161im preferenc\u00edm. Knihy pro hlub\u0161\u00ed vhled Aplikace pro psan\u00ed den\u00edk\u016f pro zefektivn\u011bn\u00ed va\u0161\u00ed praxe Webov\u00e9 str\u00e1nky a komunity pro inspiraci \u010casto kladen\u00e9 ot\u00e1zky Zdroje Deaver, S. P., &amp; McAuliffe, G. (2009, 26. \u0159\u00edjna). Reflektivn\u00ed vizu\u00e1ln\u00ed den\u00edk b\u011bhem arteterapeutick\u00fdch a poradensk\u00fdch st\u00e1\u017e\u00ed: kvalitativn\u00ed studie. Reflective Practice, 10(5), 615-632. https:\/\/doi.org\/10.1080\/14623940903290687 Gibson, D. (2018, 3. dubna). Vizu\u00e1ln\u00ed rozhovor s traumatem: Vizu\u00e1ln\u00ed den\u00edk v arteterapii pro boj s vik\u00e1rn\u00edm traumatem. Art Therapy, 35(2), 99-103. https:\/\/doi.org\/10.1080\/07421656.2018.1483166 Connolly Baker, K., &amp; Mazza, N. (2004, z\u00e1\u0159\u00ed). L\u00e9\u010div\u00e1 s\u00edla psan\u00ed: uplatn\u011bn\u00ed expresivn\u00ed\/kreativn\u00ed slo\u017eky terapie poezi\u00ed. Journal of Poetry Therapy, 17(3), 141-154. https:\/\/doi.org\/10.1080\/08893670412331311352 Utley, A., &amp; Garza, Y. (2011, 18. b\u0159ezna). Terapeutick\u00e9 vyu\u017eit\u00ed den\u00edk\u016f u dosp\u00edvaj\u00edc\u00edch. Journal of Creativity in Mental Health, 6(1), 29-41. https:\/\/doi.org\/10.1080\/15401383.2011.557312 Miller, W. (2014, 1. ledna). Interaktivn\u00ed den\u00edk jako klinick\u00fd n\u00e1stroj. Journal of Mental Health Counseling, 36(1), 31-42. https:\/\/doi.org\/10.17744\/mehc.36.1.0k5v52l12540w218<\/p>\n","protected":false},"author":1,"featured_media":6566,"comment_status":"open","ping_status":"open","sticky":false,"template":"","format":"standard","meta":{"_eb_attr":"","cos_headline_score":0,"cos_seo_score":0,"cos_headline_text":"","cos_headline_has_been_analyzed":false,"cos_last_analyzed_headline":[],"_lmt_disableupdate":"","_lmt_disable":"","footnotes":""},"categories":[121],"tags":[],"ppma_author":[115],"modified_by":null,"acf":[],"authors":[{"term_id":115,"user_id":1,"is_guest":0,"slug":"lucie-pospechova92gmail-com","display_name":"Lucie Pospechova","avatar_url":"https:\/\/secure.gravatar.com\/avatar\/233d2c822e5d73b3ec29ee7289f7af27?s=96&d=mm&r=g","user_url":"http:\/\/luciepo.com","last_name":"Pospechova","first_name":"Lucie","description":"Hello, I'm Lucie, a 31-year-old advocate for personal development and holistic well-being. Through this blog, I share practical insights and inspiring stories to help you thrive in every aspect of your life. Let's embark on this transformative journey together. \r\nWarm regards, Lucie."}],"_links":{"self":[{"href":"https:\/\/luciepo.com\/cs\/wp-json\/wp\/v2\/posts\/9259"}],"collection":[{"href":"https:\/\/luciepo.com\/cs\/wp-json\/wp\/v2\/posts"}],"about":[{"href":"https:\/\/luciepo.com\/cs\/wp-json\/wp\/v2\/types\/post"}],"author":[{"embeddable":true,"href":"https:\/\/luciepo.com\/cs\/wp-json\/wp\/v2\/users\/1"}],"replies":[{"embeddable":true,"href":"https:\/\/luciepo.com\/cs\/wp-json\/wp\/v2\/comments?post=9259"}],"version-history":[{"count":1,"href":"https:\/\/luciepo.com\/cs\/wp-json\/wp\/v2\/posts\/9259\/revisions"}],"predecessor-version":[{"id":9261,"href":"https:\/\/luciepo.com\/cs\/wp-json\/wp\/v2\/posts\/9259\/revisions\/9261"}],"wp:featuredmedia":[{"embeddable":true,"href":"https:\/\/luciepo.com\/cs\/wp-json\/wp\/v2\/media\/6566"}],"wp:attachment":[{"href":"https:\/\/luciepo.com\/cs\/wp-json\/wp\/v2\/media?parent=9259"}],"wp:term":[{"taxonomy":"category","embeddable":true,"href":"https:\/\/luciepo.com\/cs\/wp-json\/wp\/v2\/categories?post=9259"},{"taxonomy":"post_tag","embeddable":true,"href":"https:\/\/luciepo.com\/cs\/wp-json\/wp\/v2\/tags?post=9259"},{"taxonomy":"author","embeddable":true,"href":"https:\/\/luciepo.com\/cs\/wp-json\/wp\/v2\/ppma_author?post=9259"}],"curies":[{"name":"wp","href":"https:\/\/api.w.org\/{rel}","templated":true}]}}