{"id":9161,"date":"2024-01-04T14:39:00","date_gmt":"2024-01-04T13:39:00","guid":{"rendered":"https:\/\/luciepo.com\/reflexion-sobre-mi-ultimo-ano-balance-de-fin-de-ano-en-2023\/"},"modified":"2024-03-04T19:17:20","modified_gmt":"2024-03-04T18:17:20","slug":"reflexion-sobre-mi-ultimo-ano-balance-de-fin-de-ano-en-2023","status":"publish","type":"post","link":"https:\/\/luciepo.com\/es\/reflexion-sobre-mi-ultimo-ano-balance-de-fin-de-ano-en-2023\/","title":{"rendered":"Reflexi\u00f3n sobre mi \u00faltimo a\u00f1o: Balance de fin de a\u00f1o en 2023"},"content":{"rendered":"\n<p>\u00a1Hola!<\/p>\n\n<p>A medida que el calendario va pasando sus \u00faltimas p\u00e1ginas, me encuentro haciendo lo que hago todos los a\u00f1os: tomarme <strong>un momento para pensar d\u00f3nde he estado y hacia d\u00f3nde me dirijo<\/strong> (tambi\u00e9n conocida como reflexi\u00f3n del a\u00f1o pasado). No se trata de hacer un mont\u00f3n de prop\u00f3sitos que olvidar\u00e9 en febrero, sino de fijarse <strong>metas reales y tangibles que cumplir<\/strong> <strong>.<\/strong><\/p>\n\n<p>Con el \u00e1nimo de ser realista, <strong>contar\u00e9 los altibajos, las lecciones aprendidas y las experiencias que me han llevado por nuevos derroteros<\/strong>. Somos s\u00f3lo t\u00fa y yo, y la verdad honesta de un a\u00f1o que pas\u00f3.  <\/p>\n\n<p>As\u00ed pues, <strong>hablemos de lo que significa cerrar un cap\u00edtulo y entrar suavemente en el siguiente, \u00bfde acuerdo?<\/strong><\/p>\n\n<div style=\"height:33px\" aria-hidden=\"true\" class=\"wp-block-spacer\"><\/div>\n\n<h2 id='mi-viaje-bloguero-la-exploraci\u00f3n-de-pinterest-y-la-superaci\u00f3n-de-retos'  id=\"boomdevs_1\" class=\"wp-block-heading\" ><strong>Mi viaje bloguero, la exploraci\u00f3n de Pinterest y la superaci\u00f3n de retos<\/strong><\/h2>\n\n<p>Empezar un blog puede parecer como enviar un mensaje en una botella al mar. Esperas que encuentre un p\u00fablico, pero no hay garant\u00edas. <strong>Mi aventura bloguera empez\u00f3 con una mezcla de esperanza y dudas<\/strong>, sobre todo cuando me un\u00ed a <strong>\n  <a href=\"https:\/\/www.lkmedia.cz\/\" data-type=\"link\" data-id=\"https:\/\/www.lkmedia.cz\/\" target=\"_blank\" rel=\"noopener\">LK media<\/a>\n<\/strong> (creado por <strong>\n  <a href=\"http:\/\/www.loudavymkrokem.cz\" data-type=\"link\" data-id=\"www.loudavymkrokem.cz\" target=\"_blank\" rel=\"noopener\">Lukas y Lucka<\/a>\n<\/strong>) y conect\u00e9 con la comunidad. Debo decir que este reto no consiste s\u00f3lo en escribir un blog, sino tambi\u00e9n en <strong>crear una red, compartir experiencias y aprender unos de otros, algo que considero absolutamente inestimable<\/strong>.<\/p>\n\n<div style=\"height:33px\" aria-hidden=\"true\" class=\"wp-block-spacer\"><\/div>\n\n<h3 id='los-primeros-d\u00edas-de-los-blogs'  id=\"boomdevs_2\" class=\"wp-block-heading\" >Los primeros d\u00edas de los blogs<\/h3>\n\n<p>Empezar un blog es como susurrar en un inmenso pasillo vac\u00edo y esperar que tu voz resuene. As\u00ed empez\u00f3 mi andadura bloguera. Imag\u00edname a m\u00ed, un bloguero novato, lleno de entusiasmo pero enfrentado a la desalentadora tarea de construir una audiencia desde cero. Era una mezcla de emoci\u00f3n y de &#8216;<strong>\n  <em>\u00bfqu\u00e9 demonios estoy haciendo?<\/em>\n<\/strong>&#8216;<\/p>\n\n<p>Cada entrada del blog me parec\u00eda una peque\u00f1a victoria, un peque\u00f1o paso en el vasto mundo de la narrativa digital. No me dirig\u00eda <strong>a una multitud<\/strong>; a veces parec\u00eda que me hablaba a m\u00ed misma. Pero, \u00bfno es <strong>ah\u00ed donde empiezan todas las cosas buenas?<\/strong> Desde reflexiones sobre la vida cotidiana a compartir las peculiaridades de la adaptaci\u00f3n a un nuevo pa\u00eds, mi blog se convirti\u00f3 en mi diario digital, un registro de mi viaje, abierto para que el mundo lo viera, o al menos para unas cuantas almas curiosas.<\/p>\n\n<div style=\"height:33px\" aria-hidden=\"true\" class=\"wp-block-spacer\"><\/div>\n\n<h3 id='un-mundo-de-inspiraci\u00f3n-en-pinterest'  id=\"boomdevs_3\" class=\"wp-block-heading\" >Un mundo de inspiraci\u00f3n en Pinterest<\/h3>\n\n<p>Simult\u00e1neamente, descubr\u00ed el poder de <strong>\n  <a href=\"https:\/\/www.pinterest.ca\/lucieposp\/\" data-type=\"link\" data-id=\"https:\/\/www.pinterest.ca\/lucieposp\/\" target=\"_blank\" rel=\"noopener\">Pinterest<\/a>\n<\/strong>no s\u00f3lo como <strong>fuente de inspiraci\u00f3n, sino como herramienta estrat\u00e9gica para atraer tr\u00e1fico a mi blog<\/strong>. Pinterest se convirti\u00f3 en mi storyboard visual, donde cada pin se seleccionaba cuidadosamente para que resonara con el tema de mi blog y atrajera a lectores afines. Fue un juego de estrategia y creatividad, aprendiendo los trucos del marketing en Pinterest, comprendiendo lo que llama la atenci\u00f3n y c\u00f3mo canalizar ese inter\u00e9s hacia mi blog.<\/p>\n\n<div style=\"height:33px\" aria-hidden=\"true\" class=\"wp-block-spacer\"><\/div>\n\n<h3 id='lo-que-he-aprendido-en-el-camino'  id=\"boomdevs_4\" class=\"wp-block-heading\" id=\"isPasted\" ><span class=\"ez-toc-section\" id=\"Lo_que_he_aprendido_en_el_camino\"><\/span>Lo que he aprendido en el camino<span class=\"ez-toc-section-end\"><\/span><\/h3>\n\n<ol id=\"isPasted\">\n<li><strong>Encontrar tu huella digital<\/strong>: El reto de los blogs fue una lecci\u00f3n de presencia digital, que me ense\u00f1\u00f3 a comunicarme y conectarme eficazmente en el mundo online.<\/li>\n\n\n\n<li><strong>Pinterest como aliado de las empresas<\/strong>: La utilizaci\u00f3n de Pinterest con fines empresariales revel\u00f3 el potencial de las redes sociales m\u00e1s all\u00e1 de compartir y dar &#8220;me gusta&#8221;: es una poderosa herramienta de participaci\u00f3n y crecimiento.<\/li>\n<\/ol>\n\n<div style=\"height:33px\" aria-hidden=\"true\" class=\"wp-block-spacer\"><\/div>\n\n<h2 id='creatividad-digital-lanzamiento-de-productos-digitales'  id=\"boomdevs_5\" class=\"wp-block-heading\" ><strong>Creatividad digital &#8211; Lanzamiento de productos digitales<\/strong><\/h2>\n\n<p>Sumergirme en el mundo de los productos digitales ha sido como <strong>abrir una puerta a una habitaci\u00f3n llena de posibilidades que no sab\u00eda que exist\u00edan<\/strong>. Este a\u00f1o,  <strong>Decid\u00ed canalizar mi energ\u00eda creativa en algo tangible<\/strong> (bueno, digitalmente tangible) <strong> e incre\u00edblemente personal.<\/strong> Ya no me limitaba a compartir pensamientos a trav\u00e9s de mi blog, sino que <strong>estaba creando herramientas que realmente pod\u00edan marcar la diferencia en la vida cotidiana de alguien.<\/strong> Y as\u00ed, mi viaje en la creaci\u00f3n de un <a href=\"https:\/\/shop.beacons.ai\/luciepo\/0666734d-7e6d-414b-9dad-aadea0c56c4c\" target=\"_blank\" rel=\"noopener\">\n  <strong>diario de gratitud<\/strong>\n<\/a>, a <a href=\"https:\/\/luciepo.com\/productivityplanner\">\n  <strong>planificador de productividad<\/strong>\n<\/a>y una <a href=\"https:\/\/shop.beacons.ai\/luciepo\/c388146f-cfcf-4c94-ae7b-287034c7326a?pageViewSource=lib_view&amp;referrer=https%3A%2F%2Fbeacons.ai%2Fluciepo\" target=\"_blank\" rel=\"noopener\">\n  <strong>colecci\u00f3n de citas de amor propio<\/strong>\n<\/a> comenz\u00f3.<\/p>\n\n<div style=\"height:33px\" aria-hidden=\"true\" class=\"wp-block-spacer\"><\/div>\n<div class=\"wp-block-image\">\n<figure class=\"aligncenter size-large\"><a href=\"https:\/\/shop.beacons.ai\/luciepo\/0666734d-7e6d-414b-9dad-aadea0c56c4c\" target=\"_blank\" rel=\"noopener\"><img decoding=\"async\" loading=\"lazy\" width=\"682\" height=\"1024\" src=\"https:\/\/luciepo.com\/wp-content\/uploads\/2024\/01\/lat-year-reflection-682x1024.jpg\" alt=\"Diario de gratitud de 5 minutos\" class=\"wp-image-4768\" srcset=\"https:\/\/luciepo.com\/wp-content\/uploads\/2024\/01\/lat-year-reflection-682x1024.jpg 682w, https:\/\/luciepo.com\/wp-content\/uploads\/2024\/01\/lat-year-reflection-200x300.jpg 200w, https:\/\/luciepo.com\/wp-content\/uploads\/2024\/01\/lat-year-reflection-768x1152.jpg 768w, https:\/\/luciepo.com\/wp-content\/uploads\/2024\/01\/lat-year-reflection-1024x1536.jpg 1024w, https:\/\/luciepo.com\/wp-content\/uploads\/2024\/01\/lat-year-reflection-1140x1710.jpg 1140w, https:\/\/luciepo.com\/wp-content\/uploads\/2024\/01\/lat-year-reflection.jpg 1333w\" sizes=\"(max-width: 682px) 100vw, 682px\" \/><\/a><\/figure><\/div>\n<div style=\"height:33px\" aria-hidden=\"true\" class=\"wp-block-spacer\"><\/div>\n\n<h3 id='de-la-idea-a-la-realidad'  id=\"boomdevs_6\" class=\"wp-block-heading\" ><span class=\"ez-toc-section\" id=\"De_la_idea_a_la_realidad\"><\/span>De la idea a la realidad<span class=\"ez-toc-section-end\"><\/span><\/h3>\n\n<p>La idea surgi\u00f3 de mis propias necesidades y experiencias. Me pregunt\u00e9: &#8220;<em>\n  <strong>\u00bfQu\u00e9 herramientas mejorar\u00edan mi vida?<\/strong>\n<\/em>&#8221; La respuesta estaba clara: algo para cultivar la gratitud, impulsar la productividad y fomentar el amor propio. As\u00ed es como el <strong>\n  <a href=\"https:\/\/shop.beacons.ai\/luciepo\/0666734d-7e6d-414b-9dad-aadea0c56c4c\" data-type=\"link\" data-id=\"https:\/\/shop.beacons.ai\/luciepo\/0666734d-7e6d-414b-9dad-aadea0c56c4c\" target=\"_blank\" rel=\"noopener\">diario de gratitud<\/a>\n<\/strong>, <strong>\n  <a href=\"https:\/\/luciepo.com\/productivityplanner\" data-type=\"link\" data-id=\"https:\/\/luciepo.com\/productivityplanner\">planificador de productividad<\/a>\n<\/strong>y <strong>\n  <a href=\"https:\/\/shop.beacons.ai\/luciepo\/c388146f-cfcf-4c94-ae7b-287034c7326a?pageViewSource=lib_view&amp;referrer=https%3A%2F%2Fbeacons.ai%2Fluciepo\" data-type=\"link\" data-id=\"https:\/\/shop.beacons.ai\/luciepo\/c388146f-cfcf-4c94-ae7b-287034c7326a?pageViewSource=lib_view&amp;referrer=https%3A%2F%2Fbeacons.ai%2Fluciepo\" target=\"_blank\" rel=\"noopener\">citas de amor propio<\/a>\n<\/strong> y citas de amor propio. Cada producto era algo m\u00e1s que un art\u00edculo:<strong> era un trozo de mi viaje, una ofrenda de las lecciones que he aprendido.<\/strong><\/p>\n\n<div style=\"height:33px\" aria-hidden=\"true\" class=\"wp-block-spacer\"><\/div>\n\n<h3 id='el-proceso-creativo'  id=\"boomdevs_7\" class=\"wp-block-heading\" ><span class=\"ez-toc-section\" id=\"El_proceso_creativo\"><\/span>El proceso creativo<span class=\"ez-toc-section-end\"><\/span><\/h3>\n\n<p>Seamos realistas, <strong>el proceso no fue del todo f\u00e1cil<\/strong>. Hab\u00eda que trasnochar, retocar sin parar y aprender a manejar programas de dise\u00f1o (que, por cierto, pueden ser tan complicados como intentar resolver un cubo de Rubik en la oscuridad). Pero <strong>cada paso, cada reto, formaba parte de la aventura creativa<\/strong>. Aprend\u00ed sobre est\u00e9tica, funcionalidad y el delicado equilibrio entre lo que queda bien y lo que funciona bien.<\/p>\n\n<div style=\"height:33px\" aria-hidden=\"true\" class=\"wp-block-spacer\"><\/div>\n<div class=\"wp-block-image\">\n<figure class=\"aligncenter size-large\"><a href=\"https:\/\/luciepo.com\/productivityplanner\"><img decoding=\"async\" loading=\"lazy\" width=\"1024\" height=\"1024\" src=\"https:\/\/luciepo.com\/wp-content\/uploads\/2024\/01\/last-year-reflection-6-1024x1024.jpg\" alt=\"planificador de productividad\" class=\"wp-image-4769\" srcset=\"https:\/\/luciepo.com\/wp-content\/uploads\/2024\/01\/last-year-reflection-6-1024x1024.jpg 1024w, https:\/\/luciepo.com\/wp-content\/uploads\/2024\/01\/last-year-reflection-6-300x300.jpg 300w, https:\/\/luciepo.com\/wp-content\/uploads\/2024\/01\/last-year-reflection-6-150x150.jpg 150w, https:\/\/luciepo.com\/wp-content\/uploads\/2024\/01\/last-year-reflection-6-768x768.jpg 768w, https:\/\/luciepo.com\/wp-content\/uploads\/2024\/01\/last-year-reflection-6-70x70.jpg 70w, https:\/\/luciepo.com\/wp-content\/uploads\/2024\/01\/last-year-reflection-6-75x75.jpg 75w, https:\/\/luciepo.com\/wp-content\/uploads\/2024\/01\/last-year-reflection-6.jpg 1080w\" sizes=\"(max-width: 1024px) 100vw, 1024px\" \/><\/a><\/figure><\/div>\n<div style=\"height:33px\" aria-hidden=\"true\" class=\"wp-block-spacer\"><\/div>\n\n<h3 id='darles-vida'  id=\"boomdevs_8\" class=\"wp-block-heading\" ><span class=\"ez-toc-section\" id=\"Darles_vida\"><\/span>Darles vida<span class=\"ez-toc-section-end\"><\/span><\/h3>\n\n<p>Ver el <strong>\n  <a href=\"https:\/\/shop.beacons.ai\/luciepo\/0666734d-7e6d-414b-9dad-aadea0c56c4c\" data-type=\"link\" data-id=\"https:\/\/shop.beacons.ai\/luciepo\/0666734d-7e6d-414b-9dad-aadea0c56c4c\" target=\"_blank\" rel=\"noopener\">diario de gratitud<\/a>\n<\/strong>, <strong>\n  <a href=\"https:\/\/luciepo.com\/productivityplanner\" data-type=\"link\" data-id=\"https:\/\/luciepo.com\/productivityplanner\">planificador de productividad<\/a>\n<\/strong>y <strong>\n  <a href=\"https:\/\/shop.beacons.ai\/luciepo\/c388146f-cfcf-4c94-ae7b-287034c7326a?pageViewSource=lib_view&amp;referrer=https%3A%2F%2Fbeacons.ai%2Fluciepo\" data-type=\"link\" data-id=\"https:\/\/shop.beacons.ai\/luciepo\/c388146f-cfcf-4c94-ae7b-287034c7326a?pageViewSource=lib_view&amp;referrer=https%3A%2F%2Fbeacons.ai%2Fluciepo\" target=\"_blank\" rel=\"noopener\">citas de amor propio<\/a>\n<\/strong> fue un momento de pura alegr\u00eda. Fue como ver a mis beb\u00e9s digitales dar sus primeros pasos. El <strong>\n  <a href=\"https:\/\/shop.beacons.ai\/luciepo\/0666734d-7e6d-414b-9dad-aadea0c56c4c\" data-type=\"link\" data-id=\"https:\/\/shop.beacons.ai\/luciepo\/0666734d-7e6d-414b-9dad-aadea0c56c4c\" target=\"_blank\" rel=\"noopener\">diario de gratitud<\/a>\n<\/strong> fue dise\u00f1ado <strong>para fomentar la reflexi\u00f3n diaria<\/strong>, el <strong>\n  <a href=\"https:\/\/luciepo.com\/productivityplanner\" data-type=\"link\" data-id=\"https:\/\/luciepo.com\/productivityplanner\">planificador de productividad<\/a>\n<\/strong> para <strong>ayudar a organizar el caos de la vida<\/strong> cotidiana, y las <strong>\n  <a href=\"https:\/\/shop.beacons.ai\/luciepo\/c388146f-cfcf-4c94-ae7b-287034c7326a?pageViewSource=lib_view&amp;referrer=https%3A%2F%2Fbeacons.ai%2Fluciepo\" data-type=\"link\" data-id=\"https:\/\/shop.beacons.ai\/luciepo\/c388146f-cfcf-4c94-ae7b-287034c7326a?pageViewSource=lib_view&amp;referrer=https%3A%2F%2Fbeacons.ai%2Fluciepo\" target=\"_blank\" rel=\"noopener\">citas de amor propio<\/a>\n<\/strong> para <strong>recordar la autoestima y el cuidado de uno mismo.<\/strong><\/p>\n\n<div style=\"height:33px\" aria-hidden=\"true\" class=\"wp-block-spacer\"><\/div>\n\n<p class=\"has-background\" style=\"background-color:#f4eafe\"><strong>P.D. Tambi\u00e9n he creado varios productos gratuitos que son muy populares &#8211; puedes verlos <a href=\"http:\/\/www.luciepo.com\/links\" data-type=\"link\" data-id=\"www.luciepo.com\/links\">AQU\u00cd<\/a>.  <\/strong><\/p>\n\n<div style=\"height:33px\" aria-hidden=\"true\" class=\"wp-block-spacer\"><\/div>\n\n<h3 id='lecciones-aprendidas'  id=\"boomdevs_9\" class=\"wp-block-heading\" id=\"isPasted\" ><span class=\"ez-toc-section\" id=\"Lecciones_aprendidas\"><\/span>Lecciones aprendidas<span class=\"ez-toc-section-end\"><\/span><\/h3>\n\n<ol id=\"isPasted\">\n<li>La <strong>creatividad tiene muchas formas<\/strong>: Este viaje me ense\u00f1\u00f3 que <strong>la creatividad no se limita a palabras o im\u00e1genes<\/strong>; puede ser una herramienta para ayudar a los dem\u00e1s a llevar una vida mejor.<\/li>\n\n\n\n<li>Paciencia <strong>y perseverancia<\/strong>: Crear algo desde cero <strong>requiere paciencia y la voluntad de seguir adelante, incluso cuando las cosas se ponen dif\u00edciles.<\/strong><\/li>\n\n\n\n<li><strong>La alegr\u00eda de compartir<\/strong>: <strong>Crear algo que otros encuentran valioso y \u00fatil en sus vidas es un placer \u00fanico.<\/strong><\/li>\n<\/ol>\n\n<div style=\"height:33px\" aria-hidden=\"true\" class=\"wp-block-spacer\"><\/div>\n<div class=\"wp-block-image is-style-default\">\n<figure class=\"aligncenter size-large\"><a href=\"https:\/\/shop.beacons.ai\/luciepo\/c388146f-cfcf-4c94-ae7b-287034c7326a?pageViewSource=lib_view&amp;referrer=https%3A%2F%2Fbeacons.ai%2Fluciepo\" target=\"_blank\" rel=\"noopener\"><img decoding=\"async\" loading=\"lazy\" width=\"683\" height=\"1024\" src=\"https:\/\/luciepo.com\/wp-content\/uploads\/2024\/01\/last-year-reflection-7-683x1024.jpg\" alt=\"citas de amor propio\" class=\"wp-image-4770\" srcset=\"https:\/\/luciepo.com\/wp-content\/uploads\/2024\/01\/last-year-reflection-7-683x1024.jpg 683w, https:\/\/luciepo.com\/wp-content\/uploads\/2024\/01\/last-year-reflection-7-200x300.jpg 200w, https:\/\/luciepo.com\/wp-content\/uploads\/2024\/01\/last-year-reflection-7-768x1152.jpg 768w, https:\/\/luciepo.com\/wp-content\/uploads\/2024\/01\/last-year-reflection-7.jpg 1000w\" sizes=\"(max-width: 683px) 100vw, 683px\" \/><\/a><\/figure><\/div>\n<div style=\"height:33px\" aria-hidden=\"true\" class=\"wp-block-spacer\"><\/div>\n\n<h2 id='fitness-y-bienestar-una-nueva-pasi\u00f3n'  id=\"boomdevs_10\" class=\"wp-block-heading\" ><strong>Fitness y bienestar: una nueva pasi\u00f3n<\/strong><\/h2>\n\n<p>Si hace un a\u00f1o me hubieran dicho que me enamorar\u00eda perdidamente de una rutina de fitness, me habr\u00eda re\u00eddo. Pero aqu\u00ed estoy, un nuevo devoto de <strong>\n  <a href=\"https:\/\/www.lesmills.com\/workouts\/fitness-classes\/bodypump\/\" data-type=\"link\" data-id=\"https:\/\/www.lesmills.com\/workouts\/fitness-classes\/bodypump\/\" target=\"_blank\" rel=\"noopener\">BodyPump<\/a>\n<\/strong>y<strong> no s\u00f3lo ha cambiado mi cuerpo, sino tambi\u00e9n mi forma de ver el bienestar.<\/strong><\/p>\n\n<div style=\"height:33px\" aria-hidden=\"true\" class=\"wp-block-spacer\"><\/div>\n\n<h3 id='descubrir-bodypump'  id=\"boomdevs_11\" class=\"wp-block-heading\" ><span class=\"ez-toc-section\" id=\"Descubrir_BodyPump\"><\/span>Descubrir BodyPump<span class=\"ez-toc-section-end\"><\/span><\/h3>\n\n<p><strong>Todo empez\u00f3 con una simple decisi\u00f3n de probar algo nuevo para mis objetivos de fitness<\/strong>. Entre en <strong>\n  <a href=\"https:\/\/www.lesmills.com\/workouts\/fitness-classes\/bodypump\/\" data-type=\"link\" data-id=\"https:\/\/www.lesmills.com\/workouts\/fitness-classes\/bodypump\/\" target=\"_blank\" rel=\"noopener\">BodyPump<\/a>\n<\/strong> &#8211; un mundo donde las pesas se unen al ritmo y el sudor a la satisfacci\u00f3n. <strong>Desde la primera sesi\u00f3n, me enganch\u00e9.<\/strong> Hay algo en la combinaci\u00f3n de m\u00fasica, movimiento y una sensaci\u00f3n de lucha compartida que lo convierte en algo m\u00e1s que un simple ejercicio: es <strong>un reto estimulante<\/strong>. Cada sentadilla, prensa y levantamiento era un paso hacia un yo m\u00e1s fuerte.<\/p>\n\n<div style=\"height:33px\" aria-hidden=\"true\" class=\"wp-block-spacer\"><\/div>\n<div class=\"wp-block-image\">\n<figure class=\"aligncenter size-large\"><img decoding=\"async\" loading=\"lazy\" width=\"576\" height=\"1024\" src=\"https:\/\/luciepo.com\/wp-content\/uploads\/2024\/01\/last-year-reflection-4-576x1024.jpg\" alt=\"Respuestas a la reflexi&#xF3;n de final de a&#xF1;o\" class=\"wp-image-4766\" srcset=\"https:\/\/luciepo.com\/wp-content\/uploads\/2024\/01\/last-year-reflection-4-576x1024.jpg 576w, https:\/\/luciepo.com\/wp-content\/uploads\/2024\/01\/last-year-reflection-4-169x300.jpg 169w, https:\/\/luciepo.com\/wp-content\/uploads\/2024\/01\/last-year-reflection-4-768x1365.jpg 768w, https:\/\/luciepo.com\/wp-content\/uploads\/2024\/01\/last-year-reflection-4-864x1536.jpg 864w, https:\/\/luciepo.com\/wp-content\/uploads\/2024\/01\/last-year-reflection-4-1140x2027.jpg 1140w, https:\/\/luciepo.com\/wp-content\/uploads\/2024\/01\/last-year-reflection-4.jpg 1152w\" sizes=\"(max-width: 576px) 100vw, 576px\" \/><\/figure><\/div>\n<div style=\"height:33px\" aria-hidden=\"true\" class=\"wp-block-spacer\"><\/div>\n\n<h3 id='m\u00e1s-que-salud-f\u00edsica'  id=\"boomdevs_12\" class=\"wp-block-heading\" >M\u00e1s que salud f\u00edsica<\/h3>\n\n<p><strong>\n  <a href=\"https:\/\/www.lesmills.com\/workouts\/fitness-classes\/bodypump\/\" data-type=\"link\" data-id=\"https:\/\/www.lesmills.com\/workouts\/fitness-classes\/bodypump\/\" target=\"_blank\" rel=\"noopener\">BodyPump<\/a>\n<\/strong> se convirti\u00f3 en algo <strong>m\u00e1s que un entrenamiento<\/strong>: se convirti\u00f3 en <strong>un ritual.<\/strong> No se trataba solo de estar en forma, sino <strong>de sacar tiempo para m\u00ed y dedicar esas horas \u00fanicamente a mi bienestar<\/strong>. Este compromiso con la forma f\u00edsica me aport\u00f3 un beneficio inesperado: <strong>me ayud\u00f3 a racionalizar mi rutina diaria<\/strong>. De repente, <strong>me encontr\u00e9 gestionando mejor mi tiempo,<\/strong> reduciendo <strong>las actividades improductivas<\/strong> y <strong>centr\u00e1ndome m\u00e1s en lo que a\u00f1ade valor a mi vida,<\/strong> como la salud y el bienestar.<\/p>\n\n<div style=\"height:33px\" aria-hidden=\"true\" class=\"wp-block-spacer\"><\/div>\n\n<h3 id='el-impacto-en-mi-vida'  id=\"boomdevs_13\" class=\"wp-block-heading\" ><span class=\"ez-toc-section\" id=\"El_impacto_en_mi_vida\"><\/span>El impacto en mi vida<span class=\"ez-toc-section-end\"><\/span><\/h3>\n\n<p>El viaje con <strong>\n  <a href=\"https:\/\/www.lesmills.com\/workouts\/fitness-classes\/bodypump\/\" data-type=\"link\" data-id=\"https:\/\/www.lesmills.com\/workouts\/fitness-classes\/bodypump\/\" target=\"_blank\" rel=\"noopener\">BodyPump<\/a>\n<\/strong> <strong>ha sido transformador<\/strong>. No se trata s\u00f3lo de la fuerza f\u00edsica que he adquirido, sino de <strong>la claridad mental y la disciplina que me han acompa\u00f1ado<\/strong>. Cada sesi\u00f3n es un recordatorio de que soy<strong> capaz de superar mis l\u00edmites y alcanzar mis objetivos, tanto dentro como fuera del gimnasio.<\/strong><\/p>\n\n<div style=\"height:33px\" aria-hidden=\"true\" class=\"wp-block-spacer\"><\/div>\n\n<h3 id='informaci\u00f3n-clave'  id=\"boomdevs_14\" class=\"wp-block-heading\" id=\"isPasted\" >Informaci\u00f3n clave<\/h3>\n\n<ol id=\"isPasted\">\n<li><strong>El fitness como estilo de vida<\/strong>: <strong>\n  <a href=\"https:\/\/www.lesmills.com\/workouts\/fitness-classes\/bodypump\/\" data-type=\"link\" data-id=\"https:\/\/www.lesmills.com\/workouts\/fitness-classes\/bodypump\/\" target=\"_blank\" rel=\"noopener\">BodyPump<\/a>\n<\/strong> me ense\u00f1\u00f3 que el fitness es m\u00e1s que una actividad; es <strong>una elecci\u00f3n de estilo de vida que afecta a cada parte de tu d\u00eda.<\/strong><\/li>\n\n\n\n<li><strong>El poder de la rutina<\/strong>: Adoptar esta nueva rutina de fitness me mostr\u00f3 <strong>c\u00f3mo un enfoque estructurado de la salud puede conducir a menos p\u00e9rdidas de tiempo y a momentos m\u00e1s productivos y de calidad.<\/strong><\/li>\n\n\n\n<li><strong>Bienestar m\u00e1s all\u00e1 de lo f\u00edsico<\/strong>: Este viaje ha tenido <strong>que ver tanto con el bienestar mental y emocional como con la salud f\u00edsica.<\/strong><\/li>\n<\/ol>\n\n<div style=\"height:33px\" aria-hidden=\"true\" class=\"wp-block-spacer\"><\/div>\n\n<h2 id='triunfo-en-medio-de-las-pruebas-aprobar-el-ielts'  id=\"boomdevs_15\" class=\"wp-block-heading\" ><span class=\"ez-toc-section\" id=\"Triunfo_en_medio_de_las_pruebas_aprobar_el_IELTS\"><\/span><strong>Triunfo en medio de las pruebas: aprobar el IELTS<\/strong><span class=\"ez-toc-section-end\"><\/span><\/h2>\n\n<p>Durante uno de los tramos m\u00e1s dif\u00edciles del a\u00f1o, logr\u00e9 <strong>algo que se convirti\u00f3 en un triunfo personal<\/strong>: aprobar el IELTS con excelentes resultados. En medio del torbellino de trabajo, blogs y trastornos personales, preparar este examen fue como aferrarse a un salvavidas de normalidad. Las horas de estudio, aunque agotadoras, aportaron <strong>un sentido de prop\u00f3sito y concentraci\u00f3n que hac\u00eda mucha falta<\/strong>. Cuando llegaron los resultados, no se trataba solo de aprobar un examen; <strong>era un recordatorio muy necesario de mi resistencia y capacidad, un faro de \u00e9xito en un periodo tormentoso.<\/strong><\/p>\n\n<div style=\"height:33px\" aria-hidden=\"true\" class=\"wp-block-spacer\"><\/div>\n<div class=\"wp-block-image\">\n<figure class=\"aligncenter size-large\"><img decoding=\"async\" loading=\"lazy\" width=\"576\" height=\"1024\" src=\"https:\/\/luciepo.com\/wp-content\/uploads\/2024\/01\/last-year-reflection-5-576x1024.jpg\" alt=\"mi reflexi&#xF3;n de fin de a&#xF1;o\" class=\"wp-image-4767\" srcset=\"https:\/\/luciepo.com\/wp-content\/uploads\/2024\/01\/last-year-reflection-5-576x1024.jpg 576w, https:\/\/luciepo.com\/wp-content\/uploads\/2024\/01\/last-year-reflection-5-169x300.jpg 169w, https:\/\/luciepo.com\/wp-content\/uploads\/2024\/01\/last-year-reflection-5-768x1365.jpg 768w, https:\/\/luciepo.com\/wp-content\/uploads\/2024\/01\/last-year-reflection-5-864x1536.jpg 864w, https:\/\/luciepo.com\/wp-content\/uploads\/2024\/01\/last-year-reflection-5-1140x2027.jpg 1140w, https:\/\/luciepo.com\/wp-content\/uploads\/2024\/01\/last-year-reflection-5.jpg 1152w\" sizes=\"(max-width: 576px) 100vw, 576px\" \/><figcaption class=\"wp-element-caption\">Realidad de la preparaci\u00f3n del IELTS<\/figcaption><\/figure><\/div>\n<div style=\"height:33px\" aria-hidden=\"true\" class=\"wp-block-spacer\"><\/div>\n\n<h3 id='principales-conclusiones'  id=\"boomdevs_16\" class=\"wp-block-heading\" id=\"isPasted\" ><span class=\"ez-toc-section\" id=\"Principales_conclusiones\"><\/span>Principales conclusiones<span class=\"ez-toc-section-end\"><\/span><\/h3>\n\n<ol id=\"isPasted\">\n<li>La resiliencia <strong>es la clave<\/strong>: Esta experiencia me ense\u00f1\u00f3 que <strong>la resiliencia no consiste solo en aguantar, sino tambi\u00e9n en encontrar la fuerza en los desaf\u00edos.<\/strong><\/li>\n\n\n\n<li>La <strong>preparaci\u00f3n<\/strong> merece la pena: La <strong>rigurosa preparaci\u00f3n vali\u00f3 la pena cada minuto<\/strong>. Reforz\u00f3 la idea de que <strong>no hay atajos para el \u00e9xito<\/strong>.<\/li>\n\n\n\n<li><strong>Celebrar las peque\u00f1as victorias<\/strong>: Aprobar el IELTS fue <strong>un recordatorio para celebrar cada logro<\/strong>, grande o peque\u00f1o, <strong>especialmente cuando los tiempos son dif\u00edciles<\/strong>.<\/li>\n<\/ol>\n\n<div style=\"height:33px\" aria-hidden=\"true\" class=\"wp-block-spacer\"><\/div>\n\n<h2 id='el-arte-de-decir-no-c\u00f3mo-poner-l\u00edmites-para-ser-m\u00e1s-saludable'  id=\"boomdevs_17\" class=\"wp-block-heading\" ><strong>El arte de decir no &#8211; C\u00f3mo poner l\u00edmites para ser m\u00e1s saludable<\/strong><\/h2>\n\n<p>Este \u00faltimo a\u00f1o ha sido una clase magistral de una <strong>habilidad que no sab\u00eda que necesitaba tan desesperadamente<\/strong>: el arte de decir &#8220;no&#8221;. Parece sencillo, pero para alguien que siempre ha sido una persona de &#8220;s\u00ed&#8221;, <strong>aprender a poner l\u00edmites ha sido revolucionario para mi equilibrio entre la vida laboral y personal y para mi salud mental.<\/strong><\/p>\n\n<div style=\"height:33px\" aria-hidden=\"true\" class=\"wp-block-spacer\"><\/div>\n\n<h3 id='aprender-a-priorizar'  id=\"boomdevs_18\" class=\"wp-block-heading\" ><span class=\"ez-toc-section\" id=\"Aprender_a_priorizar\"><\/span>Aprender a priorizar<span class=\"ez-toc-section-end\"><\/span><\/h3>\n\n<p>El viaje comenz\u00f3 con una toma de conciencia: <strong>No puedo hacerlo todo.<\/strong> Decir &#8220;s\u00ed&#8221; a cada petici\u00f3n, a cada oportunidad, se sent\u00eda como una obligaci\u00f3n. Pero al hacerlo, me estaba exigiendo demasiado <strong>, lo que me llevaba al agotamiento<\/strong> <strong>y al estr\u00e9s.<\/strong> Hab\u00eda llegado el <strong>momento de replantearme mis prioridades y comprender que decir &#8220;no&#8221; no es ego\u00edsta, sino<\/strong> necesario. Se trata <strong>de respetar mi tiempo y mis necesidades<\/strong>.<\/p>\n\n<div style=\"height:33px\" aria-hidden=\"true\" class=\"wp-block-spacer\"><\/div>\n\n<h3 id='repercusiones-en-el-equilibrio-entre-vida-profesional-y-vida-privada'  id=\"boomdevs_19\" class=\"wp-block-heading\" ><span class=\"ez-toc-section\" id=\"Repercusiones_en_el_equilibrio_entre_vida_profesional_y_vida_privada\"><\/span>Repercusiones en el equilibrio entre vida profesional y vida privada<span class=\"ez-toc-section-end\"><\/span><\/h3>\n\n<p>Cuando empec\u00e9 a decir &#8220;no&#8221; a las reuniones innecesarias, a las exigencias de \u00faltima hora, a las reuniones sociales que me agotaban en lugar de darme energ\u00eda, <strong>ocurri\u00f3 algo incre\u00edble.<\/strong> Encontr\u00e9 <strong>m\u00e1s tiempo para las cosas que me importaban<\/strong>: <strong>mi salud, mis aficiones y pasar tiempo de calidad con mis seres queridos<\/strong>.  <strong>Mi conciliaci\u00f3n de la vida laboral y familiar mejor\u00f3 notablemente, al igual que mi salud mental<\/strong>. Al dejar de estar abrumada por una marea incesante de compromisos, pod\u00eda respirar m\u00e1s tranquila y centrarme mejor en mis objetivos personales y profesionales.<\/p>\n\n<div style=\"height:33px\" aria-hidden=\"true\" class=\"wp-block-spacer\"><\/div>\n\n<h3 id='un-a\u00f1o-de-crecimiento-personal'  id=\"boomdevs_20\" class=\"wp-block-heading\" >Un a\u00f1o de crecimiento personal<\/h3>\n\n<p>Este cambio de mentalidad fue la piedra angular de mi crecimiento personal a lo largo del a\u00f1o. <strong>Poner l\u00edmites se convirti\u00f3 en sin\u00f3nimo de autocuidado<\/strong>. Se trataba de <strong>tomar decisiones conscientes que estuvieran en consonancia con mi bienestar y mis objetivos a largo plazo.<\/strong> Aprender a decir &#8220;no&#8221; <strong>significaba decir &#8220;s\u00ed&#8221; a una vida m\u00e1s sana y equilibrada.<\/strong><br\/><\/p>\n\n<h3 id='principales-conclusiones-1'  id=\"boomdevs_21\" class=\"wp-block-heading\" id=\"isPasted\" ><span class=\"ez-toc-section\" id=\"Principales_conclusiones-2\"><\/span>Principales conclusiones<span class=\"ez-toc-section-end\"><\/span><\/h3>\n\n<ol id=\"isPasted\">\n<li><strong>Decir no es cuidarse<\/strong>: Aprend\u00ed que decir &#8220;no&#8221; puede ser un <strong>profundo acto de cuidado y respeto de uno mismo.<\/strong><\/li>\n\n\n\n<li><strong>Calidad sobre cantidad<\/strong>: Al centrarme en lo que de verdad importa, <strong>descubr\u00ed que la calidad de mis compromisos, mi trabajo y mis relaciones mejoraba.<\/strong><\/li>\n\n\n\n<li>El poder <strong>de elegir<\/strong>: <strong>elegir a qu\u00e9 dedicar la energ\u00eda y el tiempo da poder.<\/strong><\/li>\n<\/ol>\n\n<div style=\"height:33px\" aria-hidden=\"true\" class=\"wp-block-spacer\"><\/div>\n\n<h2 id='el-salto-de-fe-dejar-mi-trabajo-y-mudarme-a-canad\u00e1'  id=\"boomdevs_22\" class=\"wp-block-heading\" ><strong>El salto de fe: dejar mi trabajo y mudarme a Canad\u00e1  <\/strong><\/h2>\n\n<p>Tomar una decisi\u00f3n que pone el mundo patas arriba tiene algo de aterrador y estimulante a la vez. Para m\u00ed, <strong>ese momento lleg\u00f3 cuando decid\u00ed dejar mi trabajo<\/strong>. Imag\u00ednese esto: un d\u00eda normal en la oficina, luces fluorescentes zumbando por encima, y yo, mirando la pantalla del ordenador, <strong>d\u00e1ndome cuenta de que estaba listo para un cambio.<\/strong><\/p>\n\n<div style=\"height:33px\" aria-hidden=\"true\" class=\"wp-block-spacer\"><\/div>\n\n<h3 id='por-qu\u00e9-me-fui'  id=\"boomdevs_23\" class=\"wp-block-heading\" >Por qu\u00e9 me fui<\/h3>\n\n<p>No fue una decisi\u00f3n improvisada. Llevaba <strong>un tiempo<\/strong>sintiendo la sensaci\u00f3n de que no estaba <strong>donde deb\u00eda estar. <\/strong>El trabajo estaba bien, pero s\u00f3lo bien. Y en mi coraz\u00f3n, <strong>sab\u00eda que quer\u00eda algo m\u00e1s que estar bien<\/strong>. Quer\u00eda perseguir una vida que me hiciera saltar de la cama por las ma\u00f1anas, no una que me tuviera d\u00e1ndole al snooze.<\/p>\n\n<div style=\"height:33px\" aria-hidden=\"true\" class=\"wp-block-spacer\"><\/div>\n\n<h3 id='la-gran-mudanza'  id=\"boomdevs_24\" class=\"wp-block-heading\" ><span class=\"ez-toc-section\" id=\"La_gran_mudanza\"><\/span>La gran mudanza<span class=\"ez-toc-section-end\"><\/span><\/h3>\n\n<p><strong>La elecci\u00f3n de Canad\u00e1 no fue aleatoria.  <\/strong>Siempre me han atra\u00eddo sus impresionantes paisajes y su cultura acogedora. Adem\u00e1s, Calgary parec\u00eda la mezcla perfecta de vida urbana y naturaleza. La idea de estar cerca de las Rocosas era emocionante. As\u00ed que me lanc\u00e9. Hice las maletas, me desped\u00ed y me embarqu\u00e9 en lo que parec\u00eda la mayor aventura de mi vida.<\/p>\n\n<div style=\"height:33px\" aria-hidden=\"true\" class=\"wp-block-spacer\"><\/div>\n<div class=\"wp-block-image\">\n<figure class=\"aligncenter size-large\"><img decoding=\"async\" loading=\"lazy\" width=\"768\" height=\"1024\" src=\"https:\/\/luciepo.com\/wp-content\/uploads\/2024\/01\/last-year-reflection-1-768x1024.jpg\" alt=\"Ejemplo de reflexi&#xF3;n de fin de a&#xF1;o\" class=\"wp-image-4761\" srcset=\"https:\/\/luciepo.com\/wp-content\/uploads\/2024\/01\/last-year-reflection-1-768x1024.jpg 768w, https:\/\/luciepo.com\/wp-content\/uploads\/2024\/01\/last-year-reflection-1-225x300.jpg 225w, https:\/\/luciepo.com\/wp-content\/uploads\/2024\/01\/last-year-reflection-1-1152x1536.jpg 1152w, https:\/\/luciepo.com\/wp-content\/uploads\/2024\/01\/last-year-reflection-1-1536x2048.jpg 1536w, https:\/\/luciepo.com\/wp-content\/uploads\/2024\/01\/last-year-reflection-1-1140x1520.jpg 1140w, https:\/\/luciepo.com\/wp-content\/uploads\/2024\/01\/last-year-reflection-1-scaled.jpg 1920w\" sizes=\"(max-width: 768px) 100vw, 768px\" \/><\/figure><\/div>\n<div style=\"height:33px\" aria-hidden=\"true\" class=\"wp-block-spacer\"><\/div>\n\n<h3 id='instalarse'  id=\"boomdevs_25\" class=\"wp-block-heading\" ><span class=\"ez-toc-section\" id=\"Instalarse\"><\/span>Instalarse<span class=\"ez-toc-section-end\"><\/span><\/h3>\n\n<p>Instalarse en Calgary fue una <strong>mezcla de emoci\u00f3n y desaf\u00edos<\/strong>. Las primeras semanas fueron un torbellino de b\u00fasqueda de piso, adaptaci\u00f3n a la ciudad y, s\u00ed, papeleo (\u00a1nadie te avisa del papeleo!).  <strong>Tuve momentos de duda, pregunt\u00e1ndome si hab\u00eda tomado la decisi\u00f3n correcta.<\/strong>  Pero entonces ve\u00eda el sol ponerse sobre las monta\u00f1as, y  <strong>todo vali\u00f3 la pena.<\/strong><\/p>\n\n<div style=\"height:33px\" aria-hidden=\"true\" class=\"wp-block-spacer\"><\/div>\n<div class=\"wp-block-image\">\n<figure class=\"aligncenter size-full\"><img decoding=\"async\" loading=\"lazy\" width=\"900\" height=\"600\" src=\"https:\/\/luciepo.com\/wp-content\/uploads\/2024\/01\/last-year-reflection-3.jpg\" alt=\"revisi&#xF3;n del a&#xF1;o pasado\" class=\"wp-image-8599\" srcset=\"https:\/\/luciepo.com\/wp-content\/uploads\/2024\/01\/last-year-reflection-3.jpg 900w, https:\/\/luciepo.com\/wp-content\/uploads\/2024\/01\/last-year-reflection-3-300x200.jpg 300w, https:\/\/luciepo.com\/wp-content\/uploads\/2024\/01\/last-year-reflection-3-768x512.jpg 768w\" sizes=\"(max-width: 900px) 100vw, 900px\" \/><\/figure><\/div>\n<div style=\"height:33px\" aria-hidden=\"true\" class=\"wp-block-spacer\"><\/div>\n\n<h3 id='lecciones-aprendidas-1'  id=\"boomdevs_26\" class=\"wp-block-heading\" ><span class=\"ez-toc-section\" id=\"Lecciones_aprendidas-2\"><\/span>Lecciones aprendidas<span class=\"ez-toc-section-end\"><\/span><\/h3>\n\n<ol id=\"isPasted\">\n<li><strong>Aceptar lo desconocido<\/strong>: La lecci\u00f3n m\u00e1s importante de esta mudanza fue <strong>aprender a aceptar la incertidumbre. <\/strong>Da miedo, pero tambi\u00e9n es incre\u00edblemente liberador.<\/li>\n\n\n\n<li><strong>La comunidad importa<\/strong>: <strong>Crear una nueva red de amigos y conocidos fue crucial<\/strong>. Me ayud\u00f3 a sentirme arraigada y parte de mi nuevo hogar.<\/li>\n\n\n\n<li><strong>S\u00e9 amable contigo mismo<\/strong>: <strong>Hubo d\u00edas dif\u00edciles.<\/strong> D\u00edas en los que me sent\u00eda nost\u00e1lgica o abrumada. <strong>Aprend\u00ed la importancia de la autocompasi\u00f3n durante estas transiciones.<\/strong><\/li>\n<\/ol>\n\n<div style=\"height:33px\" aria-hidden=\"true\" class=\"wp-block-spacer\"><\/div>\n<div class=\"wp-block-image\">\n<figure class=\"aligncenter size-large\"><img decoding=\"async\" loading=\"lazy\" width=\"768\" height=\"1024\" src=\"https:\/\/luciepo.com\/wp-content\/uploads\/2024\/01\/last-year-reflection-2-768x1024.jpg\" alt=\"ensayo de reflexi&#xF3;n de fin de a&#xF1;o\" class=\"wp-image-4762\" srcset=\"https:\/\/luciepo.com\/wp-content\/uploads\/2024\/01\/last-year-reflection-2-768x1024.jpg 768w, https:\/\/luciepo.com\/wp-content\/uploads\/2024\/01\/last-year-reflection-2-225x300.jpg 225w, https:\/\/luciepo.com\/wp-content\/uploads\/2024\/01\/last-year-reflection-2-1152x1536.jpg 1152w, https:\/\/luciepo.com\/wp-content\/uploads\/2024\/01\/last-year-reflection-2-1536x2048.jpg 1536w, https:\/\/luciepo.com\/wp-content\/uploads\/2024\/01\/last-year-reflection-2-1140x1520.jpg 1140w, https:\/\/luciepo.com\/wp-content\/uploads\/2024\/01\/last-year-reflection-2-scaled.jpg 1920w\" sizes=\"(max-width: 768px) 100vw, 768px\" \/><\/figure><\/div>\n<div style=\"height:33px\" aria-hidden=\"true\" class=\"wp-block-spacer\"><\/div>\n\n<h2 id='mis-objetivos-para-2024-fijar-el-rumbo-para-un-a\u00f1o-pleno'  id=\"boomdevs_27\" class=\"wp-block-heading\" ><strong>Mis objetivos para 2024: Fijar el rumbo para un a\u00f1o pleno<\/strong><\/h2>\n\n<p>A las puertas de 2024, es <strong>hora de trazar el rumbo del a\u00f1o que viene<\/strong>. Reflexionando sobre el crecimiento y los retos del a\u00f1o pasado, me he fijado una serie de objetivos que no son meros hitos, sino indicadores de un viaje hacia una vida m\u00e1s plena.  <\/p>\n\n<p>Esto es a lo que aspiro en 2024:<strong><br\/><\/strong><\/p>\n\n<div style=\"height:33px\" aria-hidden=\"true\" class=\"wp-block-spacer\"><\/div>\n\n<h3 id='ayudar-a-la-gente-a-trav\u00e9s-de-mi-blog'  id=\"boomdevs_28\" class=\"wp-block-heading\" >Ayudar a la gente a trav\u00e9s de mi blog<\/h3>\n\n<p>Ante todo, quiero que mi blog sea algo m\u00e1s que una colecci\u00f3n de historias y reflexiones. Mi objetivo es <strong>convertirla en una plataforma que ayude de verdad a la gente, ya sea a trav\u00e9s de consejos pr\u00e1cticos, experiencias compartidas o simplemente siendo una fuente de inspiraci\u00f3n<\/strong>. Imagino un espacio en el que los lectores encuentren valor, apoyo y un sentimiento de comunidad.<\/p>\n\n<div style=\"height:33px\" aria-hidden=\"true\" class=\"wp-block-spacer\"><\/div>\n\n<h3 id='incorporaci\u00f3n-a-mediavine'  id=\"boomdevs_29\" class=\"wp-block-heading\" >Incorporaci\u00f3n a Mediavine<\/h3>\n\n<p>Para llegar a un p\u00fablico m\u00e1s amplio y llevar mi blogging al siguiente nivel, mi objetivo es entrar en Mediavine. Esto significa no s\u00f3lo aumentar el tr\u00e1fico de mi blog, sino tambi\u00e9n garantizar que el contenido sea atractivo, valioso y tenga resonancia entre mis lectores.  <strong>Es un reto que estoy deseando afrontar, ya que se alinea con mi pasi\u00f3n por los blogs y mi compromiso de convertirlos en una parte importante de mi vida.<\/strong><\/p>\n\n<div style=\"height:33px\" aria-hidden=\"true\" class=\"wp-block-spacer\"><\/div>\n\n<h3 id='obtener-la-residencia-permanente-en-canad\u00e1'  id=\"boomdevs_30\" class=\"wp-block-heading\" >Obtener la residencia permanente en Canad\u00e1<\/h3>\n\n<p>Uno de mis principales objetivos personales es conseguir la residencia permanente en Canad\u00e1. No se trata s\u00f3lo de un cambio de estatus, sino <strong>de echar ra\u00edces en un lugar que he llegado a amar, labrarme un futuro estable y seguro y aprovechar las oportunidades que ofrece ser residente permanente de este vibrante pa\u00eds.<\/strong><\/p>\n\n<div style=\"height:33px\" aria-hidden=\"true\" class=\"wp-block-spacer\"><\/div>\n\n<h3 id='fomentar-nuevas-amistades'  id=\"boomdevs_31\" class=\"wp-block-heading\" ><span class=\"ez-toc-section\" id=\"Fomentar_nuevas_amistades\"><\/span>Fomentar nuevas amistades<span class=\"ez-toc-section-end\"><\/span><\/h3>\n\n<p>Las experiencias de la vida se enriquecen con las personas con las que las compartimos. Este a\u00f1o <strong>quiero centrarme en fomentar las amistades, tanto estrechando los lazos que ya tengo como creando otros nuevos.<\/strong> Se trata de conectar, compartir y crecer juntos.<\/p>\n\n<div style=\"height:33px\" aria-hidden=\"true\" class=\"wp-block-spacer\"><\/div>\n\n<h3 id='conseguir-un-coche'  id=\"boomdevs_32\" class=\"wp-block-heading\" ><span class=\"ez-toc-section\" id=\"Conseguir_un_coche\"><\/span><strong>Conseguir un coche<\/strong><span class=\"ez-toc-section-end\"><\/span><\/h3>\n\n<p>Un objetivo pr\u00e1ctico pero importante para m\u00ed es conseguir un coche. <strong>Representa la libertad y la independencia<\/strong>, y es un paso m\u00e1s hacia la exploraci\u00f3n de Canad\u00e1. Ya sean viajes por carretera, desplazamientos m\u00e1s sencillos o aventuras espont\u00e1neas, <strong>tener un coche abre un nuevo abanico de posibilidades<\/strong>.<\/p>\n\n<div style=\"height:33px\" aria-hidden=\"true\" class=\"wp-block-spacer\"><\/div>\n\n<h3 id='completar-el-reconocimiento-de-mi-t\u00edtulo-de-farmacia'  id=\"boomdevs_33\" class=\"wp-block-heading\" ><strong>Completar el reconocimiento de mi t\u00edtulo de farmacia<\/strong><\/h3>\n\n<p>Por \u00faltimo, un objetivo profesional que me toca muy de cerca: <strong>completar el reconocimiento de mi t\u00edtulo de farmacia en Canad\u00e1<\/strong>. Es algo m\u00e1s que una actividad acad\u00e9mica: se<strong>trata de avanzar en mi carrera, ampliar mis oportunidades profesionales y alcanzar una sensaci\u00f3n de logro en mi campo.<\/strong><\/p>\n\n<div style=\"height:33px\" aria-hidden=\"true\" class=\"wp-block-spacer\"><\/div>\n\n<p>Cada uno de estos objetivos, aunque distintos, est\u00e1 interconectado, entrelazando los aspectos personales, profesionales y creativos de mi vida. No son meros objetivos que marcar, sino v\u00edas de crecimiento, realizaci\u00f3n y nuevas aventuras.  <\/p>\n\n<p><strong>Por un 2024 lleno de posibilidades, retos y logros.<\/strong><\/p>\n\n<div style=\"height:33px\" aria-hidden=\"true\" class=\"wp-block-spacer\"><\/div>\n<div class=\"wp-block-image\">\n<figure class=\"aligncenter size-large\"><img decoding=\"async\" loading=\"lazy\" width=\"1024\" height=\"724\" src=\"https:\/\/luciepo.com\/wp-content\/uploads\/2024\/01\/last-year-reflection-1024x724.png\" alt=\"reflexi&#xF3;n del a&#xF1;o pasado\" class=\"wp-image-4763\" srcset=\"https:\/\/luciepo.com\/wp-content\/uploads\/2024\/01\/last-year-reflection-1024x724.png 1024w, https:\/\/luciepo.com\/wp-content\/uploads\/2024\/01\/last-year-reflection-300x212.png 300w, https:\/\/luciepo.com\/wp-content\/uploads\/2024\/01\/last-year-reflection-768x543.png 768w, https:\/\/luciepo.com\/wp-content\/uploads\/2024\/01\/last-year-reflection-1536x1087.png 1536w, https:\/\/luciepo.com\/wp-content\/uploads\/2024\/01\/last-year-reflection-1140x807.png 1140w, https:\/\/luciepo.com\/wp-content\/uploads\/2024\/01\/last-year-reflection.png 2000w\" sizes=\"(max-width: 1024px) 100vw, 1024px\" \/><\/figure><\/div>\n<div style=\"height:33px\" aria-hidden=\"true\" class=\"wp-block-spacer\"><\/div>\n\n<div class=\"wp-block-group has-background is-layout-constrained wp-block-group-is-layout-constrained\" style=\"background-color:#fbf0c3\"><div class=\"wp-block-group__inner-container\">\n<p id=\"isPasted\"><strong>Al compartir mi historia con ustedes, espero que les resuene, les inspire o simplemente les ofrezca un momento de conexi\u00f3n. Pero ahora, me encantar\u00eda saber de ti:<\/strong><\/p>\n\n\n\n<ul>\n<li><strong><em>\u00bfCu\u00e1les han sido sus momentos cruciales este \u00faltimo a\u00f1o?<\/em><\/strong><\/li>\n\n\n\n<li><strong><em>\u00bfCu\u00e1les son sus aspiraciones para 2024?<\/em><\/strong><\/li>\n<\/ul>\n\n\n\n<p><strong>Comparte tus historias en los comentarios o ponte en contacto conmigo a trav\u00e9s de mi blog. Inspir\u00e9monos mutuamente al embarcarnos en este viaje de un nuevo a\u00f1o lleno de nuevas esperanzas, retos y logros. Juntos, \u00a1hagamos de 2024 un a\u00f1o para recordar!<\/strong><\/p>\n<\/div><\/div>\n\n<div style=\"height:33px\" aria-hidden=\"true\" class=\"wp-block-spacer\"><\/div>\n\n<h2 id='preguntas-frecuentes'  id=\"boomdevs_34\" class=\"wp-block-heading\" ><span class=\"ez-toc-section\" id=\"Preguntas_frecuentes\"><\/span><strong>Preguntas frecuentes<\/strong><span class=\"ez-toc-section-end\"><\/span><\/h2>\n\n<div style=\"height:33px\" aria-hidden=\"true\" class=\"wp-block-spacer\"><\/div>\n<div id=\"rank-math-faq\" class=\"rank-math-block\">\n<div class=\"rank-math-list \">\n<div id=\"faq-question-1704313422655\" class=\"rank-math-list-item\">\n<h3 id='cu\u00e1les-son-algunas-preguntas-eficaces-para-la-reflexi\u00f3n-de-fin-de-curso'  id=\"boomdevs_35\" class=\"rank-math-question \" ><strong>\u00bfCu\u00e1les son algunas preguntas eficaces para la reflexi\u00f3n de fin de curso?<\/strong><\/h3>\n<div class=\"rank-math-answer \">\n\n<p>Considere la posibilidad de preguntarse sobre <strong>las cosas m\u00e1s importantes que ha aprendido, sus mayores retos y sus mayores logros<\/strong>. Reflexiona sobre tu vida personal y profesional, y <strong>piensa en los cambios positivos que has hecho.<\/strong><\/p>\n\n<\/div>\n<\/div>\n<div id=\"faq-question-1704313435319\" class=\"rank-math-list-item\">\n<h3 id='c\u00f3mo-puedo-conseguir-que-mis-prop\u00f3sitos-de-a\u00f1o-nuevo-se-mantengan-durante-todo-el-a\u00f1o'  id=\"boomdevs_36\" class=\"rank-math-question \" ><strong>\u00bfC\u00f3mo puedo conseguir que mis prop\u00f3sitos de A\u00f1o Nuevo se mantengan durante todo el a\u00f1o?<\/strong><\/h3>\n<div class=\"rank-math-answer \">\n\n<p>Empiece por <strong><br \/>\n  <a href=\"https:\/\/luciepo.com\/es\/fijacion-de-objetivos-101-guia-paso-a-paso-para-alcanzar-sus-suenos\/\" data-type=\"link\" data-id=\"https:\/\/luciepo.com\/how-set-goals-and-achieve-them\/\">estableciendo objetivos claros y alcanzables<\/a><br \/>\n<\/strong>. <strong>Divida sus prop\u00f3sitos en pasos factibles y rev\u00edselos con regularidad.<\/strong> Llevar un diario o establecer recordatorios peri\u00f3dicos puede ayudarte a mantenerte al d\u00eda.<\/p>\n\n<\/div>\n<\/div>\n<div id=\"faq-question-1704313451501\" class=\"rank-math-list-item\">\n<h3 id='cu\u00e1l-es-la-mejor-manera-de-llevar-a-cabo-una-reflexi\u00f3n-anual-al-final-de-cada-a\u00f1o'  id=\"boomdevs_37\" class=\"rank-math-question \" ><strong>\u00bfCu\u00e1l es la mejor manera de llevar a cabo una reflexi\u00f3n anual al final de cada a\u00f1o?<\/strong><\/h3>\n<div class=\"rank-math-answer \">\n\n<p><strong>Reserva un tiempo <\/strong>para reflexionar en profundidad. Echa la vista atr\u00e1s a tus altibajos y piensa en lo que has aprendido. Poner por escrito tus ideas o comentarlas con los miembros de tu equipo o con tus amigos puede aportarte nuevos puntos de vista.<\/p>\n\n<\/div>\n<\/div>\n<div id=\"faq-question-1704313529210\" class=\"rank-math-list-item\">\n<h3 id='c\u00f3mo-puedo-aprovechar-el-final-del-a\u00f1o-para-preparar-un-nuevo-comienzo'  id=\"boomdevs_38\" class=\"rank-math-question \" ><strong>\u00bfC\u00f3mo puedo aprovechar el final del a\u00f1o para preparar un nuevo comienzo?<\/strong><\/h3>\n<div class=\"rank-math-answer \">\n\n<p>El final de un a\u00f1o es una oportunidad natural para fijarse nuevos objetivos y abandonar los malos h\u00e1bitos. Es el momento perfecto para planificar el a\u00f1o que viene y decidir cu\u00e1les ser\u00e1n sus pr\u00f3ximos pasos.<\/p>\n\n<\/div>\n<\/div>\n<div id=\"faq-question-1704313552729\" class=\"rank-math-list-item\">\n<h3 id='de-qu\u00e9-manera-puede-influir-en-mi-pr\u00f3ximo-a\u00f1o-la-reflexi\u00f3n-sobre-el-a\u00f1o-anterior'  id=\"boomdevs_39\" class=\"rank-math-question \" ><strong>\u00bfDe qu\u00e9 manera puede influir en mi pr\u00f3ximo a\u00f1o la reflexi\u00f3n sobre el a\u00f1o anterior?<\/strong><\/h3>\n<div class=\"rank-math-answer \">\n\n<p>Reflexionar sobre el a\u00f1o transcurrido le ayudar\u00e1 a <strong>comprender qu\u00e9 ha funcionado, qu\u00e9 no y por qu\u00e9<\/strong>. Esta comprensi\u00f3n puede orientar <strong><br \/>\n  <a href=\"https:\/\/luciepo.com\/es\/fijacion-de-objetivos-101-guia-paso-a-paso-para-alcanzar-sus-suenos\/\" data-type=\"link\" data-id=\"https:\/\/luciepo.com\/how-set-goals-and-achieve-them\/\">fijaci\u00f3n de objetivos <\/a><br \/>\n<\/strong>y ayudarle a tomar decisiones m\u00e1s informadas en el nuevo a\u00f1o.<\/p>\n\n<\/div>\n<\/div>\n<div id=\"faq-question-1704313597617\" class=\"rank-math-list-item\">\n<h3 id='cu\u00e1l-deber\u00eda-ser-mi-objetivo-m\u00e1s-importante-para-el-pr\u00f3ximo-a\u00f1o'  id=\"boomdevs_40\" class=\"rank-math-question \" ><strong>\u00bfCu\u00e1l deber\u00eda ser mi objetivo m\u00e1s importante para el pr\u00f3ximo a\u00f1o?<\/strong><\/h3>\n<div class=\"rank-math-answer \">\n\n<p>Tu objetivo m\u00e1s importante debe estar en <strong>consonancia<\/strong> con tu &#8220;estrella del norte&#8221; personal: <strong>tu prop\u00f3sito o ambici\u00f3n general<\/strong>. Debe ser algo que te acerque al panorama general de tu vida.<\/p>\n\n<\/div>\n<\/div>\n<div id=\"faq-question-1704313625148\" class=\"rank-math-list-item\">\n<h3 id='c\u00f3mo-puedo-reflexionar-sobre-mi-trayectoria-y-mi-vida-profesional-a-finales-de-a\u00f1o'  id=\"boomdevs_41\" class=\"rank-math-question \" ><strong>\u00bfC\u00f3mo puedo reflexionar sobre mi trayectoria y mi vida profesional a finales de a\u00f1o?<\/strong><\/h3>\n<div class=\"rank-math-answer \">\n\n<p>Eche la vista atr\u00e1s y recuerde sus mayores logros profesionales y las lecciones aprendidas.  <strong>Piensa en las nuevas habilidades que has adquirido y planifica c\u00f3mo puedes utilizarlas en el siguiente paso de tu carrera.<\/strong><\/p>\n\n<\/div>\n<\/div>\n<div id=\"faq-question-1704313679061\" class=\"rank-math-list-item\">\n<h3 id='cu\u00e1l-es-una-buena-manera-de-revisar-mis-relaciones-personales-al-final-de-un-a\u00f1o'  id=\"boomdevs_42\" class=\"rank-math-question \" ><strong>\u00bfCu\u00e1l es una buena manera de revisar mis relaciones personales al final de un a\u00f1o?<\/strong><\/h3>\n<div class=\"rank-math-answer \">\n\n<p>Reflexiona sobre la calidad de tus interacciones, el apoyo que has dado y recibido y los cambios que te gustar\u00eda hacer.  <strong>Considera c\u00f3mo han influido estas relaciones en tu crecimiento personal y en tu felicidad.<\/strong><\/p>\n\n<\/div>\n<\/div>\n<div id=\"faq-question-1704313702111\" class=\"rank-math-list-item\">\n<h3 id='existen-herramientas-o-m\u00e9todos-que-ayuden-en-el-proceso-de-reflexi\u00f3n-de-fin-de-curso'  id=\"boomdevs_43\" class=\"rank-math-question \" ><strong>\u00bfExisten herramientas o m\u00e9todos que ayuden en el proceso de reflexi\u00f3n de fin de curso?<\/strong><\/h3>\n<div class=\"rank-math-answer \">\n\n<p>Los <strong><a href=\"https:\/\/amzn.to\/3NU3NxB\" data-type=\"link\" data-id=\"https:\/\/amzn.to\/3NU3NxB\" target=\"_blank\" rel=\"noopener\">diarios con vi\u00f1etas<\/a>, las pautas de reflexi\u00f3n y las <a href=\"https:\/\/affiliate.notion.so\/4h9idqo45el1\" data-type=\"link\" data-id=\"https:\/\/affiliate.notion.so\/4h9idqo45el1\" target=\"_blank\" rel=\"noopener\">aplicaciones digitales<\/a><\/strong> pueden ser \u00fatiles. Algunas personas encuentran que responder a una serie de preguntas estructuradas o crear un tablero de visi\u00f3n para el pr\u00f3ximo a\u00f1o ayuda a su proceso de reflexi\u00f3n.<\/p>\n\n<\/div>\n<\/div>\n<div id=\"faq-question-1704313743096\" class=\"rank-math-list-item\">\n<h3 id='cu\u00e1l-es-el-mejor-recuerdo-de-mi-a\u00f1o-y-por-qu\u00e9-es-importante-reflexionar-sobre-los-buenos-momentos'  id=\"boomdevs_44\" class=\"rank-math-question \" ><strong>\u00bfCu\u00e1l es el mejor recuerdo de mi a\u00f1o, y por qu\u00e9 es importante reflexionar sobre los buenos momentos?<\/strong><\/h3>\n<div class=\"rank-math-answer \">\n\n<p>Reflexionar sobre tu mejor recuerdo del a\u00f1o te <strong>ayuda a apreciar los aspectos positivos de tu vida.<\/strong> Puede ser una fuente de alegr\u00eda y motivaci\u00f3n, que te<strong> recuerde los buenos momentos incluso en los periodos dif\u00edciles.<\/strong><\/p>\n\n<\/div>\n<\/div>\n<\/div>\n<\/div>\t<div\n\t\tclass=&quot;wp-block-essential-blocks-social-share&quot;>\n        <div class=\"eb-parent-wrapper eb-parent-eb-social-share-mhc31gz\">\n            <div class=\"eb-social-share-mhc31gz eb-social-share-wrapper\">\n                <ul class=\"eb-social-shares\">\n                                            <li>\n                            <a class=\"facebook-original \" href=https:\/\/www.facebook.com\/sharer\/sharer.php?u=https:\/\/luciepo.com\/es\/reflexion-sobre-mi-ultimo-ano-balance-de-fin-de-ano-en-2023\/ target=\"_blank\" rel=\"nofollow noopener noreferrer\">\n                                <i class=\"fab fa-facebook hvr-icon eb-social-share-icon\"><\/i>\n                                                        <\/a>\n                        <\/li>\n                                            <li>\n                            <a class=\"twitter-original \" href=https:\/\/twitter.com\/share?text=Reflexi\u00f3n%20sobre%20mi%20\u00faltimo%20a\u00f1o:%20Balance%20de%20fin%20de%20a\u00f1o%20en%202023&#038;url=https:\/\/luciepo.com\/es\/reflexion-sobre-mi-ultimo-ano-balance-de-fin-de-ano-en-2023\/ target=\"_blank\" rel=\"nofollow noopener noreferrer\">\n                                <i class=\"fab fa-twitter hvr-icon eb-social-share-icon\"><\/i>\n                                                        <\/a>\n                        <\/li>\n                                            <li>\n                            <a class=\"pinterest-original \" href=https:\/\/pinterest.com\/pin\/create\/button\/?url=https:\/\/luciepo.com\/es\/reflexion-sobre-mi-ultimo-ano-balance-de-fin-de-ano-en-2023\/ target=\"_blank\" rel=\"nofollow noopener noreferrer\">\n                                <i class=\"fab fa-pinterest hvr-icon eb-social-share-icon\"><\/i>\n                                                        <\/a>\n                        <\/li>\n                                            <li>\n                            <a class=\"reddit-original \" href=https:\/\/www.reddit.com\/submit?url=https:\/\/luciepo.com\/es\/reflexion-sobre-mi-ultimo-ano-balance-de-fin-de-ano-en-2023\/&#038;title=Reflexi\u00f3n%20sobre%20mi%20\u00faltimo%20a\u00f1o:%20Balance%20de%20fin%20de%20a\u00f1o%20en%202023 target=\"_blank\" rel=\"nofollow noopener noreferrer\">\n                                <i class=\"fab fa-reddit hvr-icon eb-social-share-icon\"><\/i>\n                                                        <\/a>\n                        <\/li>\n                                    <\/ul>\n            <\/div>\n        <\/div>\n\t<\/div>\n\n","protected":false},"excerpt":{"rendered":"<p>\u00a1Hola! A medida que el calendario va pasando sus \u00faltimas p\u00e1ginas, me encuentro haciendo lo que hago todos los a\u00f1os: tomarme un momento para pensar d\u00f3nde he estado y hacia d\u00f3nde me dirijo (tambi\u00e9n conocida como reflexi\u00f3n del a\u00f1o pasado). No se trata de hacer un mont\u00f3n de prop\u00f3sitos que olvidar\u00e9 en febrero, sino de fijarse metas reales y tangibles que cumplir . Con el \u00e1nimo de ser realista, contar\u00e9 los altibajos, las lecciones aprendidas y las experiencias que me han llevado por nuevos derroteros. Somos s\u00f3lo t\u00fa y yo, y la verdad honesta de un a\u00f1o que pas\u00f3. As\u00ed pues, hablemos de lo que significa cerrar un cap\u00edtulo y entrar suavemente en el siguiente, \u00bfde acuerdo? Mi viaje bloguero, la exploraci\u00f3n de Pinterest y la superaci\u00f3n de retos Empezar un blog puede parecer como enviar un mensaje en una botella al mar. Esperas que encuentre un p\u00fablico, pero no hay garant\u00edas. Mi aventura bloguera empez\u00f3 con una mezcla de esperanza y dudas, sobre todo cuando me un\u00ed a LK media (creado por Lukas y Lucka ) y conect\u00e9 con la comunidad. Debo decir que este reto no consiste s\u00f3lo en escribir un blog, sino tambi\u00e9n en crear una red, compartir experiencias y aprender unos de otros, algo que considero absolutamente inestimable. Los primeros d\u00edas de los blogs Empezar un blog es como susurrar en un inmenso pasillo vac\u00edo y esperar que tu voz resuene. As\u00ed empez\u00f3 mi andadura bloguera. Imag\u00edname a m\u00ed, un bloguero novato, lleno de entusiasmo pero enfrentado a la desalentadora tarea de construir una audiencia desde cero. Era una mezcla de emoci\u00f3n y de &#8216; \u00bfqu\u00e9 demonios estoy haciendo? &#8216; Cada entrada del blog me parec\u00eda una peque\u00f1a victoria, un peque\u00f1o paso en el vasto mundo de la narrativa digital. No me dirig\u00eda a una multitud; a veces parec\u00eda que me hablaba a m\u00ed misma. Pero, \u00bfno es ah\u00ed donde empiezan todas las cosas buenas? Desde reflexiones sobre la vida cotidiana a compartir las peculiaridades de la adaptaci\u00f3n a un nuevo pa\u00eds, mi blog se convirti\u00f3 en mi diario digital, un registro de mi viaje, abierto para que el mundo lo viera, o al menos para unas cuantas almas curiosas. Un mundo de inspiraci\u00f3n en Pinterest Simult\u00e1neamente, descubr\u00ed el poder de Pinterest no s\u00f3lo como fuente de inspiraci\u00f3n, sino como herramienta estrat\u00e9gica para atraer tr\u00e1fico a mi blog. Pinterest se convirti\u00f3 en mi storyboard visual, donde cada pin se seleccionaba cuidadosamente para que resonara con el tema de mi blog y atrajera a lectores afines. Fue un juego de estrategia y creatividad, aprendiendo los trucos del marketing en Pinterest, comprendiendo lo que llama la atenci\u00f3n y c\u00f3mo canalizar ese inter\u00e9s hacia mi blog. Lo que he aprendido en el camino Creatividad digital &#8211; Lanzamiento de productos digitales Sumergirme en el mundo de los productos digitales ha sido como abrir una puerta a una habitaci\u00f3n llena de posibilidades que no sab\u00eda que exist\u00edan. Este a\u00f1o, Decid\u00ed canalizar mi energ\u00eda creativa en algo tangible (bueno, digitalmente tangible) e incre\u00edblemente personal. Ya no me limitaba a compartir pensamientos a trav\u00e9s de mi blog, sino que estaba creando herramientas que realmente pod\u00edan marcar la diferencia en la vida cotidiana de alguien. Y as\u00ed, mi viaje en la creaci\u00f3n de un diario de gratitud , a planificador de productividad y una colecci\u00f3n de citas de amor propio comenz\u00f3. De la idea a la realidad La idea surgi\u00f3 de mis propias necesidades y experiencias. Me pregunt\u00e9: &#8220; \u00bfQu\u00e9 herramientas mejorar\u00edan mi vida? &#8221; La respuesta estaba clara: algo para cultivar la gratitud, impulsar la productividad y fomentar el amor propio. As\u00ed es como el diario de gratitud , planificador de productividad y citas de amor propio y citas de amor propio. Cada producto era algo m\u00e1s que un art\u00edculo: era un trozo de mi viaje, una ofrenda de las lecciones que he aprendido. El proceso creativo Seamos realistas, el proceso no fue del todo f\u00e1cil. Hab\u00eda que trasnochar, retocar sin parar y aprender a manejar programas de dise\u00f1o (que, por cierto, pueden ser tan complicados como intentar resolver un cubo de Rubik en la oscuridad). Pero cada paso, cada reto, formaba parte de la aventura creativa. Aprend\u00ed sobre est\u00e9tica, funcionalidad y el delicado equilibrio entre lo que queda bien y lo que funciona bien. Darles vida Ver el diario de gratitud , planificador de productividad y citas de amor propio fue un momento de pura alegr\u00eda. Fue como ver a mis beb\u00e9s digitales dar sus primeros pasos. El diario de gratitud fue dise\u00f1ado para fomentar la reflexi\u00f3n diaria, el planificador de productividad para ayudar a organizar el caos de la vida cotidiana, y las citas de amor propio para recordar la autoestima y el cuidado de uno mismo. P.D. Tambi\u00e9n he creado varios productos gratuitos que son muy populares &#8211; puedes verlos AQU\u00cd. Lecciones aprendidas Fitness y bienestar: una nueva pasi\u00f3n Si hace un a\u00f1o me hubieran dicho que me enamorar\u00eda perdidamente de una rutina de fitness, me habr\u00eda re\u00eddo. Pero aqu\u00ed estoy, un nuevo devoto de BodyPump y no s\u00f3lo ha cambiado mi cuerpo, sino tambi\u00e9n mi forma de ver el bienestar. Descubrir BodyPump Todo empez\u00f3 con una simple decisi\u00f3n de probar algo nuevo para mis objetivos de fitness. Entre en BodyPump &#8211; un mundo donde las pesas se unen al ritmo y el sudor a la satisfacci\u00f3n. Desde la primera sesi\u00f3n, me enganch\u00e9. Hay algo en la combinaci\u00f3n de m\u00fasica, movimiento y una sensaci\u00f3n de lucha compartida que lo convierte en algo m\u00e1s que un simple ejercicio: es un reto estimulante. Cada sentadilla, prensa y levantamiento era un paso hacia un yo m\u00e1s fuerte. M\u00e1s que salud f\u00edsica BodyPump se convirti\u00f3 en algo m\u00e1s que un entrenamiento: se convirti\u00f3 en un ritual. No se trataba solo de estar en forma, sino de sacar tiempo para m\u00ed y dedicar esas horas \u00fanicamente a mi bienestar. Este compromiso con la forma f\u00edsica me aport\u00f3 un beneficio inesperado: me ayud\u00f3 a racionalizar mi rutina diaria. De repente, me encontr\u00e9 gestionando mejor mi tiempo, reduciendo las actividades improductivas y centr\u00e1ndome m\u00e1s en lo que a\u00f1ade valor a mi vida, como la salud y el bienestar. El impacto en mi vida El viaje con BodyPump ha sido transformador. No se trata s\u00f3lo de la fuerza f\u00edsica que he adquirido, sino de la claridad mental y la disciplina que me han acompa\u00f1ado. Cada sesi\u00f3n es un recordatorio de que soy capaz de superar mis l\u00edmites y alcanzar mis objetivos, tanto dentro como fuera del gimnasio. Informaci\u00f3n clave Triunfo en medio de las pruebas: aprobar el IELTS Durante uno de los tramos m\u00e1s dif\u00edciles del a\u00f1o, logr\u00e9 algo que se convirti\u00f3 en un triunfo personal: aprobar el IELTS con excelentes resultados. En medio del torbellino de trabajo, blogs y trastornos personales, preparar este examen fue como aferrarse a un salvavidas de normalidad. Las horas de estudio, aunque agotadoras, aportaron un sentido de prop\u00f3sito y concentraci\u00f3n que hac\u00eda mucha falta. Cuando llegaron los resultados, no se trataba solo de aprobar un examen; era un recordatorio muy necesario de mi resistencia y capacidad, un faro de \u00e9xito en un periodo tormentoso. Principales conclusiones El arte de decir no &#8211; C\u00f3mo poner l\u00edmites para ser m\u00e1s saludable Este \u00faltimo a\u00f1o ha sido una clase magistral de una habilidad que no sab\u00eda que necesitaba tan desesperadamente: el arte de decir &#8220;no&#8221;. Parece sencillo, pero para alguien que siempre ha sido una persona de &#8220;s\u00ed&#8221;, aprender a poner l\u00edmites ha sido revolucionario para mi equilibrio entre la vida laboral y personal y para mi salud mental. Aprender a priorizar El viaje comenz\u00f3 con una toma de conciencia: No puedo hacerlo todo. Decir &#8220;s\u00ed&#8221; a cada petici\u00f3n, a cada oportunidad, se sent\u00eda como una obligaci\u00f3n. Pero al hacerlo, me estaba exigiendo demasiado , lo que me llevaba al agotamiento y al estr\u00e9s. Hab\u00eda llegado el momento de replantearme mis prioridades y comprender que decir &#8220;no&#8221; no es ego\u00edsta, sino necesario. Se trata de respetar mi tiempo y mis necesidades. Repercusiones en el equilibrio entre vida profesional y vida privada Cuando empec\u00e9 a decir &#8220;no&#8221; a las reuniones innecesarias, a las exigencias de \u00faltima hora, a las reuniones sociales que me agotaban en lugar de darme energ\u00eda, ocurri\u00f3 algo incre\u00edble. Encontr\u00e9 m\u00e1s tiempo para las cosas que me importaban: mi salud, mis aficiones y pasar tiempo de calidad con mis seres queridos. Mi conciliaci\u00f3n de la vida laboral y familiar mejor\u00f3 notablemente, al igual que mi salud mental. Al dejar de estar abrumada por una marea incesante de compromisos, pod\u00eda respirar m\u00e1s tranquila y centrarme mejor en mis objetivos personales y profesionales. Un a\u00f1o de crecimiento personal Este cambio de mentalidad fue la piedra angular de mi crecimiento personal a lo largo del a\u00f1o. Poner l\u00edmites se convirti\u00f3 en sin\u00f3nimo de autocuidado. Se trataba de tomar decisiones conscientes que estuvieran en consonancia con mi bienestar y mis objetivos a largo plazo. Aprender a decir &#8220;no&#8221; significaba decir &#8220;s\u00ed&#8221; a una vida m\u00e1s sana y equilibrada. Principales conclusiones El salto de fe: dejar mi trabajo y mudarme a Canad\u00e1 Tomar una decisi\u00f3n que pone el mundo patas arriba tiene algo de aterrador y estimulante a la vez. Para m\u00ed, ese momento lleg\u00f3 cuando decid\u00ed dejar mi trabajo. Imag\u00ednese esto: un d\u00eda normal en la oficina, luces fluorescentes zumbando por encima, y yo, mirando la pantalla del ordenador, d\u00e1ndome cuenta de que estaba listo para un cambio. Por qu\u00e9 me fui No fue una decisi\u00f3n improvisada. Llevaba un tiemposintiendo la sensaci\u00f3n de que no estaba donde deb\u00eda estar. El trabajo estaba bien, pero s\u00f3lo bien. Y en mi coraz\u00f3n, sab\u00eda que quer\u00eda algo m\u00e1s que estar bien. Quer\u00eda perseguir una vida que me hiciera saltar de la cama por las ma\u00f1anas, no una que me tuviera d\u00e1ndole al snooze. La gran mudanza La elecci\u00f3n de Canad\u00e1 no fue aleatoria. Siempre me han atra\u00eddo sus impresionantes paisajes y su cultura acogedora. Adem\u00e1s, Calgary parec\u00eda la mezcla perfecta de vida urbana y naturaleza. La idea de estar cerca de las Rocosas era emocionante. As\u00ed que me lanc\u00e9. Hice las maletas, me desped\u00ed y me embarqu\u00e9 en lo que parec\u00eda la mayor aventura de mi vida. Instalarse Instalarse en Calgary fue una mezcla de emoci\u00f3n y desaf\u00edos. Las primeras semanas fueron un torbellino de b\u00fasqueda de piso, adaptaci\u00f3n a la ciudad y, s\u00ed, papeleo (\u00a1nadie te avisa del papeleo!). Tuve momentos de duda, pregunt\u00e1ndome si hab\u00eda tomado la decisi\u00f3n correcta. Pero entonces ve\u00eda el sol ponerse sobre las monta\u00f1as, y todo vali\u00f3 la pena. Lecciones aprendidas Mis objetivos para 2024: Fijar el rumbo para un a\u00f1o pleno A las puertas de 2024, es hora de trazar el rumbo del a\u00f1o que viene. Reflexionando sobre el crecimiento y los retos del a\u00f1o pasado, me he fijado una serie de objetivos que no son meros hitos, sino indicadores de un viaje hacia una vida m\u00e1s plena. Esto es a lo que aspiro en 2024: Ayudar a la gente a trav\u00e9s de mi blog Ante todo, quiero que mi blog sea algo m\u00e1s que una colecci\u00f3n de historias y reflexiones. Mi objetivo es convertirla en una plataforma que ayude de verdad a la gente, ya sea a trav\u00e9s de consejos pr\u00e1cticos, experiencias compartidas o simplemente siendo una fuente de inspiraci\u00f3n. Imagino un espacio en el que los lectores encuentren valor, apoyo y un sentimiento de comunidad. Incorporaci\u00f3n a Mediavine Para llegar a un p\u00fablico m\u00e1s amplio y llevar mi blogging al siguiente nivel, mi objetivo es entrar en Mediavine. Esto significa no s\u00f3lo aumentar el tr\u00e1fico de mi blog, sino tambi\u00e9n garantizar que el contenido sea atractivo, valioso y tenga resonancia entre mis lectores. Es un reto que estoy deseando afrontar, ya que se alinea con mi pasi\u00f3n por los blogs y mi compromiso de convertirlos en una parte importante de mi vida. Obtener la residencia permanente en Canad\u00e1 Uno de mis principales objetivos personales es conseguir la residencia permanente en Canad\u00e1. No se trata s\u00f3lo de un cambio de estatus, sino de echar ra\u00edces en un lugar que he llegado a&#8230;<\/p>\n","protected":false},"author":1,"featured_media":8584,"comment_status":"open","ping_status":"open","sticky":false,"template":"","format":"standard","meta":{"_eb_attr":"","cos_headline_score":0,"cos_seo_score":0,"cos_headline_text":"","cos_headline_has_been_analyzed":false,"cos_last_analyzed_headline":[],"_lmt_disableupdate":"","_lmt_disable":"","footnotes":""},"categories":[122],"tags":[],"ppma_author":[115],"modified_by":null,"acf":[],"authors":[{"term_id":115,"user_id":1,"is_guest":0,"slug":"lucie-pospechova92gmail-com","display_name":"Lucie Pospechova","avatar_url":"https:\/\/secure.gravatar.com\/avatar\/233d2c822e5d73b3ec29ee7289f7af27?s=96&d=mm&r=g","user_url":"http:\/\/luciepo.com","last_name":"Pospechova","first_name":"Lucie","description":"Hello, I'm Lucie, a 31-year-old advocate for personal development and holistic well-being. Through this blog, I share practical insights and inspiring stories to help you thrive in every aspect of your life. Let's embark on this transformative journey together. \r\nWarm regards, Lucie."}],"_links":{"self":[{"href":"https:\/\/luciepo.com\/es\/wp-json\/wp\/v2\/posts\/9161"}],"collection":[{"href":"https:\/\/luciepo.com\/es\/wp-json\/wp\/v2\/posts"}],"about":[{"href":"https:\/\/luciepo.com\/es\/wp-json\/wp\/v2\/types\/post"}],"author":[{"embeddable":true,"href":"https:\/\/luciepo.com\/es\/wp-json\/wp\/v2\/users\/1"}],"replies":[{"embeddable":true,"href":"https:\/\/luciepo.com\/es\/wp-json\/wp\/v2\/comments?post=9161"}],"version-history":[{"count":1,"href":"https:\/\/luciepo.com\/es\/wp-json\/wp\/v2\/posts\/9161\/revisions"}],"predecessor-version":[{"id":9172,"href":"https:\/\/luciepo.com\/es\/wp-json\/wp\/v2\/posts\/9161\/revisions\/9172"}],"wp:featuredmedia":[{"embeddable":true,"href":"https:\/\/luciepo.com\/es\/wp-json\/wp\/v2\/media\/8584"}],"wp:attachment":[{"href":"https:\/\/luciepo.com\/es\/wp-json\/wp\/v2\/media?parent=9161"}],"wp:term":[{"taxonomy":"category","embeddable":true,"href":"https:\/\/luciepo.com\/es\/wp-json\/wp\/v2\/categories?post=9161"},{"taxonomy":"post_tag","embeddable":true,"href":"https:\/\/luciepo.com\/es\/wp-json\/wp\/v2\/tags?post=9161"},{"taxonomy":"author","embeddable":true,"href":"https:\/\/luciepo.com\/es\/wp-json\/wp\/v2\/ppma_author?post=9161"}],"curies":[{"name":"wp","href":"https:\/\/api.w.org\/{rel}","templated":true}]}}