{"id":9266,"date":"2024-03-03T23:48:52","date_gmt":"2024-03-03T22:48:52","guid":{"rendered":"https:\/\/luciepo.com\/190-frases-de-buenos-dias-alegrate-el-dia-con-inspiracion-positiva\/"},"modified":"2024-03-04T19:18:04","modified_gmt":"2024-03-04T18:18:04","slug":"190-frases-de-buenos-dias-alegrate-el-dia-con-inspiracion-positiva","status":"publish","type":"post","link":"https:\/\/luciepo.com\/es\/190-frases-de-buenos-dias-alegrate-el-dia-con-inspiracion-positiva\/","title":{"rendered":"190 frases de buenos d\u00edas: Al\u00e9grate el d\u00eda con inspiraci\u00f3n positiva"},"content":{"rendered":"\n<p id=\"isPasted\">\u00bfQuiere empezar el d\u00eda con una inyecci\u00f3n de positividad e inspiraci\u00f3n?  <\/p>\n\n<p>Hoy tengo algo especial para ti.  <\/p>\n\n<p>Como alguien que siempre busca formas de mejorar su rutina diaria, <strong>le encantar\u00e1 lo que he seleccionado.<\/strong><\/p>\n\n<p>La vida puede ser muy ajetreada, sobre todo cuando se compaginan el trabajo, el crecimiento personal y todo lo dem\u00e1s.  <\/p>\n\n<p>Por eso es <strong>crucial empezar cada d\u00eda con buen<\/strong> pie. Si eres un profesional ocupado, un estudiante dedicado o simplemente alguien que quiere a\u00f1adir un poco de sol a su d\u00eda, <strong>estas citas de buenos d\u00edas son para ti.<\/strong><\/p>\n\n<p>Desde la tranquilidad de un amanecer hasta la vitalidad de un d\u00eda soleado, cada cita ha sido seleccionada para animarte e inspirarte.  <\/p>\n\n<p>As\u00ed que adelante, sum\u00e9rgete en esta colecci\u00f3n de frases de sol y <strong>deja que impregnen tu d\u00eda de positividad y motivaci\u00f3n.<\/strong><\/p>\n\n<p><strong>\u00a1Hagamos de hoy el mejor d\u00eda!<\/strong><\/p>\n\n<div style=\"height:33px\" aria-hidden=\"true\" class=\"wp-block-spacer\"><\/div>\n\n<h2 id='el-poder-de-un-nuevo-d\u00eda'  id=\"boomdevs_1\" class=\"wp-block-heading\" ><strong>El poder de un nuevo d\u00eda<\/strong><\/h2>\n\n<div style=\"height:33px\" aria-hidden=\"true\" class=\"wp-block-spacer\"><\/div>\n\n<p>\u00bfSe ha dado cuenta alguna vez de que <strong>cada amanecer trae consigo una sensaci\u00f3n de renovaci\u00f3n y posibilidad<\/strong>?  <\/p>\n\n<p>Es como si el mundo pulsara el bot\u00f3n de reinicio, ofreci\u00e9ndonos un lienzo fresco para pintar nuestro d\u00eda.  <\/p>\n\n<p>Analicemos por qu\u00e9 abrazar el amanecer es algo m\u00e1s que un t\u00f3pico: es un poderoso cambio de mentalidad:<\/p>\n\n<div style=\"height:33px\" aria-hidden=\"true\" class=\"wp-block-spacer\"><\/div>\n\n<ul>\n<li><strong>Abrazar la renovaci\u00f3n<\/strong>: Al igual que el ciclo natural del amanecer y el atardecer, <strong>nuestras vidas est\u00e1n llenas de oportunidades de renovaci\u00f3n<\/strong>. Cada ma\u00f1ana tenemos la <strong>oportunidad de dejar atr\u00e1s las preocupaciones y los errores de ayer y empezar de nuevo.<\/strong> Al abrazar este ciclo de renovaci\u00f3n, <strong>podemos afrontar cada d\u00eda con optimismo y posibilidades.<\/strong><\/li>\n<\/ul>\n\n<p><\/p>\n\n<ul>\n<li><strong>Establecer intenciones<\/strong>: La forma en que empezamos el d\u00eda suele marcar la pauta del resto. Dedicar unos minutos cada ma\u00f1ana a<strong> establecer intenciones<\/strong> positivas puede ayudarnos a <strong>centrar nuestra energ\u00eda y atenci\u00f3n en lo que realmente importa.<\/strong> Ya sea expresando <strong>\n  <a href=\"https:\/\/shop.beacons.ai\/luciepo\/0666734d-7e6d-414b-9dad-aadea0c56c4c\" data-type=\"link\" data-id=\"https:\/\/shop.beacons.ai\/luciepo\/0666734d-7e6d-414b-9dad-aadea0c56c4c\" target=\"_blank\" rel=\"noopener\">gratitud<\/a>\n<\/strong>, <strong>\n  <a href=\"https:\/\/www.betterup.com\/blog\/visualization\" data-type=\"link\" data-id=\"https:\/\/www.betterup.com\/blog\/visualization\" target=\"_blank\" rel=\"noopener\">visualizar el \u00e9xito<\/a>\n<\/strong>o simplemente <strong>\n  <a href=\"https:\/\/luciepo.com\/es\/10-poderosos-ejercicios-de-respiracion-somatica-entrenamiento-en-respiracion-somatica\/\" data-type=\"link\" data-id=\"https:\/\/luciepo.com\/somatic-breathing-exercises\/\">respirar profundamente<\/a>\n<\/strong>establecer intenciones puede ayudarnos a <strong>afrontar el d\u00eda con claridad y determinaci\u00f3n.<\/strong><\/li>\n<\/ul>\n\n<p><\/p>\n\n<ul>\n<li><strong>Aprovechar el poder del impulso<\/strong>: \u00bfTe has dado cuenta alguna vez de <em>que realizar incluso peque\u00f1as tareas al principio del d\u00eda puede desencadenar una reacci\u00f3n en cadena de productividad?<\/em> Si empezamos el d\u00eda con acciones decididas, podemos <strong>crear un impulso<\/strong> que nos acompa\u00f1e durante el resto de la jornada. Ya sea abordando un proyecto dif\u00edcil, haciendo ejercicio o practicando <strong>\n  <a href=\"https:\/\/luciepo.com\/es\/15-ejercicios-rapidos-de-conexion-a-tierra-tecnicas-de-conexion-a-tierra-para-una-calma-y-estabilidad-instantaneas\/\" data-type=\"link\" data-id=\"https:\/\/luciepo.com\/chair-grounding-exercise\">mindfulness<\/a>\n<\/strong>empezar el d\u00eda con intenci\u00f3n puede <strong>ayudarnos a mantenernos motivados y concentrados.<\/strong><\/li>\n<\/ul>\n\n<p><\/p>\n\n<ul>\n<li><strong>Cultivar la resiliencia<\/strong>: La vida est\u00e1 llena de altibajos, pero nuestra capacidad para recuperarnos de los contratiempos a menudo depende de <strong>c\u00f3mo afrontemos cada nuevo d\u00eda<\/strong>. Al <strong>cultivar una mentalidad de resiliencia<\/strong>, podemos <strong>ver los retos como oportunidades de crecimiento y aprendizaje<\/strong>. En lugar de obsesionarnos con los fracasos o contratiempos del pasado, <strong>podemos elegir ver cada nuevo d\u00eda como una oportunidad para aprender, crecer y mejorar<\/strong>.<\/li>\n<\/ul>\n\n<div style=\"height:33px\" aria-hidden=\"true\" class=\"wp-block-spacer\"><\/div>\n\n<ul>\n<li><strong>Encontrar la alegr\u00eda en el momento presente<\/strong>: En un mundo tan acelerado como el nuestro, <strong>es f\u00e1cil dejarse llevar por las preocupaciones por el futuro o los remordimientos por el pasado.<\/strong> Sin embargo, en el momento <strong>presente es donde se encuentran la verdadera alegr\u00eda y la plenitud<\/strong>. Al empezar cada d\u00eda con <strong>\n  <a href=\"https:\/\/luciepo.com\/es\/10-poderosos-ejercicios-de-respiracion-somatica-entrenamiento-en-respiracion-somatica\/\" data-type=\"link\" data-id=\"https:\/\/luciepo.com\/somatic-breathing-exercises\/\">atenci\u00f3n plena y presencia<\/a>\n<\/strong>podemos apreciar plenamente la belleza y la maravilla de la vida que se despliega a nuestro alrededor.<\/li>\n<\/ul>\n\n<div style=\"height:33px\" aria-hidden=\"true\" class=\"wp-block-spacer\"><\/div>\n\n<h2 id='lleva-el-sol-a-tu-rutina-diaria-una-gu\u00eda-pr\u00e1ctica-para-utilizar-las-citas-del-sol-con-eficacia'  id=\"boomdevs_2\" class=\"wp-block-heading\" ><strong>Lleva el sol a tu rutina diaria: Una Gu\u00eda Pr\u00e1ctica para Utilizar las Citas del Sol con Eficacia<\/strong><\/h2>\n\n<div style=\"height:33px\" aria-hidden=\"true\" class=\"wp-block-spacer\"><\/div>\n\n<p id=\"isPasted\">As\u00ed que tienes este tesoro de citas sobre el sol al alcance de la mano.  <\/p>\n\n<p id=\"isPasted\">Pero, <strong>\u00bfc\u00f3mo sacarles el m\u00e1ximo partido para alegrarse de verdad el d\u00eda?<\/strong> <\/p>\n\n<p id=\"isPasted\">Ve\u00e1moslo paso a paso:<\/p>\n\n<div style=\"height:33px\" aria-hidden=\"true\" class=\"wp-block-spacer\"><\/div>\n\n<h3 id='rituales-matutinos'  id=\"boomdevs_3\" class=\"wp-block-heading\" ><span class=\"ez-toc-section\" id=\"Rituales_matutinos\"><\/span>Rituales matutinos<span class=\"ez-toc-section-end\"><\/span><\/h3>\n\n<ul>\n<li>Empieza el d\u00eda con <strong>un tono positivo<\/strong>. Elige una cita que te haga sentir bien <strong>y convi\u00e9rtela en parte de tu <a href=\"https:\/\/luciepo.com\/es\/17-rutinas-matutinas-sencillas-y-saludables-para-empezar-el-dia-con-energia\/\" data-type=\"link\" data-id=\"https:\/\/luciepo.com\/healthy-morning-routines\/\">ritual matutino<\/a>.<\/strong><\/li>\n<\/ul>\n\n<p><\/p>\n\n<ul>\n<li>Tanto si la escribes en <strong>tu diario como si la pones en tu escritorio o la repites como afirmaci\u00f3n durante tu meditaci\u00f3n matutina<\/strong>, deja que la cita te sirva <strong>de recordatorio <\/strong>para afrontar el d\u00eda con optimismo y alegr\u00eda.<\/li>\n<\/ul>\n\n<div style=\"height:33px\" aria-hidden=\"true\" class=\"wp-block-spacer\"><\/div>\n\n<h3 id='refuerzo-de-mediod\u00eda'  id=\"boomdevs_4\" class=\"wp-block-heading\" >Refuerzo de mediod\u00eda<\/h3>\n\n<ul>\n<li>\u00bfAlguna vez has tenido ese baj\u00f3n de energ\u00eda y motivaci\u00f3n a mediod\u00eda? Ah\u00ed es donde <strong>una cita de sol bien oportuna puede venir al rescate.<\/strong><\/li>\n<\/ul>\n\n<p><\/p>\n\n<ul>\n<li>Ten <strong>a mano algunas citas favoritas <\/strong>en tu tel\u00e9fono o escritorio. Cuando sientas que tu energ\u00eda decae, <strong>t\u00f3mate un momento para leer una cita que te levante el \u00e1nimo y te inspire<\/strong>. Es como una peque\u00f1a charla de \u00e1nimo para ayudarte a sobrellevar el resto del d\u00eda.<\/li>\n<\/ul>\n\n<div style=\"height:33px\" aria-hidden=\"true\" class=\"wp-block-spacer\"><\/div>\n\n<h3 id='reflexi\u00f3n-vespertina'  id=\"boomdevs_5\" class=\"wp-block-heading\" >Reflexi\u00f3n vespertina<\/h3>\n\n<ul>\n<li>A medida que el d\u00eda termina y te preparas para descansar, <strong>t\u00f3mate un momento para reflexionar sobre las bendiciones del d\u00eda con una cita de sol.<\/strong><\/li>\n<\/ul>\n\n<p><\/p>\n\n<ul>\n<li>Incorpora la cita a tu <strong>rutina nocturna<\/strong>, ya sea como parte de tu <strong>\n  <a href=\"https:\/\/shop.beacons.ai\/luciepo\/0666734d-7e6d-414b-9dad-aadea0c56c4c\" target=\"_blank\" rel=\"noopener\">pr\u00e1ctica de gratitud<\/a>\n<\/strong>o simplemente<strong> un momento de contemplaci\u00f3n en silencio<\/strong>. Deja que la cita te llene de <strong>\n  <a href=\"https:\/\/luciepo.com\/es\/las-10-actividades-de-gratitud-mas-populares-para-adultos\/\" data-type=\"link\" data-id=\"https:\/\/luciepo.com\/10-most-popular-gratitude-activities-for-adults\/\">gratitud<\/a>\n<\/strong> por el d\u00eda que ha pasado y esperanza por el d\u00eda que viene.<\/li>\n<\/ul>\n\n<div style=\"height:33px\" aria-hidden=\"true\" class=\"wp-block-spacer\"><\/div>\n\n<h3 id='comparte-el-sol'  id=\"boomdevs_6\" class=\"wp-block-heading\" ><span class=\"ez-toc-section\" id=\"Comparte_el_sol\"><\/span>Comparte el sol<span class=\"ez-toc-section-end\"><\/span><\/h3>\n\n<ul>\n<li>No te guardes el sol para ti. <strong>Comparte<\/strong> tus citas favoritas con <strong>amigos, familiares, compa\u00f1eros de trabajo o personas de tu <a href=\"https:\/\/luciepo.com\/community\" data-type=\"link\" data-id=\"https:\/\/luciepo.com\/community\">grupo favorito de <\/a><\/strong> FB a <strong>las que les vendr\u00eda bien un poco de \u00e1nimo.<\/strong><\/li>\n<\/ul>\n\n<p><\/p>\n\n<ul>\n<li><strong>Tanto<\/strong> si lo env\u00edas en un <strong>mensaje de texto, lo compartes en las redes sociales o lo incluyes en una nota manuscrita,<\/strong> <strong>difundir positividad es contagioso. <\/strong>Qui\u00e9n sabe, <strong>\u00a1puede que le alegres el d\u00eda a otra persona!<\/strong><\/li>\n<\/ul>\n\n<div style=\"height:33px\" aria-hidden=\"true\" class=\"wp-block-spacer\"><\/div>\n\n<h2 id='una-colecci\u00f3n-de-frases-para-alegrarte-el-d\u00eda'  id=\"boomdevs_7\" class=\"wp-block-heading\" ><strong>Una colecci\u00f3n de frases para alegrarte el d\u00eda<\/strong><\/h2>\n\n<div style=\"height:33px\" aria-hidden=\"true\" class=\"wp-block-spacer\"><\/div>\n\n<ul>\n<li>&#8221; Cada amanecer trae un nuevo d\u00eda lleno de infinitas posibilidades&#8221;.<\/li>\n\n\n\n<li>&#8220;Que tu d\u00eda sea tan brillante como el sol que brilla a trav\u00e9s de tu ventana&#8221;.<\/li>\n\n\n\n<li>&#8220;Con cada amanecer, se nos da la oportunidad de perseguir nuestros sue\u00f1os&#8221;.<\/li>\n\n\n\n<li>&#8220;Lev\u00e1ntate y brilla, el mundo espera tu luz&#8221;.<\/li>\n\n\n\n<li>&#8220;Deja que el sol de la ma\u00f1ana encienda el fuego dentro de ti&#8221;.<\/li>\n\n\n\n<li>&#8220;El sol sale para recordarnos que cada d\u00eda es un nuevo comienzo&#8221;.<\/li>\n\n\n\n<li>&#8220;\u00a1Buenos d\u00edas! Empieza el d\u00eda con una sonrisa y deja brillar tu luz&#8221;.<\/li>\n\n\n\n<li>&#8220;En la luz de la ma\u00f1ana, encuentra la fuerza para conquistar el d\u00eda&#8221;.<\/li>\n\n\n\n<li>&#8220;Abraza el calor del sol de la ma\u00f1ana y deja que te llene de energ\u00eda&#8221;.<\/li>\n\n\n\n<li>&#8220;Despierta con gratitud, porque cada ma\u00f1ana es un regalo de sol&#8221;.<\/li>\n\n\n\n<li>&#8220;Amanece y con \u00e9l llega la promesa de un hermoso d\u00eda&#8221;.<\/li>\n\n\n\n<li>&#8220;Que tu d\u00eda est\u00e9 lleno de sol y tu coraz\u00f3n de alegr\u00eda&#8221;.<\/li>\n\n\n\n<li>&#8220;Da la bienvenida al sol de la ma\u00f1ana mientras susurra esperanza en tu alma&#8221;.<\/li>\n\n\n\n<li>&#8220;Recibe el d\u00eda con los brazos abiertos y deja que la luz del sol gu\u00ede tu camino&#8221;.<\/li>\n\n\n\n<li>&#8220;Al salir el sol, deja ir las preocupaciones de ayer y abraza las bendiciones de hoy&#8221;.<\/li>\n<\/ul>\n\n<div style=\"height:33px\" aria-hidden=\"true\" class=\"wp-block-spacer\"><\/div>\n<div class=\"wp-block-image\">\n<figure class=\"aligncenter size-large\"><img decoding=\"async\" loading=\"lazy\" width=\"576\" height=\"1024\" src=\"https:\/\/luciepo.com\/wp-content\/uploads\/2024\/03\/good-day-sunshine-quotes-1-576x1024.jpg\" alt=\"buenos dias sol citas cortas\" class=\"wp-image-4881\" srcset=\"https:\/\/luciepo.com\/wp-content\/uploads\/2024\/03\/good-day-sunshine-quotes-1-576x1024.jpg 576w, https:\/\/luciepo.com\/wp-content\/uploads\/2024\/03\/good-day-sunshine-quotes-1-169x300.jpg 169w, https:\/\/luciepo.com\/wp-content\/uploads\/2024\/03\/good-day-sunshine-quotes-1-768x1365.jpg 768w, https:\/\/luciepo.com\/wp-content\/uploads\/2024\/03\/good-day-sunshine-quotes-1-864x1536.jpg 864w, https:\/\/luciepo.com\/wp-content\/uploads\/2024\/03\/good-day-sunshine-quotes-1.jpg 1080w\" sizes=\"(max-width: 576px) 100vw, 576px\" \/><\/figure><\/div>\n<div style=\"height:33px\" aria-hidden=\"true\" class=\"wp-block-spacer\"><\/div>\n\n<ul>\n<li>&#8220;\u00a1Buenos d\u00edas! Que tu d\u00eda sea tan radiante como el sol que brilla en el cielo&#8221;.<\/li>\n\n\n\n<li>&#8220;Con cada amanecer, se nos da otra oportunidad de marcar la diferencia&#8221;.<\/li>\n\n\n\n<li>&#8220;Empieza el d\u00eda con un coraz\u00f3n agradecido y deja que entre el sol&#8221;.<\/li>\n\n\n\n<li>&#8220;El sol de la ma\u00f1ana trae un nuevo d\u00eda, un nuevo comienzo y nuevas oportunidades&#8221;.<\/li>\n\n\n\n<li>&#8220;Que los rayos del sol iluminen tu camino y te conduzcan al \u00e9xito&#8221;.<\/li>\n\n\n\n<li>&#8220;Lev\u00e1ntate y brilla, porque el mundo espera tu resplandor&#8221;.<\/li>\n\n\n\n<li>&#8220;Deja que el sol de la ma\u00f1ana caliente tu esp\u00edritu y te llene de positividad&#8221;.<\/li>\n\n\n\n<li>&#8220;El amanecer de un nuevo d\u00eda es la forma que tiene la naturaleza de recordarnos que debemos brillar&#8221;.<\/li>\n\n\n\n<li>&#8220;\u00a1Buenos d\u00edas! Hoy es tu d\u00eda para brillar con luz propia&#8221;.<\/li>\n\n\n\n<li>&#8220;Con cada amanecer, recordamos la belleza de los nuevos comienzos&#8221;.<\/li>\n\n\n\n<li>&#8220;Que el sol de la ma\u00f1ana bese tus mejillas e ilumine tu d\u00eda&#8221;.<\/li>\n\n\n\n<li>&#8220;Despi\u00e9rtate con determinaci\u00f3n, acu\u00e9state con satisfacci\u00f3n&#8221;.<\/li>\n\n\n\n<li>&#8220;Aprovecha el d\u00eda y hazlo tuyo, porque el sol no espera a nadie&#8221;.<\/li>\n\n\n\n<li>&#8220;\u00a1Buenos d\u00edas! Que tu d\u00eda sea tan radiante como el propio sol&#8221;.<\/li>\n\n\n\n<li>&#8220;Deja que el sol de la ma\u00f1ana te recuerde la luz que brilla en tu interior&#8221;.<\/li>\n\n\n\n<li>&#8220;El sol sale para saludarnos, y as\u00ed debemos levantarnos para saludar al d\u00eda&#8221;.<\/li>\n\n\n\n<li>&#8220;A la luz de la ma\u00f1ana, encuentra el coraje para perseguir tus sue\u00f1os&#8221;.<\/li>\n\n\n\n<li>&#8220;Cada amanecer es un recordatorio de que tienes otra oportunidad de marcar la diferencia&#8221;.<\/li>\n\n\n\n<li>&#8220;Con el amanecer de un nuevo d\u00eda llega la promesa de infinitas posibilidades&#8221;.<\/li>\n\n\n\n<li>&#8220;Que el sol de la ma\u00f1ana llene tu coraz\u00f3n de calor y tu alma de paz&#8221;.<\/li>\n\n\n\n<li>&#8220;\u00a1Buenos d\u00edas! Que tu d\u00eda sea tan brillante como el sol que brilla en el cielo&#8221;.<\/li>\n<\/ul>\n\n<div style=\"height:33px\" aria-hidden=\"true\" class=\"wp-block-spacer\"><\/div>\n<div class=\"wp-block-image\">\n<figure class=\"aligncenter size-large\"><img decoding=\"async\" loading=\"lazy\" width=\"576\" height=\"1024\" src=\"https:\/\/luciepo.com\/wp-content\/uploads\/2024\/03\/good-day-sunshine-quotes-1-1-576x1024.jpg\" alt=\"sunshine quotes short\" class=\"wp-image-4882\" srcset=\"https:\/\/luciepo.com\/wp-content\/uploads\/2024\/03\/good-day-sunshine-quotes-1-1-576x1024.jpg 576w, https:\/\/luciepo.com\/wp-content\/uploads\/2024\/03\/good-day-sunshine-quotes-1-1-169x300.jpg 169w, https:\/\/luciepo.com\/wp-content\/uploads\/2024\/03\/good-day-sunshine-quotes-1-1-768x1365.jpg 768w, https:\/\/luciepo.com\/wp-content\/uploads\/2024\/03\/good-day-sunshine-quotes-1-1-864x1536.jpg 864w, https:\/\/luciepo.com\/wp-content\/uploads\/2024\/03\/good-day-sunshine-quotes-1-1.jpg 1080w\" sizes=\"(max-width: 576px) 100vw, 576px\" \/><\/figure><\/div>\n<div style=\"height:33px\" aria-hidden=\"true\" class=\"wp-block-spacer\"><\/div>\n\n<ul>\n<li>&#8220;Al salir el sol, deja que tus preocupaciones se desvanezcan y que tus sue\u00f1os levanten el vuelo&#8221;.<\/li>\n\n\n\n<li>&#8220;Abraza la luz de la ma\u00f1ana y deja que te gu\u00ede a lo largo del d\u00eda&#8221;.<\/li>\n\n\n\n<li>&#8220;Da la bienvenida al d\u00eda con los brazos abiertos y deja que entre el sol&#8221;.<\/li>\n\n\n\n<li>&#8220;Con cada amanecer, se nos regala un nuevo d\u00eda&#8221;.<\/li>\n\n\n\n<li>&#8220;Que tu d\u00eda sea tan hermoso y radiante como el sol de la ma\u00f1ana&#8221;.<\/li>\n\n\n\n<li>&#8220;\u00a1Buenos d\u00edas! Hoy es un lienzo en blanco: p\u00edntalo con tus colores m\u00e1s brillantes&#8221;.<\/li>\n\n\n\n<li>&#8220;A la luz de la ma\u00f1ana, encuentra la inspiraci\u00f3n para perseguir tus sue\u00f1os&#8221;.<\/li>\n\n\n\n<li>&#8220;El sol sale para recordarnos que cada d\u00eda es un nuevo comienzo&#8221;.<\/li>\n\n\n\n<li>&#8220;Con cada amanecer, se nos da la oportunidad de empezar de nuevo&#8221;.<\/li>\n\n\n\n<li>&#8220;Que la ma\u00f1ana ilumine tu camino y te conduzca a la grandeza&#8221;.<\/li>\n\n\n\n<li>&#8220;Abraza el amanecer con un coraz\u00f3n agradecido y deja que entre la luz del sol&#8221;.<\/li>\n\n\n\n<li>&#8220;\u00a1Buenos d\u00edas! Deja entrar la luz del sol y destierra la oscuridad de tu alma&#8221;.<\/li>\n\n\n\n<li>&#8220;El sol de la ma\u00f1ana trae consigo un nuevo d\u00eda y nuevas posibilidades&#8221;.<\/li>\n\n\n\n<li>&#8220;Lev\u00e1ntate y brilla, porque el mundo est\u00e1 esperando que brille tu luz&#8221;.<\/li>\n\n\n\n<li>&#8220;Deja que el sol de la ma\u00f1ana te recuerde la belleza que te rodea&#8221;.<\/li>\n\n\n\n<li>&#8220;Con cada amanecer, tenemos la oportunidad de marcar la diferencia&#8221;.<\/li>\n\n\n\n<li>&#8220;Que tu d\u00eda sea tan brillante y hermoso como el sol de la ma\u00f1ana&#8221;.<\/li>\n\n\n\n<li>&#8220;\u00a1Buenos d\u00edas! Hoy es tu d\u00eda para brillar y perseguir tus sue\u00f1os&#8221;.<\/li>\n\n\n\n<li>&#8220;A la luz de la ma\u00f1ana, encuentra la fuerza para superar cualquier obst\u00e1culo&#8221;.<\/li>\n\n\n\n<li>&#8220;El sol sale para recordarnos que siempre hay luz despu\u00e9s de la oscuridad&#8221;.<\/li>\n<\/ul>\n\n<div style=\"height:33px\" aria-hidden=\"true\" class=\"wp-block-spacer\"><\/div>\n<div class=\"wp-block-image\">\n<figure class=\"aligncenter size-large\"><img decoding=\"async\" loading=\"lazy\" width=\"576\" height=\"1024\" src=\"https:\/\/luciepo.com\/wp-content\/uploads\/2024\/03\/good-day-sunshine-quotes-2-576x1024.jpg\" alt=\"sunshine quotes for instagram\" class=\"wp-image-4883\" srcset=\"https:\/\/luciepo.com\/wp-content\/uploads\/2024\/03\/good-day-sunshine-quotes-2-576x1024.jpg 576w, https:\/\/luciepo.com\/wp-content\/uploads\/2024\/03\/good-day-sunshine-quotes-2-169x300.jpg 169w, https:\/\/luciepo.com\/wp-content\/uploads\/2024\/03\/good-day-sunshine-quotes-2-768x1365.jpg 768w, https:\/\/luciepo.com\/wp-content\/uploads\/2024\/03\/good-day-sunshine-quotes-2-864x1536.jpg 864w, https:\/\/luciepo.com\/wp-content\/uploads\/2024\/03\/good-day-sunshine-quotes-2.jpg 1080w\" sizes=\"(max-width: 576px) 100vw, 576px\" \/><\/figure><\/div>\n<div style=\"height:33px\" aria-hidden=\"true\" class=\"wp-block-spacer\"><\/div>\n\n<ul>\n<li>&#8220;Con cada amanecer, se nos da un nuevo comienzo y un borr\u00f3n y cuenta nueva&#8221;.<\/li>\n\n\n\n<li>&#8220;Que el sol de la ma\u00f1ana caliente tu esp\u00edritu y te llene de alegr\u00eda&#8221;.<\/li>\n\n\n\n<li>&#8220;\u00a1Buenos d\u00edas! Deja que entre el sol y llene tu coraz\u00f3n de esperanza&#8221;.<\/li>\n\n\n\n<li>&#8220;A medida que sale el sol, deja que tus preocupaciones se desvanezcan y tu esp\u00edritu se eleve&#8221;.<\/li>\n\n\n\n<li>&#8220;Abraza el amanecer con gratitud y deja que entre la luz del sol&#8221;.<\/li>\n\n\n\n<li>&#8220;Que tu d\u00eda sea tan radiante y glorioso como el sol de la ma\u00f1ana&#8221;.<\/li>\n\n\n\n<li>&#8220;\u00a1Buenos d\u00edas! Hoy es un regalo: desenvu\u00e9lvelo con alegr\u00eda y gratitud&#8221;.<\/li>\n\n\n\n<li>&#8220;El sol sale para recordarnos que cada d\u00eda es una nueva oportunidad&#8221;.<\/li>\n\n\n\n<li>&#8220;Que la ma\u00f1ana ilumine tu camino y te gu\u00ede hacia el \u00e9xito&#8221;.<\/li>\n\n\n\n<li>&#8220;Abraza el amanecer con los brazos abiertos y deja que entre la luz del sol&#8221;.<\/li>\n\n\n\n<li>&#8220;Que tu d\u00eda sea tan radiante como el sol de la ma\u00f1ana&#8221;.<\/li>\n\n\n\n<li>&#8220;Despierta y persigue el amanecer, porque trae la promesa de un hermoso d\u00eda&#8221;.<\/li>\n\n\n\n<li>&#8220;Cada amanecer es un recordatorio de la belleza y la maravilla de la vida&#8221;.<\/li>\n\n\n\n<li>&#8220;Que el sol de la ma\u00f1ana se lleve tus preocupaciones y te llene de paz&#8221;.<\/li>\n\n\n\n<li>&#8220;Saluda al d\u00eda con una sonrisa, porque el sol brilla sobre ti con amor&#8221;.<\/li>\n\n\n\n<li>&#8220;A la luz de la ma\u00f1ana, encuentra el valor para ser la mejor versi\u00f3n de ti mismo&#8221;.<\/li>\n\n\n\n<li>&#8220;\u00a1Buenos d\u00edas! Deja que entre el sol e ilumine tu camino&#8221;.<\/li>\n\n\n\n<li>&#8220;Con cada amanecer, tenemos la oportunidad de escribir una nueva historia&#8221;.<\/li>\n<\/ul>\n\n<div style=\"height:33px\" aria-hidden=\"true\" class=\"wp-block-spacer\"><\/div>\n<div class=\"wp-block-image\">\n<figure class=\"aligncenter size-large\"><img decoding=\"async\" loading=\"lazy\" width=\"576\" height=\"1024\" src=\"https:\/\/luciepo.com\/wp-content\/uploads\/2024\/03\/good-day-sunshine-quotes-3-576x1024.jpg\" alt=\"be your own sunshine quotes\" class=\"wp-image-4884\" srcset=\"https:\/\/luciepo.com\/wp-content\/uploads\/2024\/03\/good-day-sunshine-quotes-3-576x1024.jpg 576w, https:\/\/luciepo.com\/wp-content\/uploads\/2024\/03\/good-day-sunshine-quotes-3-169x300.jpg 169w, https:\/\/luciepo.com\/wp-content\/uploads\/2024\/03\/good-day-sunshine-quotes-3-768x1365.jpg 768w, https:\/\/luciepo.com\/wp-content\/uploads\/2024\/03\/good-day-sunshine-quotes-3-864x1536.jpg 864w, https:\/\/luciepo.com\/wp-content\/uploads\/2024\/03\/good-day-sunshine-quotes-3.jpg 1080w\" sizes=\"(max-width: 576px) 100vw, 576px\" \/><\/figure><\/div>\n<div style=\"height:33px\" aria-hidden=\"true\" class=\"wp-block-spacer\"><\/div>\n\n<ul>\n<li>&#8220;Que tu d\u00eda sea tan brillante como el sol de la ma\u00f1ana, iluminando el mundo&#8221;.<\/li>\n\n\n\n<li>&#8220;Abraza la ma\u00f1ana con gratitud y deja que la luz del sol llene tu alma&#8221;.<\/li>\n\n\n\n<li>&#8220;Al salir el sol, deja que te recuerde las infinitas posibilidades que te esperan&#8221;.<\/li>\n\n\n\n<li>&#8220;El amanecer de un nuevo d\u00eda trae consigo infinitas oportunidades de crecimiento&#8221;.<\/li>\n\n\n\n<li>&#8220;Que el sol de la ma\u00f1ana sea un faro de esperanza en la oscuridad de la incertidumbre&#8221;.<\/li>\n\n\n\n<li>&#8220;Cada amanecer nos recuerda la belleza y el poder de la naturaleza&#8221;.<\/li>\n\n\n\n<li>&#8220;\u00a1Buenos d\u00edas! Que tu d\u00eda est\u00e9 lleno de amor, risas y sol&#8221;.<\/li>\n\n\n\n<li>&#8220;Despierta con determinaci\u00f3n, porque el sol de la ma\u00f1ana espera tus triunfos&#8221;.<\/li>\n\n\n\n<li>&#8220;Que el sol de la ma\u00f1ana caliente tu coraz\u00f3n y te inspire grandeza&#8221;.<\/li>\n\n\n\n<li>&#8220;A la luz de la ma\u00f1ana, encuentra la fuerza para superar cualquier obst\u00e1culo en tu camino&#8221;.<\/li>\n\n\n\n<li>&#8220;\u00a1Buenos d\u00edas! Hoy es tu lienzo: p\u00edntalo con los colores de la alegr\u00eda y la gratitud&#8221;.<\/li>\n\n\n\n<li>&#8220;Con cada amanecer, tenemos la oportunidad de influir positivamente&#8221;.<\/li>\n\n\n\n<li>&#8220;Abraza el amanecer con los brazos abiertos y deja que la luz del sol gu\u00ede tu camino&#8221;.<\/li>\n\n\n\n<li>&#8220;Deja que el sol de la ma\u00f1ana te recuerde las bendiciones que te rodean&#8221;.<\/li>\n\n\n\n<li>&#8220;Con cada amanecer, se nos recuerda que incluso las noches m\u00e1s oscuras terminan&#8221;.<\/li>\n\n\n\n<li>&#8220;Que tu d\u00eda sea tan radiante como el sol de la ma\u00f1ana, iluminando el mundo que te rodea&#8221;.<\/li>\n\n\n\n<li>&#8220;\u00a1Buenos d\u00edas! Lev\u00e1ntate con el sol y aprovecha el d\u00eda con entusiasmo&#8221;.<\/li>\n\n\n\n<li>&#8220;Despierta y saluda al d\u00eda con el coraz\u00f3n lleno de gratitud y alegr\u00eda&#8221;.<\/li>\n\n\n\n<li>&#8220;A la luz de la ma\u00f1ana, encuentra la inspiraci\u00f3n para perseguir tus sue\u00f1os con pasi\u00f3n&#8221;.<\/li>\n\n\n\n<li>&#8220;Que el sol de la ma\u00f1ana llene tu alma de paz y tu coraz\u00f3n de amor&#8221;.<\/li>\n\n\n\n<li>&#8220;Al salir el sol, deja que ilumine tu camino y te gu\u00ede hacia el \u00e9xito&#8221;.<\/li>\n\n\n\n<li>&#8220;El amanecer de un nuevo d\u00eda nos recuerda que cada final es un nuevo comienzo&#8221;.<\/li>\n<\/ul>\n\n<div style=\"height:33px\" aria-hidden=\"true\" class=\"wp-block-spacer\"><\/div>\n<div class=\"wp-block-image\">\n<figure class=\"aligncenter size-large\"><img decoding=\"async\" loading=\"lazy\" width=\"576\" height=\"1024\" src=\"https:\/\/luciepo.com\/wp-content\/uploads\/2024\/03\/good-day-sunshine-quotes-4-576x1024.jpg\" alt=\"frases de primavera\" class=\"wp-image-4885\" srcset=\"https:\/\/luciepo.com\/wp-content\/uploads\/2024\/03\/good-day-sunshine-quotes-4-576x1024.jpg 576w, https:\/\/luciepo.com\/wp-content\/uploads\/2024\/03\/good-day-sunshine-quotes-4-169x300.jpg 169w, https:\/\/luciepo.com\/wp-content\/uploads\/2024\/03\/good-day-sunshine-quotes-4-768x1365.jpg 768w, https:\/\/luciepo.com\/wp-content\/uploads\/2024\/03\/good-day-sunshine-quotes-4-864x1536.jpg 864w, https:\/\/luciepo.com\/wp-content\/uploads\/2024\/03\/good-day-sunshine-quotes-4.jpg 1080w\" sizes=\"(max-width: 576px) 100vw, 576px\" \/><\/figure><\/div>\n<div style=\"height:33px\" aria-hidden=\"true\" class=\"wp-block-spacer\"><\/div>\n\n<ul>\n<li>&#8220;Que el sol de la ma\u00f1ana nos recuerde la belleza y la maravilla de la vida&#8221;.<\/li>\n\n\n\n<li>&#8220;Con cada amanecer, tenemos la oportunidad de empezar de nuevo y marcar la diferencia&#8221;.<\/li>\n\n\n\n<li>&#8220;\u00a1Buenos d\u00edas! Hoy es un regalo: desenvu\u00e9lvelo con gratitud y alegr\u00eda&#8221;.<\/li>\n\n\n\n<li>&#8220;Despi\u00e9rtate con determinaci\u00f3n y deja que el sol de la ma\u00f1ana te gu\u00ede&#8221;.<\/li>\n\n\n\n<li>&#8220;Que tu d\u00eda sea tan luminoso como el sol de la ma\u00f1ana, brillando con infinitas posibilidades&#8221;.<\/li>\n\n\n\n<li>&#8220;Abraza el amanecer con esperanza y deja que la luz del sol llene tu coraz\u00f3n de felicidad&#8221;.<\/li>\n\n\n\n<li>&#8220;Con cada amanecer, recordamos las infinitas posibilidades que tenemos por delante&#8221;.<\/li>\n\n\n\n<li>&#8220;Deja que el sol de la ma\u00f1ana sea un s\u00edmbolo de esperanza y renovaci\u00f3n en tu vida&#8221;.<\/li>\n\n\n\n<li>&#8220;Con cada amanecer, se nos da la oportunidad de brillar m\u00e1s que antes&#8221;.<\/li>\n\n\n\n<li>&#8220;\u00a1Buenos d\u00edas! Lev\u00e1ntate con el sol y deja que tu luz ilumine el mundo&#8221;.<\/li>\n\n\n\n<li>&#8220;Despierta y abraza el d\u00eda con gratitud y positividad&#8221;.<\/li>\n\n\n\n<li>&#8220;Al salir el sol, deja que derrita las preocupaciones de ayer y llene tu d\u00eda de calidez&#8221;.<\/li>\n\n\n\n<li>&#8220;Que el sol de la ma\u00f1ana traiga claridad a tu mente y fuerza a tu esp\u00edritu&#8221;.<\/li>\n\n\n\n<li>&#8220;A la luz de la ma\u00f1ana, encuentra consuelo en la belleza del despertar de la naturaleza&#8221;.<\/li>\n\n\n\n<li>&#8220;\u00a1Buenos d\u00edas! Hoy tienes la oportunidad de brillar m\u00e1s que nunca&#8221;.<\/li>\n\n\n\n<li>&#8220;Abraza el amanecer con el coraz\u00f3n lleno de sue\u00f1os y los ojos llenos de asombro&#8221;.<\/li>\n\n\n\n<li>&#8220;Con cada amanecer, se nos recuerda el precioso regalo de otro d\u00eda&#8221;.<\/li>\n\n\n\n<li>&#8220;Que el sol de la ma\u00f1ana sea un recordatorio para vivir cada momento con intenci\u00f3n y prop\u00f3sito&#8221;.<\/li>\n<\/ul>\n\n<div style=\"height:33px\" aria-hidden=\"true\" class=\"wp-block-spacer\"><\/div>\n<div class=\"wp-block-image\">\n<figure class=\"aligncenter size-large\"><img decoding=\"async\" loading=\"lazy\" width=\"576\" height=\"1024\" src=\"https:\/\/luciepo.com\/wp-content\/uploads\/2024\/03\/good-day-sunshine-quotes-5-576x1024.jpg\" alt=\"citas cortas inspiradoras de primavera\" class=\"wp-image-4886\" srcset=\"https:\/\/luciepo.com\/wp-content\/uploads\/2024\/03\/good-day-sunshine-quotes-5-576x1024.jpg 576w, https:\/\/luciepo.com\/wp-content\/uploads\/2024\/03\/good-day-sunshine-quotes-5-169x300.jpg 169w, https:\/\/luciepo.com\/wp-content\/uploads\/2024\/03\/good-day-sunshine-quotes-5-768x1365.jpg 768w, https:\/\/luciepo.com\/wp-content\/uploads\/2024\/03\/good-day-sunshine-quotes-5-864x1536.jpg 864w, https:\/\/luciepo.com\/wp-content\/uploads\/2024\/03\/good-day-sunshine-quotes-5.jpg 1080w\" sizes=\"(max-width: 576px) 100vw, 576px\" \/><\/figure><\/div>\n<div style=\"height:33px\" aria-hidden=\"true\" class=\"wp-block-spacer\"><\/div>\n\n<ul>\n<li>&#8220;Con cada amanecer, se nos da la oportunidad de reescribir nuestra historia y crear una obra maestra&#8221;.<\/li>\n\n\n\n<li>&#8220;\u00a1Buenos d\u00edas! Despi\u00e9rtate con determinaci\u00f3n y acu\u00e9state con satisfacci\u00f3n&#8221;.<\/li>\n\n\n\n<li>&#8220;Que tu d\u00eda sea tan radiante como el sol de la ma\u00f1ana, iluminando el mundo con tu presencia&#8221;.<\/li>\n\n\n\n<li>&#8220;Lev\u00e1ntate y brilla, porque el mundo espera ser deslumbrado por tu resplandor&#8221;.<\/li>\n\n\n\n<li>&#8220;Deja que el sol de la ma\u00f1ana sea un s\u00edmbolo de esperanza y renovaci\u00f3n, que te gu\u00ede hacia tus sue\u00f1os&#8221;.<\/li>\n\n\n\n<li>&#8220;Con cada amanecer, se nos regala un nuevo comienzo&#8221;.<\/li>\n\n\n\n<li>&#8220;\u00a1Buenos d\u00edas! Hoy es un lienzo en blanco: p\u00edntalo con los colores de tus sue\u00f1os&#8221;.<\/li>\n\n\n\n<li>&#8220;Despi\u00e9rtate con prop\u00f3sito, porque cada amanecer trae la oportunidad de crecer y transformarse&#8221;.<\/li>\n\n\n\n<li>&#8220;Que el sol de la ma\u00f1ana infunda positividad a tu d\u00eda y llene tu coraz\u00f3n de alegr\u00eda&#8221;.<\/li>\n\n\n\n<li>&#8220;A la luz de la ma\u00f1ana, encuentra el valor para adentrarte con valent\u00eda en lo desconocido&#8221;.<\/li>\n\n\n\n<li>&#8220;\u00a1Buenos d\u00edas! Deja que entre el sol y destierra las sombras de la duda de tu mente&#8221;.<\/li>\n\n\n\n<li>&#8220;Con cada amanecer, se nos recuerda que incluso las noches m\u00e1s oscuras deben dar paso al amanecer&#8221;.<\/li>\n\n\n\n<li>&#8220;Abraza el amanecer con los brazos abiertos y deja que la belleza de la ma\u00f1ana llene tu alma&#8221;.<\/li>\n<\/ul>\n\n<div style=\"height:33px\" aria-hidden=\"true\" class=\"wp-block-spacer\"><\/div>\n<div class=\"wp-block-image\">\n<figure class=\"aligncenter size-large\"><img decoding=\"async\" loading=\"lazy\" width=\"576\" height=\"1024\" src=\"https:\/\/luciepo.com\/wp-content\/uploads\/2024\/03\/good-day-sunshine-quotes-6-576x1024.jpg\" alt=\"citas de feliz primavera\" class=\"wp-image-4887\" srcset=\"https:\/\/luciepo.com\/wp-content\/uploads\/2024\/03\/good-day-sunshine-quotes-6-576x1024.jpg 576w, https:\/\/luciepo.com\/wp-content\/uploads\/2024\/03\/good-day-sunshine-quotes-6-169x300.jpg 169w, https:\/\/luciepo.com\/wp-content\/uploads\/2024\/03\/good-day-sunshine-quotes-6-768x1365.jpg 768w, https:\/\/luciepo.com\/wp-content\/uploads\/2024\/03\/good-day-sunshine-quotes-6-864x1536.jpg 864w, https:\/\/luciepo.com\/wp-content\/uploads\/2024\/03\/good-day-sunshine-quotes-6.jpg 1080w\" sizes=\"(max-width: 576px) 100vw, 576px\" \/><\/figure><\/div>\n<div style=\"height:33px\" aria-hidden=\"true\" class=\"wp-block-spacer\"><\/div>\n\n<ul>\n<li>&#8220;Que el sol de la ma\u00f1ana nos recuerde que cada d\u00eda es una nueva oportunidad para marcar la diferencia&#8221;.<\/li>\n\n\n\n<li>&#8220;Con cada amanecer, se nos da la oportunidad de crear una vida llena de prop\u00f3sito y significado&#8221;.<\/li>\n\n\n\n<li>&#8220;\u00a1Buenos d\u00edas! Lev\u00e1ntate con el sol y deja que tu esp\u00edritu se eleve sobre sus rayos dorados&#8221;.<\/li>\n\n\n\n<li>&#8220;Despierta con gratitud y deja que el sol de la ma\u00f1ana sea un reflejo de la abundancia en tu vida&#8221;.<\/li>\n\n\n\n<li>&#8220;Que tu d\u00eda sea tan brillante como el sol de la ma\u00f1ana, brillando con infinitas posibilidades y oportunidades&#8221;.<\/li>\n\n\n\n<li>&#8220;A la luz de la ma\u00f1ana, encuentra la fuerza para afrontar cualquier reto que te depare el d\u00eda&#8221;.<\/li>\n\n\n\n<li>&#8220;\u00a1Buenos d\u00edas! Hoy es tu d\u00eda para brillar, as\u00ed que deja que tu luz ilumine el mundo&#8221;.<\/li>\n\n\n\n<li>&#8220;Con cada amanecer, se nos recuerda la resistencia y la belleza del esp\u00edritu humano&#8221;.<\/li>\n\n\n\n<li>&#8220;Abraza el amanecer con esperanza y deja que el sol de la ma\u00f1ana sea un faro que te gu\u00ede hacia tus sue\u00f1os&#8221;.<\/li>\n\n\n\n<li>&#8220;Que el sol de la ma\u00f1ana nos recuerde que cada d\u00eda es un nuevo comienzo, lleno de promesas y potencial&#8221;.<\/li>\n\n\n\n<li>&#8220;Con cada amanecer, se nos da la oportunidad de elevarnos por encima de nuestras circunstancias y crear una vida que amemos&#8221;.<\/li>\n\n\n\n<li>&#8220;\u00a1Buenos d\u00edas! Despierta con determinaci\u00f3n y deja que el sol de la ma\u00f1ana alimente tu pasi\u00f3n&#8221;.<\/li>\n\n\n\n<li>&#8220;Que tu d\u00eda sea tan radiante como el sol de la ma\u00f1ana, llen\u00e1ndote de calor y felicidad&#8221;.<\/li>\n\n\n\n<li>&#8220;A la luz de la ma\u00f1ana, encuentra inspiraci\u00f3n en la sencilla belleza del mundo que te rodea&#8221;.<\/li>\n\n\n\n<li>&#8220;\u00a1Buenos d\u00edas! Hoy tienes la oportunidad de brillar con luz propia y causar un impacto positivo.&#8221;<\/li>\n\n\n\n<li>&#8220;Con cada amanecer, se nos recuerda el poder de la gratitud y la belleza de la vida&#8221;.<\/li>\n<\/ul>\n\n<div style=\"height:33px\" aria-hidden=\"true\" class=\"wp-block-spacer\"><\/div>\n<div class=\"wp-block-image\">\n<figure class=\"aligncenter size-large\"><img decoding=\"async\" loading=\"lazy\" width=\"576\" height=\"1024\" src=\"https:\/\/luciepo.com\/wp-content\/uploads\/2024\/03\/good-day-sunshine-quotes-7-576x1024.jpg\" alt=\"primavera frases inspiradoras\" class=\"wp-image-4888\" srcset=\"https:\/\/luciepo.com\/wp-content\/uploads\/2024\/03\/good-day-sunshine-quotes-7-576x1024.jpg 576w, https:\/\/luciepo.com\/wp-content\/uploads\/2024\/03\/good-day-sunshine-quotes-7-169x300.jpg 169w, https:\/\/luciepo.com\/wp-content\/uploads\/2024\/03\/good-day-sunshine-quotes-7-768x1365.jpg 768w, https:\/\/luciepo.com\/wp-content\/uploads\/2024\/03\/good-day-sunshine-quotes-7-864x1536.jpg 864w, https:\/\/luciepo.com\/wp-content\/uploads\/2024\/03\/good-day-sunshine-quotes-7.jpg 1080w\" sizes=\"(max-width: 576px) 100vw, 576px\" \/><\/figure><\/div>\n<div style=\"height:33px\" aria-hidden=\"true\" class=\"wp-block-spacer\"><\/div>\n\n<ul>\n<li>&#8220;Abraza el amanecer con los brazos abiertos y deja que el sol de la ma\u00f1ana sea una fuente de fuerza y renovaci\u00f3n&#8221;.<\/li>\n\n\n\n<li>&#8220;Que el sol de la ma\u00f1ana nos recuerde que cada d\u00eda es un regalo, que espera ser desenvuelto con alegr\u00eda&#8221;.<\/li>\n\n\n\n<li>&#8220;Con cada amanecer, tenemos la oportunidad de empezar de nuevo y crear la vida de nuestros sue\u00f1os&#8221;.<\/li>\n\n\n\n<li>&#8220;\u00a1Buenos d\u00edas! Lev\u00e1ntate y brilla, porque el mundo espera ser inspirado por tu luz&#8221;.<\/li>\n\n\n\n<li>&#8220;A la luz de la ma\u00f1ana, encuentra consuelo en la promesa de un nuevo d\u00eda&#8221;.<\/li>\n\n\n\n<li>&#8220;Abraza el amanecer con gratitud y deja que el sol de la ma\u00f1ana sea tu gu\u00eda&#8221;.<\/li>\n\n\n\n<li>&#8220;\u00a1Buenos d\u00edas! Hoy es un regalo: apr\u00e9cialo con todo tu coraz\u00f3n&#8221;.<\/li>\n\n\n\n<li>&#8220;Despierta y saluda al d\u00eda con el coraz\u00f3n lleno de optimismo&#8221;.<\/li>\n\n\n\n<li>&#8220;Que el sol de la ma\u00f1ana te inspire a perseguir tus sue\u00f1os con pasi\u00f3n&#8221;.<\/li>\n\n\n\n<li>&#8220;A la luz de la ma\u00f1ana, encuentra el valor para dar un paso hacia tu grandeza&#8221;.<\/li>\n\n\n\n<li>&#8220;\u00a1Buenos d\u00edas! Deja que entre el sol e ilumina el mundo con tu sonrisa&#8221;.<\/li>\n\n\n\n<li>&#8220;Con cada amanecer, tenemos la oportunidad de escribir un nuevo cap\u00edtulo de nuestra historia&#8221;.<\/li>\n\n\n\n<li>&#8220;Abraza el amanecer con los brazos abiertos y deja que el sol de la ma\u00f1ana te llene de esperanza&#8221;.<\/li>\n\n\n\n<li>&#8220;Que el sol de la ma\u00f1ana nos recuerde las infinitas posibilidades que tenemos por delante&#8221;.<\/li>\n\n\n\n<li>&#8220;Con cada amanecer, se nos recuerda el poder de la resistencia y la perseverancia&#8221;.<\/li>\n\n\n\n<li>&#8220;\u00a1Buenos d\u00edas! Lev\u00e1ntate y brilla, porque el mundo espera asombrarse contigo&#8221;.<\/li>\n\n\n\n<li>&#8220;Despi\u00e9rtate con determinaci\u00f3n y deja que el sol de la ma\u00f1ana sea tu motivaci\u00f3n&#8221;.<\/li>\n\n\n\n<li>&#8220;Que tu d\u00eda sea tan brillante como el sol de la ma\u00f1ana, lleno de alegr\u00eda y risas&#8221;.<\/li>\n\n\n\n<li>&#8220;A la luz de la ma\u00f1ana, encuentra la inspiraci\u00f3n para vivir tu vida al m\u00e1ximo&#8221;.<\/li>\n<\/ul>\n\n<div style=\"height:33px\" aria-hidden=\"true\" class=\"wp-block-spacer\"><\/div>\n<div class=\"wp-block-image\">\n<figure class=\"aligncenter size-large\"><img decoding=\"async\" loading=\"lazy\" width=\"576\" height=\"1024\" src=\"https:\/\/luciepo.com\/wp-content\/uploads\/2024\/03\/good-day-sunshine-quotes-8-576x1024.jpg\" alt=\"citas de mayo feliz\" class=\"wp-image-4889\" srcset=\"https:\/\/luciepo.com\/wp-content\/uploads\/2024\/03\/good-day-sunshine-quotes-8-576x1024.jpg 576w, https:\/\/luciepo.com\/wp-content\/uploads\/2024\/03\/good-day-sunshine-quotes-8-169x300.jpg 169w, https:\/\/luciepo.com\/wp-content\/uploads\/2024\/03\/good-day-sunshine-quotes-8-768x1365.jpg 768w, https:\/\/luciepo.com\/wp-content\/uploads\/2024\/03\/good-day-sunshine-quotes-8-864x1536.jpg 864w, https:\/\/luciepo.com\/wp-content\/uploads\/2024\/03\/good-day-sunshine-quotes-8.jpg 1080w\" sizes=\"(max-width: 576px) 100vw, 576px\" \/><\/figure><\/div>\n<div style=\"height:33px\" aria-hidden=\"true\" class=\"wp-block-spacer\"><\/div>\n\n<ul>\n<li>&#8220;Abraza el amanecer con gratitud y deja que el sol de la ma\u00f1ana sea tu br\u00fajula&#8221;.<\/li>\n\n\n\n<li>&#8220;\u00a1Buenos d\u00edas! Hoy es tu oportunidad de marcar la diferencia en el mundo&#8221;.<\/li>\n\n\n\n<li>&#8220;Con cada amanecer, se nos da la oportunidad de hacer realidad nuestros sue\u00f1os&#8221;.<\/li>\n\n\n\n<li>&#8220;Que el sol de la ma\u00f1ana nos recuerde que cada d\u00eda es un nuevo comienzo&#8221;.<\/li>\n\n\n\n<li>&#8220;Cada amanecer nos recuerda la belleza del mundo natural&#8221;.<\/li>\n\n\n\n<li>&#8220;\u00a1Buenos d\u00edas! Despierta con prop\u00f3sito y deja que el sol de la ma\u00f1ana sea tu gu\u00eda&#8221;.<\/li>\n\n\n\n<li>&#8220;Despierta y aprovecha el d\u00eda, porque el sol de la ma\u00f1ana no espera a nadie&#8221;.<\/li>\n\n\n\n<li>&#8220;Que tu d\u00eda est\u00e9 lleno de sol y risas, como el sol de la ma\u00f1ana&#8221;.<\/li>\n\n\n\n<li>&#8220;A la luz de la ma\u00f1ana, encuentra la paz en los momentos de tranquilidad antes de que empiece el d\u00eda&#8221;.<\/li>\n\n\n\n<li>&#8220;Abraza el amanecer con los brazos abiertos y deja que el sol de la ma\u00f1ana se lleve tus preocupaciones&#8221;.<\/li>\n\n\n\n<li>&#8220;\u00a1Buenos d\u00edas! Hoy es tu d\u00eda para conquistar: sal y brilla&#8221;.<\/li>\n<\/ul>\n\n<div style=\"height:33px\" aria-hidden=\"true\" class=\"wp-block-spacer\"><\/div>\n<div class=\"wp-block-image\">\n<figure class=\"aligncenter size-large\"><img decoding=\"async\" loading=\"lazy\" width=\"576\" height=\"1024\" src=\"https:\/\/luciepo.com\/wp-content\/uploads\/2024\/03\/good-day-sunshine-quotes-9-576x1024.jpg\" alt=\"frases bonitas de mayo\" class=\"wp-image-4890\" srcset=\"https:\/\/luciepo.com\/wp-content\/uploads\/2024\/03\/good-day-sunshine-quotes-9-576x1024.jpg 576w, https:\/\/luciepo.com\/wp-content\/uploads\/2024\/03\/good-day-sunshine-quotes-9-169x300.jpg 169w, https:\/\/luciepo.com\/wp-content\/uploads\/2024\/03\/good-day-sunshine-quotes-9-768x1365.jpg 768w, https:\/\/luciepo.com\/wp-content\/uploads\/2024\/03\/good-day-sunshine-quotes-9-864x1536.jpg 864w, https:\/\/luciepo.com\/wp-content\/uploads\/2024\/03\/good-day-sunshine-quotes-9.jpg 1080w\" sizes=\"(max-width: 576px) 100vw, 576px\" \/><\/figure><\/div>\n<div style=\"height:33px\" aria-hidden=\"true\" class=\"wp-block-spacer\"><\/div>\n\n<ul>\n<li>&#8220;Cada amanecer nos recuerda la belleza y la maravilla de la vida&#8221;.<\/li>\n\n\n\n<li>&#8220;Despi\u00e9rtate con determinaci\u00f3n y deja que el sol de la ma\u00f1ana sea tu inspiraci\u00f3n&#8221;.<\/li>\n\n\n\n<li>&#8220;Que tu d\u00eda sea tan brillante como el sol de la ma\u00f1ana, iluminando incluso los rincones m\u00e1s oscuros&#8221;.<\/li>\n\n\n\n<li>&#8220;Abraza el amanecer con esperanza y deja que el sol de la ma\u00f1ana sea tu estrella gu\u00eda&#8221;.<\/li>\n\n\n\n<li>&#8220;\u00a1Buenos d\u00edas! Hoy es un nuevo comienzo: haz que cuente&#8221;.<\/li>\n\n\n\n<li>&#8220;Con cada amanecer, se nos regala otra oportunidad de marcar la diferencia&#8221;.<\/li>\n\n\n\n<li>&#8220;Despierta y abraza el d\u00eda con los brazos abiertos y el coraz\u00f3n agradecido&#8221;.<\/li>\n\n\n\n<li>&#8220;Que el sol de la ma\u00f1ana traiga calor a tu alma y luz a tu camino&#8221;.<\/li>\n\n\n\n<li>&#8220;A la luz de la ma\u00f1ana, encuentra consuelo en la belleza del mundo que despierta a tu alrededor&#8221;.<\/li>\n\n\n\n<li>&#8220;Abraza el amanecer con gratitud y deja que el sol de la ma\u00f1ana sea tu inspiraci\u00f3n&#8221;.<\/li>\n\n\n\n<li>&#8220;\u00a1Buenos d\u00edas! Hoy tienes la oportunidad de brillar y hacer realidad tus sue\u00f1os&#8221;.<\/li>\n\n\n\n<li>&#8220;Con cada amanecer, recordamos las infinitas posibilidades que tenemos por delante&#8221;.<\/li>\n\n\n\n<li>&#8220;Que tu d\u00eda est\u00e9 lleno de sol, risas e infinitas posibilidades&#8221;.<\/li>\n\n\n\n<li>&#8220;A la luz de la ma\u00f1ana, encuentra alegr\u00eda en los placeres sencillos de la vida&#8221;.<\/li>\n\n\n\n<li>&#8220;Con cada amanecer se nos da la oportunidad de empezar de nuevo y hacer realidad nuestros sue\u00f1os&#8221;.<\/li>\n\n\n\n<li>&#8220;Despi\u00e9rtate con determinaci\u00f3n y deja que el sol de la ma\u00f1ana te gu\u00ede&#8221;.<\/li>\n\n\n\n<li>&#8220;Que tu d\u00eda sea tan brillante como el sol de la ma\u00f1ana, iluminando el mundo con tu presencia&#8221;.<\/li>\n<\/ul>\n\n<div style=\"height:33px\" aria-hidden=\"true\" class=\"wp-block-spacer\"><\/div>\n\n<hr class=\"wp-block-separator has-alpha-channel-opacity is-style-dots\"\/>\n\n<h2 id='preguntas-frecuentes'  id=\"boomdevs_8\" class=\"wp-block-heading\" ><span class=\"ez-toc-section\" id=\"Preguntas_frecuentes\"><\/span><strong>Preguntas frecuentes<\/strong><span class=\"ez-toc-section-end\"><\/span><\/h2>\n\n<div style=\"height:33px\" aria-hidden=\"true\" class=\"wp-block-spacer\"><\/div>\n<div id=\"rank-math-faq\" class=\"rank-math-block\">\n<div class=\"rank-math-list \">\n<div id=\"faq-question-1709482880937\" class=\"rank-math-list-item\">\n<h3 id='cu\u00e1les-son-las-mejores-frases-para-empezar-el-d\u00eda-ri\u00e9ndose'  id=\"boomdevs_9\" class=\"rank-math-question \" ><strong>\u00bfCu\u00e1les son las mejores frases para empezar el d\u00eda ri\u00e9ndose?<\/strong><\/h3>\n<div class=\"rank-math-answer \">\n\n<p>Busca citas<strong> desenfadadas, ingeniosas y humor\u00edsticas.<\/strong> Las citas de c\u00f3micos, autores divertidos o personalidades famosas conocidas por su sentido del humor son excelentes opciones.<\/p>\n\n<\/div>\n<\/div>\n<div id=\"faq-question-1709482945394\" class=\"rank-math-list-item\">\n<h3 id='c\u00f3mo-pueden-influir-los-distintos-tipos-de-buen-tiempo-en-nuestro-estado-de-\u00e1nimo-y-nuestra-productividad'  id=\"boomdevs_10\" class=\"rank-math-question \" ><strong>\u00bfC\u00f3mo pueden influir los distintos tipos de buen tiempo en nuestro estado de \u00e1nimo y nuestra productividad?<\/strong><\/h3>\n<div class=\"rank-math-answer \">\n\n<p>El <strong>tiempo soleado suele mejorar el estado de \u00e1nimo y la productividad<\/strong>, mientras que los <strong>d\u00edas<\/strong> <strong>lluviosos<\/strong> o nublados pueden provocar a <strong>veces una sensaci\u00f3n de letargo<\/strong>. Sin embargo, <strong>cada tipo de clima tiene su propia belleza y puede ofrecer oportunidades \u00fanicas para la reflexi\u00f3n y la relajaci\u00f3n<\/strong>.<\/p>\n\n<\/div>\n<\/div>\n<div id=\"faq-question-1709482987554\" class=\"rank-math-list-item\">\n<h3 id='hay-un-cent\u00edmetro-cuadrado-de-mi-vida-en-el-que-pueda-encontrar-el-sol-incluso-en-un-d\u00eda-nublado'  id=\"boomdevs_11\" class=\"rank-math-question \" ><strong>\u00bfHay un cent\u00edmetro cuadrado de mi vida en el que pueda encontrar el sol, incluso en un d\u00eda nublado?<\/strong><\/h3>\n<div class=\"rank-math-answer \">\n\n<p>Por supuesto. <strong>Incluso en los d\u00edas m\u00e1s nublados, hay momentos de brillo y alegr\u00eda<\/strong>. Ya se trate de <strong>pasar tiempo con los seres queridos, dedicarse a una pasi\u00f3n o simplemente disfrutar de una actividad<\/strong> favorita, <strong>encontrar el sol en los peque\u00f1os momentos puede marcar una gran diferencia.<\/strong><\/p>\n\n<\/div>\n<\/div>\n<div id=\"faq-question-1709483024774\" class=\"rank-math-list-item\">\n<h3 id='c\u00f3mo-puedo-cultivar-una-disposici\u00f3n-alegre-y-abrazar-el-sol-de-la-vida'  id=\"boomdevs_12\" class=\"rank-math-question \" ><strong>\u00bfC\u00f3mo puedo cultivar una disposici\u00f3n alegre y abrazar el sol de la vida?<\/strong><\/h3>\n<div class=\"rank-math-answer \">\n\n<p>Cultivar una disposici\u00f3n alegre implica practicar la <strong><br \/>\n  <a href=\"https:\/\/shop.beacons.ai\/luciepo\/0666734d-7e6d-414b-9dad-aadea0c56c4c\" data-type=\"link\" data-id=\"https:\/\/shop.beacons.ai\/luciepo\/0666734d-7e6d-414b-9dad-aadea0c56c4c\" target=\"_blank\" rel=\"noopener\">gratitud<\/a><br \/>\n<\/strong><strong>ser optimista<\/strong> y <strong>encontrar la alegr\u00eda en el momento presente<\/strong>. <strong>Rod\u00e9ese de influencias positivas<\/strong>, participe <strong>en actividades que le aporten felicidad<\/strong> y <strong>deje de lado la negatividad<\/strong> siempre que sea posible.<\/p>\n\n<\/div>\n<\/div>\n<div id=\"faq-question-1709483108408\" class=\"rank-math-list-item\">\n<h3 id='cu\u00e1les-son-los-grandes-estallidos-de-hojas-en-la-naturaleza-que-nos-recuerdan-la-preciosidad-de-la-vida'  id=\"boomdevs_13\" class=\"rank-math-question \" ><strong>\u00bfCu\u00e1les son los grandes estallidos de hojas en la naturaleza que nos recuerdan la preciosidad de la vida?<\/strong><\/h3>\n<div class=\"rank-math-answer \">\n\n<p>Piense en momentos como las <strong>primeras flores de la <a href=\"https:\/\/luciepo.com\/es\/25-frases-positivas-de-primavera-para-levantar-el-animo\/\" data-type=\"link\" data-id=\"https:\/\/luciepo.com\/spring-time-inspirational-quotes\/\">primavera<\/a><\/strong>, los <strong>colores cambiantes de las hojas del oto\u00f1o<\/strong> o <strong>el exuberante verdor de un paisaje estival<\/strong>. Estos estallidos de belleza natural <strong>nos recuerdan el valor de la vida y la belleza de cada nuevo d\u00eda.<\/strong><\/p>\n\n<\/div>\n<\/div>\n<div id=\"faq-question-1709483492675\" class=\"rank-math-list-item\">\n<h3 id='puedes-sugerirme-algunas-citas-de-d\u00edas-de-verano-para-alegrarme-el-\u00e1nimo'  id=\"boomdevs_14\" class=\"rank-math-question \" ><strong>\u00bfPuedes sugerirme algunas citas de d\u00edas de verano para alegrarme el \u00e1nimo?<\/strong><\/h3>\n<div class=\"rank-math-answer \">\n\n<p>Las citas que evocan el <strong>calor, la vitalidad y la energ\u00eda del verano<\/strong> son perfectas para levantar el \u00e1nimo. Busca <strong>citas sobre el sol, la relajaci\u00f3n y la alegr\u00eda de la estaci\u00f3n.<\/strong><\/p>\n\n<\/div>\n<\/div>\n<div id=\"faq-question-1709483541202\" class=\"rank-math-list-item\">\n<h3 id='c\u00f3mo-puedo-incorporar-citas-positivas-de-buenos-d\u00edas-al-sol-a-mi-rutina-diaria'  id=\"boomdevs_15\" class=\"rank-math-question \" ><strong>\u00bfC\u00f3mo puedo incorporar citas positivas de buenos d\u00edas al sol a mi rutina diaria?<\/strong><\/h3>\n<div class=\"rank-math-answer \">\n\n<p>Empieza por <strong>elegir algunas de tus citas favoritas <\/strong>y <strong>col\u00f3calas donde las veas a primera hora<\/strong> de la ma\u00f1ana, por ejemplo, en la mesilla de noche o en el espejo del ba\u00f1o. Dedica un momento a <strong>leer la cita y reflexionar sobre ella como parte de tu rutina matutina<\/strong>, para que te <strong>d\u00e9 un tono positivo para el d\u00eda que tienes por delante<\/strong>.<\/p>\n\n<\/div>\n<\/div>\n<div id=\"faq-question-1709483602880\" class=\"rank-math-list-item\">\n<h3 id='qu\u00e9-es-exactamente-lo-mejor-que-se-puede-hacer-ante-un-mal-d\u00eda'  id=\"boomdevs_16\" class=\"rank-math-question \" ><strong>\u00bfQu\u00e9 es exactamente lo mejor que se puede hacer ante un mal d\u00eda?<\/strong><\/h3>\n<div class=\"rank-math-answer \">\n\n<p><strong>No existe una respuesta \u00fanica<\/strong>, ya que <strong>las estrategias de afrontamiento var\u00edan de una persona a otra<\/strong>. Sin embargo, <strong>tomarse un respiro para cuidar de uno mismo, buscar el apoyo de un amigo o un ser querido de confianza o practicar <a href=\"https:\/\/luciepo.com\/es\/10-poderosos-ejercicios-de-respiracion-somatica-entrenamiento-en-respiracion-somatica\/\" data-type=\"link\" data-id=\"https:\/\/luciepo.com\/somatic-breathing-exercises\/\">la atenci\u00f3n plena<\/a><\/strong> pueden ayudar a cambiar un mal d\u00eda.<\/p>\n\n<\/div>\n<\/div>\n<div id=\"faq-question-1709483700429\" class=\"rank-math-list-item\">\n<h3 id='por-qu\u00e9-es-importante-salir-con-el-sol-y-abrazar-la-luz-de-la-ma\u00f1ana'  id=\"boomdevs_17\" class=\"rank-math-question \" ><strong>\u00bfPor qu\u00e9 es importante salir con el sol y abrazar la luz de la ma\u00f1ana?<\/strong><\/h3>\n<div class=\"rank-math-answer \">\n\n<p>Levantarse con el sol permite <strong>empezar el d\u00eda con determinaci\u00f3n y vitalidad<\/strong>. Aprovechar la luz del sol matutino puede ayudar a <strong>regular <\/strong>el <strong> <a href=\"https:\/\/luciepo.com\/es\/12-imprescindibles-para-dormir-relajado-y-comodo\/\" data-type=\"link\" data-id=\"https:\/\/luciepo.com\/sleep-essentials\/\">ritmo circadiano<\/a>, mejorar el estado de \u00e1nimo y aumentar los niveles de energ\u00eda <\/strong>a lo largo del d\u00eda.<\/p>\n\n<\/div>\n<\/div>\n<div id=\"faq-question-1709483783684\" class=\"rank-math-list-item\">\n<h3 id='c\u00f3mo-puedo-empezar-el-d\u00eda-con-buen-pie-aunque-el-cielo-est\u00e9-nublado-o-llueva'  id=\"boomdevs_18\" class=\"rank-math-question \" ><strong>\u00bfC\u00f3mo puedo empezar el d\u00eda con buen pie, aunque el cielo est\u00e9 nublado o llueva?<\/strong><\/h3>\n<div class=\"rank-math-answer \">\n\n<p>Conc\u00e9ntrate en encontrar belleza y <strong>positividad en el momento presente<\/strong>, independientemente del tiempo que haga. Practica <strong><br \/>\n  <a href=\"https:\/\/shop.beacons.ai\/luciepo\/0666734d-7e6d-414b-9dad-aadea0c56c4c\" data-type=\"link\" data-id=\"https:\/\/shop.beacons.ai\/luciepo\/0666734d-7e6d-414b-9dad-aadea0c56c4c\" target=\"_blank\" rel=\"noopener\">gratitud<\/a><br \/>\n<\/strong> <strong>por las cosas que tienes<\/strong><strong><br \/>\n  <a href=\"https:\/\/luciepo.com\/es\/101-actividades-de-autocuidado-faciles-y-divertidas-para-adultos\/\" data-type=\"link\" data-id=\"https:\/\/luciepo.com\/fun-self-care-activities-for-adults\/\">Participa en actividades que te aporten alegr\u00eda<\/a><br \/>\n<\/strong>y <strong>recu\u00e9rdate a ti mismo que cada d\u00eda es una nueva oportunidad para aprovechar al m\u00e1ximo los retos y las bendiciones de la vida.<\/strong><\/p>\n\n<\/div>\n<\/div>\n<div id=\"faq-question-1709483905726\" class=\"rank-math-list-item\">\n<h3 id='c\u00f3mo-puedo-cultivar-mi-propio-sol-como-sugiere-ralph-waldo-emerson'  id=\"boomdevs_19\" class=\"rank-math-question \" ><strong>\u00bfC\u00f3mo puedo cultivar mi propio sol, como sugiere <a href=\"https:\/\/en.wikipedia.org\/wiki\/Ralph_Waldo_Emerson\" data-type=\"link\" data-id=\"https:\/\/en.wikipedia.org\/wiki\/Ralph_Waldo_Emerson\" target=\"_blank\" rel=\"noopener\">Ralph Waldo Emerson <\/a>?<\/strong><\/h3>\n<div class=\"rank-math-answer \">\n\n<p><strong>Cultivar tu propio sol implica cultivar una mentalidad y una perspectiva de la vida positivas<\/strong>. Esto puede lograrse <strong>mediante pr\u00e1cticas como<\/strong> la <strong> <a href=\"https:\/\/shop.beacons.ai\/luciepo\/0666734d-7e6d-414b-9dad-aadea0c56c4c\" data-type=\"link\" data-id=\"https:\/\/shop.beacons.ai\/luciepo\/0666734d-7e6d-414b-9dad-aadea0c56c4c\" target=\"_blank\" rel=\"noopener\">gratitud<\/a>, la <a href=\"https:\/\/luciepo.com\/es\/15-ejercicios-rapidos-de-conexion-a-tierra-tecnicas-de-conexion-a-tierra-para-una-calma-y-estabilidad-instantaneas\/\" data-type=\"link\" data-id=\"https:\/\/luciepo.com\/chair-grounding-exercise\">atenci\u00f3n plena<\/a> y la autorreflexi\u00f3n.<\/strong> Al centrarte en las cosas que te aportan alegr\u00eda y encontrar la belleza en los momentos cotidianos, <strong>puedes crear tu propia luz interior, que brilla incluso en los d\u00edas nublados.<\/strong><\/p>\n\n<\/div>\n<\/div>\n<div id=\"faq-question-1709484013856\" class=\"rank-math-list-item\">\n<h3 id='cu\u00e1les-son-algunas-citas-inspiradoras-para-levantar-el-\u00e1nimo-en-un-d\u00eda-de-mal-tiempo'  id=\"boomdevs_20\" class=\"rank-math-question \" ><strong>\u00bfCu\u00e1les son algunas citas inspiradoras para levantar el \u00e1nimo en un d\u00eda de mal tiempo?<\/strong><\/h3>\n<div class=\"rank-math-answer \">\n\n<p>Citas como &#8220;<strong><br \/>\n  <em>El sol volver\u00e1 a brillar<\/em><br \/>\n<\/strong>&#8221; o &#8220;<strong><br \/>\n  <em>Las tormentas no duran para siempre<\/em><br \/>\n<\/strong>&#8220;nos recuerdan que, <strong>incluso en los d\u00edas m\u00e1s oscuros, hay esperanza para tiempos mejores.<\/strong> Inspir\u00e1ndonos en autores como <strong><br \/>\n  <a href=\"https:\/\/www.gordonbruceart.com\/charles-dickens-inspired-art-and-gifts.html\" data-type=\"link\" data-id=\"https:\/\/www.gordonbruceart.com\/charles-dickens-inspired-art-and-gifts.html\" target=\"_blank\" rel=\"noopener\">Charles Dickens<\/a><br \/>\n<\/strong> o <strong><br \/>\n  <a href=\"https:\/\/www.designboom.com\/art\/jean-jullien-imagine-john-lennon-picture-book-08-27-2017\/\" data-type=\"link\" data-id=\"https:\/\/www.designboom.com\/art\/jean-jullien-imagine-john-lennon-picture-book-08-27-2017\/\" target=\"_blank\" rel=\"noopener\">John Lennon<\/a><br \/>\n<\/strong> puede <strong>reconfortarnos y animarnos en tiempos dif\u00edciles.<\/strong><\/p>\n\n<\/div>\n<\/div>\n<div id=\"faq-question-1709484191457\" class=\"rank-math-list-item\">\n<h3 id='c\u00f3mo-puedo-mantener-una-actitud-positiva-incluso-en-tiempos-dif\u00edciles'  id=\"boomdevs_21\" class=\"rank-math-question \" ><strong>\u00bfC\u00f3mo puedo mantener una actitud positiva incluso en tiempos dif\u00edciles?<\/strong><\/h3>\n<div class=\"rank-math-answer \">\n\n<p>Cultivar una actitud positiva implica <strong>replantear los retos como oportunidades de crecimiento y aprendizaje<\/strong>. Citas como &#8220;<strong><br \/>\n  <em>En medio del invierno, descubr\u00ed que hab\u00eda, dentro de m\u00ed, un verano invencible<\/em><br \/>\n<\/strong>&#8221; (<strong><br \/>\n  <a href=\"https:\/\/en.wikipedia.org\/wiki\/Albert_Camus\" data-type=\"link\" data-id=\"https:\/\/en.wikipedia.org\/wiki\/Albert_Camus\" target=\"_blank\" rel=\"noopener\">Albert Camus<\/a><br \/>\n<\/strong>) o &#8220;<strong><br \/>\n  <em>La \u00fanica salida es a trav\u00e9s de<\/em><br \/>\n<\/strong>&#8221; (<strong><br \/>\n  <a href=\"https:\/\/en.wikipedia.org\/wiki\/Robert_Frost\" data-type=\"link\" data-id=\"https:\/\/en.wikipedia.org\/wiki\/Robert_Frost\" target=\"_blank\" rel=\"noopener\">Robert Frost<\/a><br \/>\n<\/strong>) <strong>nos recuerdan la resistencia del esp\u00edritu humano y el poder del optimismo.<\/strong><\/p>\n\n<\/div>\n<\/div>\n<div id=\"faq-question-1709484437172\" class=\"rank-math-list-item\">\n<h3 id='hay-citas-concretas-de-charles-dickens-o-john-lennon-que-inspiren-a-los-j\u00f3venes'  id=\"boomdevs_22\" class=\"rank-math-question \" ><strong>\u00bfHay citas concretas de Charles Dickens o John Lennon que inspiren a los j\u00f3venes?<\/strong><\/h3>\n<div class=\"rank-math-answer \">\n\n<p>Citas como &#8220;<strong><br \/>\n  <em>Fue el mejor de los tiempos, fue el peor de los tiempos<\/em><br \/>\n<\/strong>&#8221; (<strong><br \/>\n  <a href=\"https:\/\/en.wikipedia.org\/wiki\/Charles_Dickens\" data-type=\"link\" data-id=\"https:\/\/en.wikipedia.org\/wiki\/Charles_Dickens\" target=\"_blank\" rel=\"noopener\">Charles Dickens<\/a><br \/>\n<\/strong>) o &#8220;Y<strong><br \/>\n  <em>uede que digas que soy un so\u00f1ador, pero no soy el \u00fanico<\/em><br \/>\n<\/strong>&#8221; (<strong><br \/>\n  <a href=\"https:\/\/en.wikipedia.org\/wiki\/John_Lennon\" data-type=\"link\" data-id=\"https:\/\/en.wikipedia.org\/wiki\/John_Lennon\" target=\"_blank\" rel=\"noopener\">John Lennon<\/a><br \/>\n<\/strong>) resuenan entre los j\u00f3venes  <strong>captar las complejidades de la vida y la importancia de la esperanza y la imaginaci\u00f3n.<\/strong><\/p>\n\n<\/div>\n<\/div>\n<div id=\"faq-question-1709484554038\" class=\"rank-math-list-item\">\n<h3 id='qu\u00e9-papel-desempe\u00f1a-ser-una-persona-madrugadora-a-la-hora-de-disfrutar-de-la-luz-natural-de-la-ma\u00f1ana'  id=\"boomdevs_23\" class=\"rank-math-question \" ><strong>\u00bfQu\u00e9 papel desempe\u00f1a ser una persona madrugadora a la hora de disfrutar de la luz natural de la ma\u00f1ana?<\/strong><\/h3>\n<div class=\"rank-math-answer \">\n\n<p>Ser una persona madrugadora le permite <strong>apreciar plenamente la belleza de la luz natural de la ma\u00f1ana y empezar el d\u00eda con energ\u00eda y entusiasmo<\/strong>. Levantarse temprano permite <strong>contemplar el amanecer, disfrutar de la tranquilidad de las primeras horas de la ma\u00f1ana y establecer un tono positivo para el resto del d\u00eda.<\/strong><\/p>\n\n<\/div>\n<\/div>\n<div id=\"faq-question-1709484585969\" class=\"rank-math-list-item\">\n<h3 id='c\u00f3mo-puedo-empezar-el-d\u00eda-con-buen-humor-aunque-le-d\u00e9-al-bot\u00f3n-de-repetici\u00f3n-del-despertador'  id=\"boomdevs_24\" class=\"rank-math-question \" ><strong>\u00bfC\u00f3mo puedo empezar el d\u00eda con buen humor, aunque le d\u00e9 al bot\u00f3n de repetici\u00f3n del despertador?<\/strong><\/h3>\n<div class=\"rank-math-answer \">\n\n<p>Empezar el d\u00eda con buen humor implica hacer <strong>peque\u00f1os ajustes en tu rutina matutina para dar prioridad a la positividad y la <a href=\"https:\/\/shop.beacons.ai\/luciepo\/0666734d-7e6d-414b-9dad-aadea0c56c4c\" data-type=\"link\" data-id=\"https:\/\/shop.beacons.ai\/luciepo\/0666734d-7e6d-414b-9dad-aadea0c56c4c\" target=\"_blank\" rel=\"noopener\">gratitud<\/a>.<\/strong> En lugar de darle al bot\u00f3n de repetici\u00f3n, <strong>intenta despertarte con una sonrisa y expresando gratitud por el nuevo d\u00eda que te espera<\/strong>. Incorporar <strong>citas o <a href=\"https:\/\/luciepo.com\/es\/70-autoafirmaciones-para-el-amor-propio\/\" data-type=\"link\" data-id=\"https:\/\/luciepo.com\/self-affirmation-journal-prompts\/\">afirmaciones<\/a> edificantes<\/strong> a tu <strong><br \/>\n  <a href=\"https:\/\/luciepo.com\/es\/17-rutinas-matutinas-sencillas-y-saludables-para-empezar-el-dia-con-energia\/\" data-type=\"link\" data-id=\"https:\/\/luciepo.com\/healthy-morning-routines\/\">rutina matutina <\/a><br \/>\n<\/strong>tambi\u00e9n puede <strong>ayudar a establecer un tono positivo para el d\u00eda.<\/strong><\/p>\n\n<\/div>\n<\/div>\n<div id=\"faq-question-1709484703111\" class=\"rank-math-list-item\">\n<h3 id='cu\u00e1les-son-algunos-mensajes-de-buenos-d\u00edas-que-capturan-la-belleza-de-los-suelos-de-madera-y-el-ligero-viento-del-exterior'  id=\"boomdevs_25\" class=\"rank-math-question \" ><strong>\u00bfCu\u00e1les son algunos mensajes de buenos d\u00edas que capturan la belleza de los suelos de madera y el ligero viento del exterior?<\/strong><\/h3>\n<div class=\"rank-math-answer \">\n\n<p>Mensajes como &#8220;<strong><br \/>\n  <em>Que tu d\u00eda sea tan brillante como el sol de la ma\u00f1ana que brilla a trav\u00e9s de tu ventana<\/em><br \/>\n<\/strong>&#8220;o<strong>&#8220;Abraza la suave brisa y deja que te lleve a lo largo del d\u00eda<\/strong>&#8221; captan la belleza de la naturaleza y el potencial de crecimiento y renovaci\u00f3n que trae cada nuevo d\u00eda. Incorporar estos mensajes a su <strong><br \/>\n  <a href=\"https:\/\/luciepo.com\/es\/17-rutinas-matutinas-sencillas-y-saludables-para-empezar-el-dia-con-energia\/\" data-type=\"link\" data-id=\"https:\/\/luciepo.com\/healthy-morning-routines\/\">rutina matutina<\/a><br \/>\n<\/strong> puede ayudarte a <strong>establecer un tono y una mentalidad positivos para el d\u00eda que tienes por delante.<\/strong><\/p>\n\n<\/div>\n<\/div>\n<div id=\"faq-question-1709484758236\" class=\"rank-math-list-item\">\n<h3 id='puedes-recomendarnos-algunas-frases-sobre-amaneceres-que-simbolicen-nuevos-comienzos-y-un-nuevo-comienzo'  id=\"boomdevs_26\" class=\"rank-math-question \" ><strong>\u00bfPuedes recomendarnos algunas frases sobre amaneceres que simbolicen nuevos comienzos y un nuevo comienzo?<\/strong><\/h3>\n<div class=\"rank-math-answer \">\n\n<p>Citas como &#8220;<strong><br \/>\n  <em>Cada amanecer es un nuevo comienzo<\/em><br \/>\n<\/strong>&#8220;o &#8220;<strong><br \/>\n  <em>Con el alba, nos levantamos de nuevo<\/em><br \/>\n<\/strong>&#8221; <strong>simbolizan la oportunidad de crecimiento, renovaci\u00f3n y transformaci\u00f3n <\/strong>que nos brinda cada nuevo d\u00eda.  <strong>Inspirarse en la belleza y el simbolismo del amanecer puede ayudarnos a aceptar el cambio y a afrontar cada d\u00eda con optimismo y entusiasmo.<\/strong><\/p>\n\n<\/div>\n<\/div>\n<div id=\"faq-question-1709484919205\" class=\"rank-math-list-item\">\n<h3 id='c\u00f3mo-puedo-encontrar-el-mejor-sentimiento-en-cada-momento-como-suger\u00edan-victor-hugo-y-walt-whitman'  id=\"boomdevs_27\" class=\"rank-math-question \" ><strong>\u00bfC\u00f3mo puedo encontrar el mejor sentimiento en cada momento, como suger\u00edan <a href=\"https:\/\/en.wikipedia.org\/wiki\/Victor_Hugo\" data-type=\"link\" data-id=\"https:\/\/en.wikipedia.org\/wiki\/Victor_Hugo\" target=\"_blank\" rel=\"noopener\">Victor Hugo <\/a>y <a href=\"https:\/\/en.wikipedia.org\/wiki\/Walt_Whitman\" data-type=\"link\" data-id=\"https:\/\/en.wikipedia.org\/wiki\/Walt_Whitman\" target=\"_blank\" rel=\"noopener\">Walt Whitman<\/a>?<\/strong><\/h3>\n<div class=\"rank-math-answer \">\n\n<p>Encontrar la mejor sensaci\u00f3n en cada momento implica  <strong>estar plenamente presentes y conscientes de la belleza y la maravilla de la vida que se despliega a nuestro alrededor.<\/strong>  Citas como &#8220;<strong><br \/>\n  <em>Amar la belleza es ver la luz<\/em><br \/>\n<\/strong>&#8221; (<strong><br \/>\n  <a href=\"https:\/\/en.wikipedia.org\/wiki\/Victor_Hugo\" data-type=\"link\" data-id=\"https:\/\/en.wikipedia.org\/wiki\/Victor_Hugo\" target=\"_blank\" rel=\"noopener\">V\u00edctor Hugo<\/a><br \/>\n<\/strong>) o &#8220;<strong><br \/>\n  <em>La felicidad, no en otro lugar, sino en este lugar&#8230; no para otra hora, sino para esta hora<\/em><br \/>\n<\/strong>&#8221; (<strong><br \/>\n  <a href=\"https:\/\/en.wikipedia.org\/wiki\/Walt_Whitman\" data-type=\"link\" data-id=\"https:\/\/en.wikipedia.org\/wiki\/Walt_Whitman\" target=\"_blank\" rel=\"noopener\">Walt Whitman<\/a><br \/>\n<\/strong>) nos recuerdan  <strong>encontrar la alegr\u00eda y la plenitud en el momento presente, en lugar de buscarlas constantemente en otra parte.<\/strong><\/p>\n\n<\/div>\n<\/div>\n<div id=\"faq-question-1709485040326\" class=\"rank-math-list-item\">\n<h3 id='cu\u00e1les-son-algunos-de-los-recordatorios-diarios-de-marco-aurelio-o-thomas-jefferson-para-vivir-nuestra-mejor-vida'  id=\"boomdevs_28\" class=\"rank-math-question \" ><strong>\u00bfCu\u00e1les son algunos de los recordatorios diarios de <a href=\"https:\/\/en.wikipedia.org\/wiki\/Marcus_Aurelius\" data-type=\"link\" data-id=\"https:\/\/en.wikipedia.org\/wiki\/Marcus_Aurelius\" target=\"_blank\" rel=\"noopener\">Marco Aurelio<\/a> o <a href=\"https:\/\/en.wikipedia.org\/wiki\/Thomas_Jefferson\" data-type=\"link\" data-id=\"https:\/\/en.wikipedia.org\/wiki\/Thomas_Jefferson\" target=\"_blank\" rel=\"noopener\">Thomas Jefferson<\/a> para vivir nuestra mejor vida?<\/strong><\/h3>\n<div class=\"rank-math-answer \">\n\n<p>Citas como &#8220;<strong><em>La felicidad de tu vida depende de la calidad de tus pensamientos<\/em><\/strong>&#8221; (<strong><a href=\"https:\/\/en.wikipedia.org\/wiki\/Marcus_Aurelius\" data-type=\"link\" data-id=\"https:\/\/en.wikipedia.org\/wiki\/Marcus_Aurelius\" target=\"_blank\" rel=\"noopener\">Marco Aurelio<\/a><\/strong>) o &#8220;<strong><em>Cuanto m\u00e1s trabajo, m\u00e1s suerte tengo.<\/em><\/strong>&#8221; (<strong><a href=\"https:\/\/en.wikipedia.org\/wiki\/Thomas_Jefferson\" data-type=\"link\" data-id=\"https:\/\/en.wikipedia.org\/wiki\/Thomas_Jefferson\" target=\"_blank\" rel=\"noopener\">Thomas Jefferson<\/a><\/strong>) sirven como poderosos recordatorios para  <strong>centrarnos en nuestra mentalidad y nuestras acciones para crear una vida plena y con sentido<\/strong>. Incorporar estos recordatorios a nuestra rutina diaria puede <strong>ayudarnos a mantenernos centrados en nuestros <a href=\"https:\/\/luciepo.com\/es\/fijacion-de-objetivos-101-guia-paso-a-paso-para-alcanzar-sus-suenos\/\" data-type=\"link\" data-id=\"https:\/\/luciepo.com\/how-set-goals-and-achieve-them\/\">objetivos y aspiraciones.<\/a><\/strong><\/p>\n\n<\/div>\n<\/div>\n<div id=\"faq-question-1709485359187\" class=\"rank-math-list-item\">\n<h3 id='c\u00f3mo-puedo-aprovechar-al-m\u00e1ximo-todo-el-d\u00eda-desde-el-sol-naciente-hasta-la-gloriosa-l\u00e1mpara-del-cielo'  id=\"boomdevs_29\" class=\"rank-math-question \" ><strong>\u00bfC\u00f3mo puedo aprovechar al m\u00e1ximo todo el d\u00eda, desde el sol naciente hasta la gloriosa l\u00e1mpara del cielo?<\/strong><\/h3>\n<div class=\"rank-math-answer \">\n\n<p>Aprovechar al m\u00e1ximo todo el d\u00eda implica <strong>abrazar cada momento con <a href=\"https:\/\/shop.beacons.ai\/luciepo\/0666734d-7e6d-414b-9dad-aadea0c56c4c\" data-type=\"link\" data-id=\"https:\/\/shop.beacons.ai\/luciepo\/0666734d-7e6d-414b-9dad-aadea0c56c4c\" target=\"_blank\" rel=\"noopener\">gratitud<\/a> e intencionalidad.<\/strong> Tanto si se trata de contemplar la belleza del sol naciente como de maravillarse con las estrellas en el cielo nocturno, <strong>cada momento ofrece una oportunidad para crecer y reflexionar<\/strong>.  <strong>Si nos mantenemos presentes y atentos a lo largo del d\u00eda, podremos apreciar plenamente la belleza y la maravilla de la vida en todas sus formas.<\/strong><\/p>\n\n<\/div>\n<\/div>\n<div id=\"faq-question-1709485408211\" class=\"rank-math-list-item\">\n<h3 id='hay-citas-concretas-de-khalil-gibran-o-emily-dickinson-que-hablen-de-la-dulzura-de-la-amistad'  id=\"boomdevs_30\" class=\"rank-math-question \" ><strong>\u00bfHay citas concretas de <a href=\"https:\/\/en.wikipedia.org\/wiki\/Kahlil_Gibran\" data-type=\"link\" data-id=\"https:\/\/en.wikipedia.org\/wiki\/Kahlil_Gibran\" target=\"_blank\" rel=\"noopener\">Khalil Gibran<\/a> o <a href=\"https:\/\/en.wikipedia.org\/wiki\/Emily_Dickinson\" data-type=\"link\" data-id=\"https:\/\/en.wikipedia.org\/wiki\/Emily_Dickinson\" target=\"_blank\" rel=\"noopener\">Emily Dickinson<\/a> que hablen de la dulzura de la amistad?<\/strong><\/h3>\n<div class=\"rank-math-answer \">\n\n<p>Citas como &#8220;<strong><br \/>\n  <em>En la dulzura de la amistad que haya risas y se compartan los placeres<\/em><br \/>\n<\/strong>&#8221; (<strong><br \/>\n  <a href=\"https:\/\/en.wikipedia.org\/wiki\/Kahlil_Gibran\" data-type=\"link\" data-id=\"https:\/\/en.wikipedia.org\/wiki\/Kahlil_Gibran\" target=\"_blank\" rel=\"noopener\">Khalil Gibran<\/a><br \/>\n<\/strong>) o &#8220;<strong><br \/>\n  <em>Mis amigos son mi patrimonio<\/em><br \/>\n<\/strong>&#8221; (<strong><br \/>\n  <a href=\"https:\/\/en.wikipedia.org\/wiki\/Emily_Dickinson\" data-type=\"link\" data-id=\"https:\/\/en.wikipedia.org\/wiki\/Emily_Dickinson\" target=\"_blank\" rel=\"noopener\">Emily Dickinson<\/a><br \/>\n<\/strong>) celebran la alegr\u00eda y la riqueza que la amistad aporta a nuestras vidas. Estas citas nos recuerdan que debemos <strong>apreciar los v\u00ednculos que tenemos y alimentar los lazos de amistad con amor y amabilidad.<\/strong><\/p>\n\n<\/div>\n<\/div>\n<div id=\"faq-question-1709485500096\" class=\"rank-math-list-item\">\n<h3 id='cu\u00e1l-es-la-mejor-manera-de-abrazar-una-nueva-vida-como-sugieren-anthony-j-d-angelo-o-william-arthur-ward'  id=\"boomdevs_31\" class=\"rank-math-question \" ><strong>\u00bfCu\u00e1l es la mejor manera de abrazar una nueva vida, como sugieren <a href=\"https:\/\/www.goodreads.com\/author\/quotes\/14892.Anthony_J_D_Angelo\" data-type=\"link\" data-id=\"https:\/\/www.goodreads.com\/author\/quotes\/14892.Anthony_J_D_Angelo\" target=\"_blank\" rel=\"noopener\">Anthony J. D&#8217;Angelo<\/a> o <a href=\"https:\/\/en.wikipedia.org\/wiki\/William_Arthur_Ward\" data-type=\"link\" data-id=\"https:\/\/en.wikipedia.org\/wiki\/William_Arthur_Ward\" target=\"_blank\" rel=\"noopener\">William Arthur Ward<\/a>?<\/strong><\/h3>\n<div class=\"rank-math-answer \">\n\n<p>Abrazar una nueva vida implica <strong>dejar atr\u00e1s el pasado y abrazar las oportunidades que nos esperan<\/strong>. Citas como &#8220;<strong><br \/>\n  <em>La \u00fanica manera de hacer un gran trabajo es amar lo que haces<\/em><br \/>\n<\/strong>&#8221; (<strong><br \/>\n  <a href=\"https:\/\/www.goodreads.com\/author\/quotes\/14892.Anthony_J_D_Angelo\" data-type=\"link\" data-id=\"https:\/\/www.goodreads.com\/author\/quotes\/14892.Anthony_J_D_Angelo\" target=\"_blank\" rel=\"noopener\">Anthony J. D&#8217;Angelo<\/a><br \/>\n<\/strong>) o &#8220;<strong><em>Las oportunidades son como los amaneceres. Si esperas demasiado, te los pierdes<\/em><\/strong>&#8221; (<strong><br \/>\n  <a href=\"https:\/\/en.wikipedia.org\/wiki\/William_Arthur_Ward\" data-type=\"link\" data-id=\"https:\/\/en.wikipedia.org\/wiki\/William_Arthur_Ward\" target=\"_blank\" rel=\"noopener\">William Arthur Ward<\/a><br \/>\n<\/strong>) nos recuerdan que debemos <strong>aprovechar el momento y perseguir nuestras pasiones con valent\u00eda y determinaci\u00f3n.<\/strong><\/p>\n\n<\/div>\n<\/div>\n<div id=\"faq-question-1709485613029\" class=\"rank-math-list-item\">\n<h3 id='c\u00f3mo-navego-por-la-senda-de-la-duda-en-mi-vida-inspirado-por-la-sabidur\u00eda-de-romain-rolland-o-john-ruskin'  id=\"boomdevs_32\" class=\"rank-math-question \" ><strong>\u00bfC\u00f3mo navego por la senda de la duda en mi vida, inspirado por la sabidur\u00eda de <a href=\"https:\/\/en.wikipedia.org\/wiki\/Romain_Rolland\" data-type=\"link\" data-id=\"https:\/\/en.wikipedia.org\/wiki\/Romain_Rolland\" target=\"_blank\" rel=\"noopener\">Romain Rolland<\/a> o <a href=\"https:\/\/en.wikipedia.org\/wiki\/John_Ruskin\" data-type=\"link\" data-id=\"https:\/\/en.wikipedia.org\/wiki\/John_Ruskin\" target=\"_blank\" rel=\"noopener\">John Ruskin<\/a>?<\/strong><\/h3>\n<div class=\"rank-math-answer \">\n\n<p>Navegar por la senda de la duda implica <strong>cultivar la autoconciencia y la resiliencia ante la incertidumbre<\/strong>. Citas como &#8220;<strong><br \/>\n  <em>El \u00fanico viaje es el interior<\/em><br \/>\n<\/strong>&#8221; (<strong><br \/>\n  <a href=\"https:\/\/en.wikipedia.org\/wiki\/Romain_Rolland\" data-type=\"link\" data-id=\"https:\/\/en.wikipedia.org\/wiki\/Romain_Rolland\" target=\"_blank\" rel=\"noopener\">Romain Rolland<\/a><br \/>\n<\/strong>) o &#8220;<strong><br \/>\n  <em>Lo m\u00e1s grande que un alma humana hace en este mundo&#8230; ver con claridad es poes\u00eda, profec\u00eda y religi\u00f3n, todo en uno<\/em><br \/>\n<\/strong>&#8221; (<strong><br \/>\n  <a href=\"https:\/\/en.wikipedia.org\/wiki\/John_Ruskin\" data-type=\"link\" data-id=\"https:\/\/en.wikipedia.org\/wiki\/John_Ruskin\" target=\"_blank\" rel=\"noopener\">John Ruskin<\/a><br \/>\n<\/strong>) nos animan a  <strong>Confiar en nuestra sabidur\u00eda interior y en nuestra intuici\u00f3n, incluso cuando el camino que tenemos por delante parece poco claro.<\/strong><\/p>\n\n<\/div>\n<\/div>\n<div id=\"faq-question-1709485750365\" class=\"rank-math-list-item\">\n<h3 id='puede-recomendarnos-algunas-citas-para-tarjetas-de-felicitaci\u00f3n-que-capten-la-esencia-de-una-vida-preciosa-y-del-amor-m\u00e1s-dulce'  id=\"boomdevs_33\" class=\"rank-math-question \" ><strong>\u00bfPuede recomendarnos algunas citas para tarjetas de felicitaci\u00f3n que capten la esencia de una vida preciosa y del amor m\u00e1s dulce?<\/strong><\/h3>\n<div class=\"rank-math-answer \">\n\n<p>Mensajes como &#8220;<strong><br \/>\n  <em>La vida es un regalo precioso, aprecia cada momento<\/em><br \/>\n<\/strong>&#8220;o &#8220;<strong><br \/>\n  <em>Que tu vida est\u00e9 llena del amor m\u00e1s dulce y la alegr\u00eda m\u00e1s profunda<\/em><br \/>\n<\/strong>&#8220;captan la <strong>belleza y el significado de los momentos de la vida<\/strong>. Ya sea para celebrar una ocasi\u00f3n especial o simplemente para expresar gratitud por un ser querido, incorporar estas citas a una tarjeta de felicitaci\u00f3n <strong>puede a\u00f1adir profundidad y significado a su mensaje.<\/strong><\/p>\n\n<\/div>\n<\/div>\n<\/div>\n<\/div>\n<div style=\"height:33px\" aria-hidden=\"true\" class=\"wp-block-spacer\"><\/div>\n\t<div\n\t\tclass=&quot;wp-block-essential-blocks-social-share&quot;>\n        <div class=\"eb-parent-wrapper eb-parent-eb-social-share-0qv5myc\">\n            <div class=\"eb-social-share-0qv5myc eb-social-share-wrapper\">\n                <ul class=\"eb-social-shares\">\n                                            <li>\n                            <a class=\"facebook-original \" href=https:\/\/www.facebook.com\/sharer\/sharer.php?u=https:\/\/luciepo.com\/es\/190-frases-de-buenos-dias-alegrate-el-dia-con-inspiracion-positiva\/ target=\"_blank\" rel=\"nofollow noopener noreferrer\">\n                                <i class=\"fab fa-facebook hvr-icon eb-social-share-icon\"><\/i>\n                                                        <\/a>\n                        <\/li>\n                                            <li>\n                            <a class=\"pinterest-original \" href=https:\/\/pinterest.com\/pin\/create\/button\/?url=https:\/\/luciepo.com\/es\/190-frases-de-buenos-dias-alegrate-el-dia-con-inspiracion-positiva\/ target=\"_blank\" rel=\"nofollow noopener noreferrer\">\n                                <i class=\"fab fa-pinterest hvr-icon eb-social-share-icon\"><\/i>\n                                                        <\/a>\n                        <\/li>\n                                            <li>\n                            <a class=\"reddit-original \" href=https:\/\/www.reddit.com\/submit?url=https:\/\/luciepo.com\/es\/190-frases-de-buenos-dias-alegrate-el-dia-con-inspiracion-positiva\/&#038;title=190%20frases%20de%20buenos%20d\u00edas:%20Al\u00e9grate%20el%20d\u00eda%20con%20inspiraci\u00f3n%20positiva target=\"_blank\" rel=\"nofollow noopener noreferrer\">\n                                <i class=\"fab fa-reddit hvr-icon eb-social-share-icon\"><\/i>\n                                                        <\/a>\n                        <\/li>\n                                    <\/ul>\n            <\/div>\n        <\/div>\n\t<\/div>\n\n","protected":false},"excerpt":{"rendered":"<p>\u00bfQuiere empezar el d\u00eda con una inyecci\u00f3n de positividad e inspiraci\u00f3n? Hoy tengo algo especial para ti. Como alguien que siempre busca formas de mejorar su rutina diaria, le encantar\u00e1 lo que he seleccionado. La vida puede ser muy ajetreada, sobre todo cuando se compaginan el trabajo, el crecimiento personal y todo lo dem\u00e1s. Por eso es crucial empezar cada d\u00eda con buen pie. Si eres un profesional ocupado, un estudiante dedicado o simplemente alguien que quiere a\u00f1adir un poco de sol a su d\u00eda, estas citas de buenos d\u00edas son para ti. Desde la tranquilidad de un amanecer hasta la vitalidad de un d\u00eda soleado, cada cita ha sido seleccionada para animarte e inspirarte. As\u00ed que adelante, sum\u00e9rgete en esta colecci\u00f3n de frases de sol y deja que impregnen tu d\u00eda de positividad y motivaci\u00f3n. \u00a1Hagamos de hoy el mejor d\u00eda! El poder de un nuevo d\u00eda \u00bfSe ha dado cuenta alguna vez de que cada amanecer trae consigo una sensaci\u00f3n de renovaci\u00f3n y posibilidad? Es como si el mundo pulsara el bot\u00f3n de reinicio, ofreci\u00e9ndonos un lienzo fresco para pintar nuestro d\u00eda. Analicemos por qu\u00e9 abrazar el amanecer es algo m\u00e1s que un t\u00f3pico: es un poderoso cambio de mentalidad: Lleva el sol a tu rutina diaria: Una Gu\u00eda Pr\u00e1ctica para Utilizar las Citas del Sol con Eficacia As\u00ed que tienes este tesoro de citas sobre el sol al alcance de la mano. Pero, \u00bfc\u00f3mo sacarles el m\u00e1ximo partido para alegrarse de verdad el d\u00eda? Ve\u00e1moslo paso a paso: Rituales matutinos Refuerzo de mediod\u00eda Reflexi\u00f3n vespertina Comparte el sol Una colecci\u00f3n de frases para alegrarte el d\u00eda Preguntas frecuentes<\/p>\n","protected":false},"author":1,"featured_media":8737,"comment_status":"open","ping_status":"open","sticky":false,"template":"","format":"standard","meta":{"_eb_attr":"","cos_headline_score":0,"cos_seo_score":0,"cos_headline_text":"","cos_headline_has_been_analyzed":false,"cos_last_analyzed_headline":[],"_lmt_disableupdate":"","_lmt_disable":"","footnotes":""},"categories":[194,154,192],"tags":[],"ppma_author":[115],"modified_by":null,"acf":[],"authors":[{"term_id":115,"user_id":1,"is_guest":0,"slug":"lucie-pospechova92gmail-com","display_name":"Lucie Pospechova","avatar_url":"https:\/\/secure.gravatar.com\/avatar\/233d2c822e5d73b3ec29ee7289f7af27?s=96&d=mm&r=g","user_url":"http:\/\/luciepo.com","last_name":"Pospechova","first_name":"Lucie","description":"Hello, I'm Lucie, a 31-year-old advocate for personal development and holistic well-being. Through this blog, I share practical insights and inspiring stories to help you thrive in every aspect of your life. Let's embark on this transformative journey together. \r\nWarm regards, Lucie."}],"_links":{"self":[{"href":"https:\/\/luciepo.com\/es\/wp-json\/wp\/v2\/posts\/9266"}],"collection":[{"href":"https:\/\/luciepo.com\/es\/wp-json\/wp\/v2\/posts"}],"about":[{"href":"https:\/\/luciepo.com\/es\/wp-json\/wp\/v2\/types\/post"}],"author":[{"embeddable":true,"href":"https:\/\/luciepo.com\/es\/wp-json\/wp\/v2\/users\/1"}],"replies":[{"embeddable":true,"href":"https:\/\/luciepo.com\/es\/wp-json\/wp\/v2\/comments?post=9266"}],"version-history":[{"count":1,"href":"https:\/\/luciepo.com\/es\/wp-json\/wp\/v2\/posts\/9266\/revisions"}],"predecessor-version":[{"id":9273,"href":"https:\/\/luciepo.com\/es\/wp-json\/wp\/v2\/posts\/9266\/revisions\/9273"}],"wp:featuredmedia":[{"embeddable":true,"href":"https:\/\/luciepo.com\/es\/wp-json\/wp\/v2\/media\/8737"}],"wp:attachment":[{"href":"https:\/\/luciepo.com\/es\/wp-json\/wp\/v2\/media?parent=9266"}],"wp:term":[{"taxonomy":"category","embeddable":true,"href":"https:\/\/luciepo.com\/es\/wp-json\/wp\/v2\/categories?post=9266"},{"taxonomy":"post_tag","embeddable":true,"href":"https:\/\/luciepo.com\/es\/wp-json\/wp\/v2\/tags?post=9266"},{"taxonomy":"author","embeddable":true,"href":"https:\/\/luciepo.com\/es\/wp-json\/wp\/v2\/ppma_author?post=9266"}],"curies":[{"name":"wp","href":"https:\/\/api.w.org\/{rel}","templated":true}]}}