{"id":9186,"date":"2024-01-04T14:39:00","date_gmt":"2024-01-04T13:39:00","guid":{"rendered":"https:\/\/luciepo.com\/reflexion-sur-ma-derniere-annee-bilan-de-fin-dannee-2023\/"},"modified":"2024-03-04T19:17:21","modified_gmt":"2024-03-04T18:17:21","slug":"reflexion-sur-ma-derniere-annee-bilan-de-fin-dannee-2023","status":"publish","type":"post","link":"https:\/\/luciepo.com\/fr\/reflexion-sur-ma-derniere-annee-bilan-de-fin-dannee-2023\/","title":{"rendered":"R\u00e9flexion sur ma derni\u00e8re ann\u00e9e : Bilan de fin d&#8217;ann\u00e9e 2023"},"content":{"rendered":"\n<p>Bonjour \u00e0 tous !<\/p>\n\n<p>Alors que le calendrier tourne ses derni\u00e8res pages, je me retrouve \u00e0 faire ce que je fais chaque ann\u00e9e : <strong>prendre un moment pour r\u00e9fl\u00e9chir \u00e0 ce que j&#8217;ai fait et \u00e0 ce que je<\/strong> vais faire (r\u00e9flexion sur l&#8217;ann\u00e9e derni\u00e8re). Il ne s&#8217;agit pas de prendre un tas de r\u00e9solutions que j&#8217;oublierai en f\u00e9vrier, mais de se fixer <strong>des objectifs concrets et tangibles auxquels on s&#8217;<\/strong> <strong>accrochera<\/strong>.<\/p>\n\n<p>Dans l&#8217;esprit de la r\u00e9alit\u00e9, <strong>je raconterai les hauts et les bas, les le\u00e7ons apprises et les exp\u00e9riences qui m&#8217;ont orient\u00e9 vers de nouvelles directions passionnantes<\/strong>. Il n&#8217;y a que toi et moi, et la v\u00e9rit\u00e9 honn\u00eate d&#8217;une ann\u00e9e \u00e9coul\u00e9e.  <\/p>\n\n<p>Alors, <strong>discutons de ce que cela signifie de clore un chapitre et de passer doucement au suivant, d&#8217;accord ?<\/strong><\/p>\n\n<div style=\"height:33px\" aria-hidden=\"true\" class=\"wp-block-spacer\"><\/div>\n\n<h2 id='mon-parcours-de-blogueur-mon-exploration-de-pinterest-et-mes-d\u00e9fis-\u00e0-relever'  id=\"boomdevs_1\" class=\"wp-block-heading\" ><strong>Mon parcours de blogueur, mon exploration de Pinterest et mes d\u00e9fis \u00e0 relever<\/strong><\/h2>\n\n<p>Cr\u00e9er un blog peut donner l&#8217;impression d&#8217;envoyer en mer un message dans une bouteille. On esp\u00e8re qu&#8217;il trouvera un public, mais il n&#8217;y a aucune garantie. <strong>Mon aventure dans le blogging a commenc\u00e9 avec un m\u00e9lange d&#8217;espoir et d&#8217;h\u00e9sitation<\/strong>, surtout lorsque j&#8217;ai rejoint le groupe <strong>\n  <a href=\"https:\/\/www.lkmedia.cz\/\" data-type=\"link\" data-id=\"https:\/\/www.lkmedia.cz\/\" target=\"_blank\" rel=\"noopener\">LK media<\/a>\n<\/strong> (cr\u00e9\u00e9 par <strong>\n  <a href=\"http:\/\/www.loudavymkrokem.cz\" data-type=\"link\" data-id=\"www.loudavymkrokem.cz\" target=\"_blank\" rel=\"noopener\">Lukas et Lucka<\/a>\n<\/strong>) et que je me suis connect\u00e9e \u00e0 la communaut\u00e9. Je dois dire que ce d\u00e9fi ne concerne pas seulement le blogging ; il s&#8217;agit aussi de <strong>construire un r\u00e9seau, de partager des exp\u00e9riences et d&#8217;apprendre les uns des autres, ce que je trouve absolument inestimable<\/strong>.<\/p>\n\n<div style=\"height:33px\" aria-hidden=\"true\" class=\"wp-block-spacer\"><\/div>\n\n<h3 id='les-d\u00e9buts-du-blogging'  id=\"boomdevs_2\" class=\"wp-block-heading\" >Les d\u00e9buts du blogging<\/h3>\n\n<p>Lancer un blog, c&#8217;est comme chuchoter dans un vaste hall vide en esp\u00e9rant que votre voix r\u00e9sonne. C&#8217;est ainsi que mon parcours de blogueur a commenc\u00e9. Imaginez-moi, un blogueur d\u00e9butant, d\u00e9bordant d&#8217;enthousiasme mais confront\u00e9 \u00e0 la t\u00e2che ardue de cr\u00e9er un public \u00e0 partir de rien. C&#8217;\u00e9tait un m\u00e9lange d&#8217;excitation et de &#8220;qu&#8217;est-ce que je fais ?<strong>\n  <em>que diable suis-je en train de faire ?<\/em>\n<\/strong>&#8216;<\/p>\n\n<p>Chaque article de blog me semblait \u00eatre une petite victoire, un tout petit pas dans le vaste monde de la narration num\u00e9rique. <strong>Je ne m&#8217;adressais pas \u00e0 une foule<\/strong>; parfois, j&#8217;avais l&#8217;impression de me parler \u00e0 moi-m\u00eame. Mais <strong>n&#8217;est-ce pas l\u00e0 que commencent toutes les bonnes choses ?<\/strong> Des r\u00e9flexions sur la vie quotidienne au partage des bizarreries de l&#8217;adaptation \u00e0 un nouveau pays, mon blog est devenu mon journal num\u00e9rique, un compte rendu de mon voyage, ouvert au monde entier &#8211; ou du moins \u00e0 quelques \u00e2mes curieuses.<\/p>\n\n<div style=\"height:33px\" aria-hidden=\"true\" class=\"wp-block-spacer\"><\/div>\n\n<h3 id='un-monde-d-inspiration-sur-pinterest'  id=\"boomdevs_3\" class=\"wp-block-heading\" >Un monde d&#8217;inspiration sur Pinterest<\/h3>\n\n<p>Simultan\u00e9ment, j&#8217;ai d\u00e9couvert le pouvoir de <strong>\n  <a href=\"https:\/\/www.pinterest.ca\/lucieposp\/\" data-type=\"link\" data-id=\"https:\/\/www.pinterest.ca\/lucieposp\/\" target=\"_blank\" rel=\"noopener\">Pinterest<\/a>\n<\/strong>non seulement comme source d&#8217;<strong>inspiration, mais aussi comme outil strat\u00e9gique pour g\u00e9n\u00e9rer du trafic vers mon blog<\/strong>. Pinterest est devenu mon storyboard visuel, o\u00f9 chaque \u00e9pingle a \u00e9t\u00e9 soigneusement s\u00e9lectionn\u00e9e pour r\u00e9sonner avec le th\u00e8me de mon blog et attirer des lecteurs partageant les m\u00eames id\u00e9es. Il s&#8217;agissait d&#8217;un jeu de strat\u00e9gie et de cr\u00e9ativit\u00e9, d&#8217;apprendre les ficelles du marketing Pinterest, de comprendre ce qui attire l&#8217;attention et comment canaliser cet int\u00e9r\u00eat vers mon blog.<\/p>\n\n<div style=\"height:33px\" aria-hidden=\"true\" class=\"wp-block-spacer\"><\/div>\n\n<h3 id='ce-que-j-ai-appris-en-cours-de-route'  id=\"boomdevs_4\" class=\"wp-block-heading\" id=\"isPasted\" >Ce que j&#8217;ai appris en cours de route<\/h3>\n\n<ol id=\"isPasted\">\n<li><strong>Trouver son empreinte num\u00e9rique<\/strong>: Le d\u00e9fi des blogs a \u00e9t\u00e9 une le\u00e7on de pr\u00e9sence num\u00e9rique, qui m&#8217;a appris \u00e0 communiquer et \u00e0 me connecter efficacement dans le monde en ligne.<\/li>\n\n\n\n<li><strong>Pinterest, un alli\u00e9 pour<\/strong> les entreprises : l&#8217;utilisation de Pinterest \u00e0 des fins professionnelles a r\u00e9v\u00e9l\u00e9 le potentiel des m\u00e9dias sociaux au-del\u00e0 du simple partage et de l&#8217;appr\u00e9ciation &#8211; c&#8217;est un outil puissant pour l&#8217;engagement et la croissance.<\/li>\n<\/ol>\n\n<div style=\"height:33px\" aria-hidden=\"true\" class=\"wp-block-spacer\"><\/div>\n\n<h2 id='cr\u00e9ativit\u00e9-num\u00e9rique-lancement-de-produits-num\u00e9riques'  id=\"boomdevs_5\" class=\"wp-block-heading\" ><strong>Cr\u00e9ativit\u00e9 num\u00e9rique &#8211; Lancement de produits num\u00e9riques<\/strong><\/h2>\n\n<p>Plonger dans le monde des produits num\u00e9riques a \u00e9t\u00e9 comme <strong>ouvrir une porte sur une salle pleine de possibilit\u00e9s dont je ne soup\u00e7onnais pas l&#8217;existence<\/strong>. Cette ann\u00e9e,  <strong>J&#8217;ai d\u00e9cid\u00e9 de canaliser mon \u00e9nergie cr\u00e9ative vers quelque chose de tangible<\/strong> (enfin, de num\u00e9riquement tangible). <strong> et incroyablement personnelle.<\/strong> Je ne me contentais plus de partager mes pens\u00e9es sur mon blog ; <strong>je mettais au point des outils qui pouvaient r\u00e9ellement faire la diff\u00e9rence dans la vie quotidienne de quelqu&#8217;un<\/strong>. C&#8217;est ainsi que j&#8217;ai commenc\u00e9 \u00e0 cr\u00e9er un <a href=\"https:\/\/shop.beacons.ai\/luciepo\/0666734d-7e6d-414b-9dad-aadea0c56c4c\" target=\"_blank\" rel=\"noopener\">\n  <strong>journal de gratitude<\/strong>\n<\/a>, a <a href=\"https:\/\/luciepo.com\/productivityplanner\">\n  <strong>planificateur de productivit\u00e9<\/strong>\n<\/a>et une <a href=\"https:\/\/shop.beacons.ai\/luciepo\/c388146f-cfcf-4c94-ae7b-287034c7326a?pageViewSource=lib_view&amp;referrer=https%3A%2F%2Fbeacons.ai%2Fluciepo\" target=\"_blank\" rel=\"noopener\">\n  <strong>collection de citations sur l&#8217;amour de soi<\/strong>\n<\/a> a commenc\u00e9.<\/p>\n\n<div style=\"height:33px\" aria-hidden=\"true\" class=\"wp-block-spacer\"><\/div>\n<div class=\"wp-block-image\">\n<figure class=\"aligncenter size-large\"><a href=\"https:\/\/shop.beacons.ai\/luciepo\/0666734d-7e6d-414b-9dad-aadea0c56c4c\" target=\"_blank\" rel=\"noopener\"><img decoding=\"async\" loading=\"lazy\" width=\"682\" height=\"1024\" src=\"https:\/\/luciepo.com\/wp-content\/uploads\/2024\/01\/lat-year-reflection-682x1024.jpg\" alt=\"Journal de gratitude en 5 minutes\" class=\"wp-image-4768\" srcset=\"https:\/\/luciepo.com\/wp-content\/uploads\/2024\/01\/lat-year-reflection-682x1024.jpg 682w, https:\/\/luciepo.com\/wp-content\/uploads\/2024\/01\/lat-year-reflection-200x300.jpg 200w, https:\/\/luciepo.com\/wp-content\/uploads\/2024\/01\/lat-year-reflection-768x1152.jpg 768w, https:\/\/luciepo.com\/wp-content\/uploads\/2024\/01\/lat-year-reflection-1024x1536.jpg 1024w, https:\/\/luciepo.com\/wp-content\/uploads\/2024\/01\/lat-year-reflection-1140x1710.jpg 1140w, https:\/\/luciepo.com\/wp-content\/uploads\/2024\/01\/lat-year-reflection.jpg 1333w\" sizes=\"(max-width: 682px) 100vw, 682px\" \/><\/a><\/figure><\/div>\n<div style=\"height:33px\" aria-hidden=\"true\" class=\"wp-block-spacer\"><\/div>\n\n<h3 id='de-l-id\u00e9e-\u00e0-la-r\u00e9alit\u00e9'  id=\"boomdevs_6\" class=\"wp-block-heading\" >De l&#8217;id\u00e9e \u00e0 la r\u00e9alit\u00e9<\/h3>\n\n<p>L&#8217;id\u00e9e est n\u00e9e de mes propres besoins et exp\u00e9riences. Je me suis demand\u00e9 : &#8220;<em>\n  <strong>Quels outils me permettraient d&#8217;am\u00e9liorer ma vie ?<\/strong>\n<\/em>&#8221; La r\u00e9ponse \u00e9tait claire : quelque chose pour cultiver la gratitude, stimuler la productivit\u00e9 et favoriser l&#8217;amour de soi. C&#8217;est ainsi que le <strong>\n  <a href=\"https:\/\/shop.beacons.ai\/luciepo\/0666734d-7e6d-414b-9dad-aadea0c56c4c\" data-type=\"link\" data-id=\"https:\/\/shop.beacons.ai\/luciepo\/0666734d-7e6d-414b-9dad-aadea0c56c4c\" target=\"_blank\" rel=\"noopener\">journal de la gratitude<\/a>\n<\/strong>, <strong>\n  <a href=\"https:\/\/luciepo.com\/productivityplanner\" data-type=\"link\" data-id=\"https:\/\/luciepo.com\/productivityplanner\">planificateur de productivit\u00e9<\/a>\n<\/strong>et les <strong>\n  <a href=\"https:\/\/shop.beacons.ai\/luciepo\/c388146f-cfcf-4c94-ae7b-287034c7326a?pageViewSource=lib_view&amp;referrer=https%3A%2F%2Fbeacons.ai%2Fluciepo\" data-type=\"link\" data-id=\"https:\/\/shop.beacons.ai\/luciepo\/c388146f-cfcf-4c94-ae7b-287034c7326a?pageViewSource=lib_view&amp;referrer=https%3A%2F%2Fbeacons.ai%2Fluciepo\" target=\"_blank\" rel=\"noopener\">citations sur l&#8217;amour de soi<\/a>\n<\/strong> a vu le jour. Chaque produit \u00e9tait plus qu&#8217;un simple objet ; c<strong> &#8216;\u00e9tait un morceau de mon parcours, une offrande des le\u00e7ons que j&#8217;ai apprises<\/strong>.<\/p>\n\n<div style=\"height:33px\" aria-hidden=\"true\" class=\"wp-block-spacer\"><\/div>\n\n<h3 id='le-processus-cr\u00e9atif'  id=\"boomdevs_7\" class=\"wp-block-heading\" >Le processus cr\u00e9atif<\/h3>\n\n<p>Soyons r\u00e9alistes, le <strong>processus ne s&#8217;est pas d\u00e9roul\u00e9 sans heurts<\/strong>. Il a fallu passer des nuits blanches, faire des retouches sans fin et apprendre les ficelles des logiciels de conception (ce qui, soit dit en passant, peut \u00eatre aussi d\u00e9licat que d&#8217;essayer de r\u00e9soudre un Rubik&#8217;s cube dans l&#8217;obscurit\u00e9). Mais <strong>chaque \u00e9tape, chaque d\u00e9fi, faisait partie de l&#8217;aventure cr\u00e9ative<\/strong>. J&#8217;ai appris l&#8217;esth\u00e9tique, la fonctionnalit\u00e9 et l&#8217;\u00e9quilibre d\u00e9licat entre ce qui est beau et ce qui fonctionne bien.<\/p>\n\n<div style=\"height:33px\" aria-hidden=\"true\" class=\"wp-block-spacer\"><\/div>\n<div class=\"wp-block-image\">\n<figure class=\"aligncenter size-large\"><a href=\"https:\/\/luciepo.com\/productivityplanner\"><img decoding=\"async\" loading=\"lazy\" width=\"1024\" height=\"1024\" src=\"https:\/\/luciepo.com\/wp-content\/uploads\/2024\/01\/last-year-reflection-6-1024x1024.jpg\" alt=\"planificateur de productivit&#xE9;\" class=\"wp-image-4769\" srcset=\"https:\/\/luciepo.com\/wp-content\/uploads\/2024\/01\/last-year-reflection-6-1024x1024.jpg 1024w, https:\/\/luciepo.com\/wp-content\/uploads\/2024\/01\/last-year-reflection-6-300x300.jpg 300w, https:\/\/luciepo.com\/wp-content\/uploads\/2024\/01\/last-year-reflection-6-150x150.jpg 150w, https:\/\/luciepo.com\/wp-content\/uploads\/2024\/01\/last-year-reflection-6-768x768.jpg 768w, https:\/\/luciepo.com\/wp-content\/uploads\/2024\/01\/last-year-reflection-6-70x70.jpg 70w, https:\/\/luciepo.com\/wp-content\/uploads\/2024\/01\/last-year-reflection-6-75x75.jpg 75w, https:\/\/luciepo.com\/wp-content\/uploads\/2024\/01\/last-year-reflection-6.jpg 1080w\" sizes=\"(max-width: 1024px) 100vw, 1024px\" \/><\/a><\/figure><\/div>\n<div style=\"height:33px\" aria-hidden=\"true\" class=\"wp-block-spacer\"><\/div>\n\n<h3 id='leur-donner-vie'  id=\"boomdevs_8\" class=\"wp-block-heading\" ><span class=\"ez-toc-section\" id=\"Leur_donner_vie\"><\/span>Leur donner vie<span class=\"ez-toc-section-end\"><\/span><\/h3>\n\n<p>Voir le <strong>\n  <a href=\"https:\/\/shop.beacons.ai\/luciepo\/0666734d-7e6d-414b-9dad-aadea0c56c4c\" data-type=\"link\" data-id=\"https:\/\/shop.beacons.ai\/luciepo\/0666734d-7e6d-414b-9dad-aadea0c56c4c\" target=\"_blank\" rel=\"noopener\">journal de gratitude<\/a>\n<\/strong>, <strong>\n  <a href=\"https:\/\/luciepo.com\/productivityplanner\" data-type=\"link\" data-id=\"https:\/\/luciepo.com\/productivityplanner\">le planificateur de productivit\u00e9<\/a>\n<\/strong>et les <strong>\n  <a href=\"https:\/\/shop.beacons.ai\/luciepo\/c388146f-cfcf-4c94-ae7b-287034c7326a?pageViewSource=lib_view&amp;referrer=https%3A%2F%2Fbeacons.ai%2Fluciepo\" data-type=\"link\" data-id=\"https:\/\/shop.beacons.ai\/luciepo\/c388146f-cfcf-4c94-ae7b-287034c7326a?pageViewSource=lib_view&amp;referrer=https%3A%2F%2Fbeacons.ai%2Fluciepo\" target=\"_blank\" rel=\"noopener\">citations sur l&#8217;amour de soi<\/a>\n<\/strong> Le fait que la vie prenne vie a \u00e9t\u00e9 un moment de pure joie. J&#8217;ai eu l&#8217;impression de voir mes b\u00e9b\u00e9s num\u00e9riques faire leurs premiers pas. Le <strong>\n  <a href=\"https:\/\/shop.beacons.ai\/luciepo\/0666734d-7e6d-414b-9dad-aadea0c56c4c\" data-type=\"link\" data-id=\"https:\/\/shop.beacons.ai\/luciepo\/0666734d-7e6d-414b-9dad-aadea0c56c4c\" target=\"_blank\" rel=\"noopener\">journal de la gratitude<\/a>\n<\/strong> a \u00e9t\u00e9 con\u00e7u <strong>pour encourager la r\u00e9flexion quotidienne<\/strong>, le <strong>\n  <a href=\"https:\/\/luciepo.com\/productivityplanner\" data-type=\"link\" data-id=\"https:\/\/luciepo.com\/productivityplanner\">planificateur de productivit\u00e9<\/a>\n<\/strong> pour <strong>aider \u00e0 organiser le chaos de la vie quotidienne<\/strong>, et les <strong>\n  <a href=\"https:\/\/shop.beacons.ai\/luciepo\/c388146f-cfcf-4c94-ae7b-287034c7326a?pageViewSource=lib_view&amp;referrer=https%3A%2F%2Fbeacons.ai%2Fluciepo\" data-type=\"link\" data-id=\"https:\/\/shop.beacons.ai\/luciepo\/c388146f-cfcf-4c94-ae7b-287034c7326a?pageViewSource=lib_view&amp;referrer=https%3A%2F%2Fbeacons.ai%2Fluciepo\" target=\"_blank\" rel=\"noopener\">citations sur l&#8217;amour de soi<\/a>\n<\/strong> pour <strong>rappeler en douceur la valeur et l&#8217;attention que l&#8217;on se porte \u00e0 soi-m\u00eame<\/strong>.<\/p>\n\n<div style=\"height:33px\" aria-hidden=\"true\" class=\"wp-block-spacer\"><\/div>\n\n<p class=\"has-background\" style=\"background-color:#f4eafe\"><strong>P.S. J&#8217;ai \u00e9galement cr\u00e9\u00e9 plusieurs produits gratuits qui sont tr\u00e8s populaires &#8211; vous pouvez les voir <a href=\"http:\/\/www.luciepo.com\/links\" data-type=\"link\" data-id=\"www.luciepo.com\/links\">ICI<\/a>.  <\/strong><\/p>\n\n<div style=\"height:33px\" aria-hidden=\"true\" class=\"wp-block-spacer\"><\/div>\n\n<h3 id='enseignements-tir\u00e9s'  id=\"boomdevs_9\" class=\"wp-block-heading\" id=\"isPasted\" >Enseignements tir\u00e9s<\/h3>\n\n<ol id=\"isPasted\">\n<li>La <strong>cr\u00e9ativit\u00e9 a de nombreuses formes<\/strong>: Ce voyage m&#8217;a appris que la <strong>cr\u00e9ativit\u00e9 ne se limite pas aux mots ou aux images<\/strong>; elle peut \u00eatre un outil pour aider les autres \u00e0 vivre mieux.<\/li>\n\n\n\n<li><strong>Patience et pers\u00e9v\u00e9rance<\/strong>: Pour cr\u00e9er quelque chose \u00e0 partir de z\u00e9ro <strong>, il faut de la patience et la volont\u00e9 de continuer, m\u00eame lorsque les choses sont difficiles<\/strong>.<\/li>\n\n\n\n<li><strong>La joie du partage<\/strong>: Il y a une <strong>joie unique \u00e0 cr\u00e9er quelque chose que d&#8217;autres trouvent utile et utile dans leur vie<\/strong>.<\/li>\n<\/ol>\n\n<div style=\"height:33px\" aria-hidden=\"true\" class=\"wp-block-spacer\"><\/div>\n<div class=\"wp-block-image is-style-default\">\n<figure class=\"aligncenter size-large\"><a href=\"https:\/\/shop.beacons.ai\/luciepo\/c388146f-cfcf-4c94-ae7b-287034c7326a?pageViewSource=lib_view&amp;referrer=https%3A%2F%2Fbeacons.ai%2Fluciepo\" target=\"_blank\" rel=\"noopener\"><img decoding=\"async\" loading=\"lazy\" width=\"683\" height=\"1024\" src=\"https:\/\/luciepo.com\/wp-content\/uploads\/2024\/01\/last-year-reflection-7-683x1024.jpg\" alt=\"citations sur l'amour de soi\" class=\"wp-image-4770\" srcset=\"https:\/\/luciepo.com\/wp-content\/uploads\/2024\/01\/last-year-reflection-7-683x1024.jpg 683w, https:\/\/luciepo.com\/wp-content\/uploads\/2024\/01\/last-year-reflection-7-200x300.jpg 200w, https:\/\/luciepo.com\/wp-content\/uploads\/2024\/01\/last-year-reflection-7-768x1152.jpg 768w, https:\/\/luciepo.com\/wp-content\/uploads\/2024\/01\/last-year-reflection-7.jpg 1000w\" sizes=\"(max-width: 683px) 100vw, 683px\" \/><\/a><\/figure><\/div>\n<div style=\"height:33px\" aria-hidden=\"true\" class=\"wp-block-spacer\"><\/div>\n\n<h2 id='fitness-et-bien-\u00eatre-une-nouvelle-passion'  id=\"boomdevs_10\" class=\"wp-block-heading\" ><strong>Fitness et bien-\u00eatre &#8211; Une nouvelle passion<\/strong><\/h2>\n\n<p>Si vous m&#8217;aviez dit il y a un an que je tomberais amoureuse d&#8217;un programme de remise en forme, j&#8217;aurais peut-\u00eatre ri. Mais voil\u00e0, je suis une nouvelle adepte de <strong>\n  <a href=\"https:\/\/www.lesmills.com\/workouts\/fitness-classes\/bodypump\/\" data-type=\"link\" data-id=\"https:\/\/www.lesmills.com\/workouts\/fitness-classes\/bodypump\/\" target=\"_blank\" rel=\"noopener\">BodyPump<\/a>\n<\/strong>et<strong> cela a remodel\u00e9 non seulement mon corps, mais aussi mon approche du bien-\u00eatre<\/strong>.<\/p>\n\n<div style=\"height:33px\" aria-hidden=\"true\" class=\"wp-block-spacer\"><\/div>\n\n<h3 id='d\u00e9couvrir-bodypump'  id=\"boomdevs_11\" class=\"wp-block-heading\" >D\u00e9couvrir BodyPump<\/h3>\n\n<p><strong>Tout a commenc\u00e9 par une simple d\u00e9cision d&#8217;essayer quelque chose de nouveau pour mes objectifs de remise en forme<\/strong>. Entrer <strong>\n  <a href=\"https:\/\/www.lesmills.com\/workouts\/fitness-classes\/bodypump\/\" data-type=\"link\" data-id=\"https:\/\/www.lesmills.com\/workouts\/fitness-classes\/bodypump\/\" target=\"_blank\" rel=\"noopener\">BodyPump<\/a>\n<\/strong> &#8211; un monde o\u00f9 les poids rencontrent le rythme, et la sueur la satisfaction. <strong>D\u00e8s la premi\u00e8re s\u00e9ance, j&#8217;ai \u00e9t\u00e9 s\u00e9duite.<\/strong> Il y a quelque chose dans la combinaison de la musique, du mouvement et du sentiment de lutte partag\u00e9e qui fait que c&#8217;est plus qu&#8217;un simple exercice, c&#8217;est <strong>un d\u00e9fi exaltant<\/strong>. Chaque flexion, chaque pression et chaque soul\u00e8vement \u00e9tait un pas vers un moi plus fort.<\/p>\n\n<div style=\"height:33px\" aria-hidden=\"true\" class=\"wp-block-spacer\"><\/div>\n<div class=\"wp-block-image\">\n<figure class=\"aligncenter size-large\"><img decoding=\"async\" loading=\"lazy\" width=\"576\" height=\"1024\" src=\"https:\/\/luciepo.com\/wp-content\/uploads\/2024\/01\/last-year-reflection-4-576x1024.jpg\" alt=\"R&#xE9;ponses &#xE0; la r&#xE9;flexion de fin d'ann&#xE9;e\" class=\"wp-image-4766\" srcset=\"https:\/\/luciepo.com\/wp-content\/uploads\/2024\/01\/last-year-reflection-4-576x1024.jpg 576w, https:\/\/luciepo.com\/wp-content\/uploads\/2024\/01\/last-year-reflection-4-169x300.jpg 169w, https:\/\/luciepo.com\/wp-content\/uploads\/2024\/01\/last-year-reflection-4-768x1365.jpg 768w, https:\/\/luciepo.com\/wp-content\/uploads\/2024\/01\/last-year-reflection-4-864x1536.jpg 864w, https:\/\/luciepo.com\/wp-content\/uploads\/2024\/01\/last-year-reflection-4-1140x2027.jpg 1140w, https:\/\/luciepo.com\/wp-content\/uploads\/2024\/01\/last-year-reflection-4.jpg 1152w\" sizes=\"(max-width: 576px) 100vw, 576px\" \/><\/figure><\/div>\n<div style=\"height:33px\" aria-hidden=\"true\" class=\"wp-block-spacer\"><\/div>\n\n<h3 id='plus-qu-une-simple-sant\u00e9-physique'  id=\"boomdevs_12\" class=\"wp-block-heading\" >Plus qu&#8217;une simple sant\u00e9 physique<\/h3>\n\n<p><strong>\n  <a href=\"https:\/\/www.lesmills.com\/workouts\/fitness-classes\/bodypump\/\" data-type=\"link\" data-id=\"https:\/\/www.lesmills.com\/workouts\/fitness-classes\/bodypump\/\" target=\"_blank\" rel=\"noopener\">BodyPump<\/a>\n<\/strong> est devenu plus <strong>qu&#8217;une s\u00e9ance d&#8217;entra\u00eenement<\/strong>, c&#8217;est devenu <strong>un rituel<\/strong>. Il ne s&#8217;agissait pas seulement de se mettre en forme, mais aussi <strong>de se r\u00e9server du temps pour soi et de le consacrer exclusivement \u00e0 son bien-\u00eatre<\/strong>. Cet engagement en faveur de la forme physique a eu un effet b\u00e9n\u00e9fique inattendu : <strong>il m&#8217;a permis de rationaliser ma routine quotidienne<\/strong>. Soudain, <strong>je me suis retrouv\u00e9e \u00e0 mieux g\u00e9rer mon temps, \u00e0<\/strong> r\u00e9duire les <strong>activit\u00e9s improductives<\/strong> et \u00e0 me <strong>concentrer davantage sur ce qui ajoute de la valeur \u00e0 ma vie,<\/strong> comme la sant\u00e9 et le bien-\u00eatre.<\/p>\n\n<div style=\"height:33px\" aria-hidden=\"true\" class=\"wp-block-spacer\"><\/div>\n\n<h3 id='l-impact-sur-ma-vie'  id=\"boomdevs_13\" class=\"wp-block-heading\" >L&#8217;impact sur ma vie<\/h3>\n\n<p>Le voyage avec <strong>\n  <a href=\"https:\/\/www.lesmills.com\/workouts\/fitness-classes\/bodypump\/\" data-type=\"link\" data-id=\"https:\/\/www.lesmills.com\/workouts\/fitness-classes\/bodypump\/\" target=\"_blank\" rel=\"noopener\">BodyPump<\/a>\n<\/strong> a <strong>\u00e9t\u00e9 transformatrice<\/strong>. Ce n&#8217;est pas seulement la force physique que j&#8217;ai acquise, c&#8217;est aussi <strong>la clart\u00e9 mentale et la discipline<\/strong> qui en d\u00e9coulent. Chaque s\u00e9ance me rappelle que<strong> je suis capable de repousser les limites et d&#8217;atteindre mes objectifs, que ce soit \u00e0 l&#8217;int\u00e9rieur ou \u00e0 l&#8217;ext\u00e9rieur de la salle de sport<\/strong>.<\/p>\n\n<div style=\"height:33px\" aria-hidden=\"true\" class=\"wp-block-spacer\"><\/div>\n\n<h3 id='aper\u00e7u-des-principaux-\u00e9l\u00e9ments'  id=\"boomdevs_14\" class=\"wp-block-heading\" id=\"isPasted\" >Aper\u00e7u des principaux \u00e9l\u00e9ments<\/h3>\n\n<ol id=\"isPasted\">\n<li>Le <strong>fitness comme mode de vie<\/strong>: <strong>\n  <a href=\"https:\/\/www.lesmills.com\/workouts\/fitness-classes\/bodypump\/\" data-type=\"link\" data-id=\"https:\/\/www.lesmills.com\/workouts\/fitness-classes\/bodypump\/\" target=\"_blank\" rel=\"noopener\">BodyPump<\/a>\n<\/strong> m&#8217;a appris que le fitness est plus qu&#8217;une activit\u00e9 ; c&#8217;est un <strong>choix de vie qui a un impact sur chaque partie de votre journ\u00e9e<\/strong>.<\/li>\n\n\n\n<li><strong>Le pouvoir de la routine<\/strong>: L&#8217;adoption de ce nouveau programme de remise en forme m&#8217;a montr\u00e9 <strong>qu&#8217;une approche structur\u00e9e de la sant\u00e9 peut permettre de perdre moins de temps et de passer des moments plus productifs et de meilleure qualit\u00e9<\/strong>.<\/li>\n\n\n\n<li>Le <strong>bien-\u00eatre au-del\u00e0 du physique<\/strong>: ce voyage a \u00e9t\u00e9 autant <strong>ax\u00e9 sur le bien-\u00eatre mental et \u00e9motionnel que sur la sant\u00e9 physique<\/strong>.<\/li>\n<\/ol>\n\n<div style=\"height:33px\" aria-hidden=\"true\" class=\"wp-block-spacer\"><\/div>\n\n<h2 id='le-triomphe-au-milieu-des-\u00e9preuves-r\u00e9ussir-l-ielts'  id=\"boomdevs_15\" class=\"wp-block-heading\" ><strong>Le triomphe au milieu des \u00e9preuves &#8211; r\u00e9ussir l&#8217;IELTS<\/strong><\/h2>\n\n<p>Au cours de l&#8217;une des p\u00e9riodes les plus difficiles de mon ann\u00e9e, j&#8217;ai r\u00e9ussi <strong>quelque chose qui est devenu un triomphe personnel<\/strong>: j&#8217;ai obtenu d&#8217;excellents r\u00e9sultats \u00e0 l&#8217;IELTS. Au milieu du tourbillon du travail, des blogs et des bouleversements personnels, se pr\u00e9parer \u00e0 cet examen a \u00e9t\u00e9 comme s&#8217;accrocher \u00e0 une bou\u00e9e de sauvetage de la normalit\u00e9. Les heures d&#8217;\u00e9tude, bien qu&#8217;\u00e9puisantes, <strong>ont apport\u00e9 un sens de l&#8217;objectif et de la concentration qui faisait cruellement d\u00e9faut<\/strong>. Lorsque les r\u00e9sultats sont arriv\u00e9s, il ne s&#8217;agissait pas seulement de r\u00e9ussir un examen ; c <strong>&#8216;\u00e9tait un rappel bien n\u00e9cessaire de ma r\u00e9silience et de mes capacit\u00e9s, un phare de r\u00e9ussite dans une p\u00e9riode de temp\u00eate<\/strong>.<\/p>\n\n<div style=\"height:33px\" aria-hidden=\"true\" class=\"wp-block-spacer\"><\/div>\n<div class=\"wp-block-image\">\n<figure class=\"aligncenter size-large\"><img decoding=\"async\" loading=\"lazy\" width=\"576\" height=\"1024\" src=\"https:\/\/luciepo.com\/wp-content\/uploads\/2024\/01\/last-year-reflection-5-576x1024.jpg\" alt=\"ma r&#xE9;flexion de fin d'ann&#xE9;e\" class=\"wp-image-4767\" srcset=\"https:\/\/luciepo.com\/wp-content\/uploads\/2024\/01\/last-year-reflection-5-576x1024.jpg 576w, https:\/\/luciepo.com\/wp-content\/uploads\/2024\/01\/last-year-reflection-5-169x300.jpg 169w, https:\/\/luciepo.com\/wp-content\/uploads\/2024\/01\/last-year-reflection-5-768x1365.jpg 768w, https:\/\/luciepo.com\/wp-content\/uploads\/2024\/01\/last-year-reflection-5-864x1536.jpg 864w, https:\/\/luciepo.com\/wp-content\/uploads\/2024\/01\/last-year-reflection-5-1140x2027.jpg 1140w, https:\/\/luciepo.com\/wp-content\/uploads\/2024\/01\/last-year-reflection-5.jpg 1152w\" sizes=\"(max-width: 576px) 100vw, 576px\" \/><figcaption class=\"wp-element-caption\">La r\u00e9alit\u00e9 de la pr\u00e9paration \u00e0 l&#8217;IELTS<\/figcaption><\/figure><\/div>\n<div style=\"height:33px\" aria-hidden=\"true\" class=\"wp-block-spacer\"><\/div>\n\n<h3 id='principaux-enseignements'  id=\"boomdevs_16\" class=\"wp-block-heading\" id=\"isPasted\" ><span class=\"ez-toc-section\" id=\"Principaux_enseignements\"><\/span>Principaux enseignements<span class=\"ez-toc-section-end\"><\/span><\/h3>\n\n<ol id=\"isPasted\">\n<li><strong>La r\u00e9silience est essentielle<\/strong>: Cette exp\u00e9rience m&#8217;a appris que la <strong>r\u00e9silience ne consiste pas seulement \u00e0 endurer, mais aussi \u00e0 trouver la force dans les d\u00e9fis<\/strong>.<\/li>\n\n\n\n<li>La <strong>pr\u00e9paration porte ses fruits<\/strong>: la <strong>pr\u00e9paration rigoureuse a valu chaque minute<\/strong>. Cela a renforc\u00e9 l&#8217;id\u00e9e qu&#8217;il <strong>n&#8217;y a pas de raccourci vers le succ\u00e8s<\/strong>.<\/li>\n\n\n\n<li><strong>C\u00e9l\u00e9brer les petites victoires<\/strong>: R\u00e9ussir l&#8217;IELTS m&#8217;a <strong>rappel\u00e9 qu&#8217;il faut c\u00e9l\u00e9brer chaque r\u00e9ussite<\/strong>, petite ou grande, <strong>surtout quand les temps sont durs<\/strong>.<\/li>\n<\/ol>\n\n<div style=\"height:33px\" aria-hidden=\"true\" class=\"wp-block-spacer\"><\/div>\n\n<h2 id='l-art-de-dire-non-fixer-des-limites-pour-une-meilleure-sant\u00e9'  id=\"boomdevs_17\" class=\"wp-block-heading\" ><strong>L&#8217;art de dire non &#8211; Fixer des limites pour une meilleure sant\u00e9<\/strong><\/h2>\n\n<p>L&#8217;ann\u00e9e qui vient de s&#8217;\u00e9couler a \u00e9t\u00e9 un cours magistral sur une <strong>comp\u00e9tence dont je ne savais pas que j&#8217;avais d\u00e9sesp\u00e9r\u00e9ment besoin<\/strong>: l&#8217;art de dire &#8220;non&#8221;. Cela semble simple, mais pour quelqu&#8217;un qui a toujours \u00e9t\u00e9 du genre &#8220;oui&#8221;, <strong>apprendre \u00e0 fixer des limites a \u00e9t\u00e9 tout simplement r\u00e9volutionnaire pour mon \u00e9quilibre vie professionnelle-vie priv\u00e9e et ma sant\u00e9 mentale<\/strong>.<\/p>\n\n<div style=\"height:33px\" aria-hidden=\"true\" class=\"wp-block-spacer\"><\/div>\n\n<h3 id='apprendre-\u00e0-\u00e9tablir-des-priorit\u00e9s'  id=\"boomdevs_18\" class=\"wp-block-heading\" >Apprendre \u00e0 \u00e9tablir des priorit\u00e9s<\/h3>\n\n<p>Le voyage a commenc\u00e9 par une prise de conscience : <strong>Je ne peux pas tout faire.<\/strong> Dire &#8220;oui&#8221; \u00e0 chaque demande, \u00e0 chaque opportunit\u00e9, me semblait une obligation. Mais ce faisant, <strong>je m&#8217;\u00e9tirais trop, ce qui me conduisait \u00e0 l&#8217;\u00e9puisement<\/strong> <strong>et au stress<\/strong>. Il \u00e9tait temps de <strong>r\u00e9\u00e9valuer mes priorit\u00e9s et de comprendre que dire &#8220;non&#8221; n&#8217;est pas \u00e9go\u00efste, mais<\/strong> n\u00e9cessaire. Il s&#8217;<strong>agit de respecter mon temps et mes besoins<\/strong>.<\/p>\n\n<div style=\"height:33px\" aria-hidden=\"true\" class=\"wp-block-spacer\"><\/div>\n\n<h3 id='l-impact-sur-l-\u00e9quilibre-entre-vie-professionnelle-et-vie-priv\u00e9e'  id=\"boomdevs_19\" class=\"wp-block-heading\" >L&#8217;impact sur l&#8217;\u00e9quilibre entre vie professionnelle et vie priv\u00e9e<\/h3>\n\n<p>Lorsque j&#8217;ai commenc\u00e9 \u00e0 dire &#8220;non&#8221; &#8211; aux r\u00e9unions inutiles, aux demandes de derni\u00e8re minute, aux rencontres sociales qui m&#8217;\u00e9puisaient au lieu de me donner de l&#8217;\u00e9nergie &#8211; <strong>quelque chose d&#8217;\u00e9tonnant s&#8217;est produit<\/strong>. J&#8217;ai trouv\u00e9 <strong>plus de temps pour les choses importantes<\/strong>: <strong>ma sant\u00e9, mes loisirs et le temps pass\u00e9 avec mes proches<\/strong>.  L&#8217;<strong>\u00e9quilibre entre ma vie professionnelle et ma vie priv\u00e9e s&#8217;est consid\u00e9rablement am\u00e9lior\u00e9, tout comme ma sant\u00e9 mentale<\/strong>. N&#8217;\u00e9tant plus submerg\u00e9e par un flot incessant d&#8217;engagements, je pouvais mieux respirer et me concentrer sur mes objectifs personnels et professionnels.<\/p>\n\n<div style=\"height:33px\" aria-hidden=\"true\" class=\"wp-block-spacer\"><\/div>\n\n<h3 id='une-ann\u00e9e-de-croissance-personnelle'  id=\"boomdevs_20\" class=\"wp-block-heading\" >Une ann\u00e9e de croissance personnelle<\/h3>\n\n<p>Ce changement d&#8217;\u00e9tat d&#8217;esprit a \u00e9t\u00e9 la pierre angulaire de mon d\u00e9veloppement personnel au cours de l&#8217;ann\u00e9e. <strong>Fixer des limites est devenu synonyme de prendre soin de soi<\/strong>. Il s&#8217;agissait de <strong>faire des choix conscients qui correspondaient \u00e0 mon bien-\u00eatre et \u00e0 mes objectifs \u00e0 long terme<\/strong>. Apprendre \u00e0 dire &#8220;non&#8221; <strong>signifiait dire &#8220;oui&#8221; \u00e0 une vie plus saine et plus \u00e9quilibr\u00e9e<\/strong>.<br\/><\/p>\n\n<h3 id='principaux-enseignements-1'  id=\"boomdevs_21\" class=\"wp-block-heading\" id=\"isPasted\" ><span class=\"ez-toc-section\" id=\"Principaux_enseignements-2\"><\/span>Principaux enseignements<span class=\"ez-toc-section-end\"><\/span><\/h3>\n\n<ol id=\"isPasted\">\n<li><strong>Dire non, c&#8217;est prendre<\/strong> soin de soi : j&#8217;ai appris que dire non peut \u00eatre un <strong>acte profond de soin et de respect de soi<\/strong>.<\/li>\n\n\n\n<li>La <strong>qualit\u00e9 plut\u00f4t que la quantit\u00e9<\/strong>: En me concentrant sur ce qui compte vraiment, <strong>j&#8217;ai constat\u00e9 que la qualit\u00e9 de mes engagements, de mon travail et de mes relations s&#8217;est am\u00e9lior\u00e9e<\/strong>.<\/li>\n\n\n\n<li><strong>L&#8217;autonomisation par le<\/strong> choix : il y a de l&#8217;<strong>autonomisation dans le fait de choisir o\u00f9 consacrer son \u00e9nergie et son temps<\/strong>.<\/li>\n<\/ol>\n\n<div style=\"height:33px\" aria-hidden=\"true\" class=\"wp-block-spacer\"><\/div>\n\n<h2 id='le-saut-de-la-foi-quitter-mon-emploi-et-d\u00e9m\u00e9nager-au-canada'  id=\"boomdevs_22\" class=\"wp-block-heading\" ><strong>Le saut de la foi &#8211; Quitter mon emploi et d\u00e9m\u00e9nager au Canada  <\/strong><\/h2>\n\n<p>Il y a quelque chose de terrifiant et d&#8217;exaltant \u00e0 la fois dans le fait de prendre une d\u00e9cision qui bouleverse le monde. Pour moi, <strong>ce moment est arriv\u00e9 lorsque j&#8217;ai d\u00e9cid\u00e9 de quitter mon emploi<\/strong>. Imaginez : une journ\u00e9e normale au bureau, des lumi\u00e8res fluorescentes qui bourdonnent au-dessus de ma t\u00eate, et moi, fixant l&#8217;\u00e9cran de l&#8217;ordinateur, <strong>r\u00e9alisant que j&#8217;\u00e9tais pr\u00eat pour un changement<\/strong>.<\/p>\n\n<div style=\"height:33px\" aria-hidden=\"true\" class=\"wp-block-spacer\"><\/div>\n\n<h3 id='pourquoi-j-ai-quitt\u00e9'  id=\"boomdevs_23\" class=\"wp-block-heading\" >Pourquoi j&#8217;ai quitt\u00e9<\/h3>\n\n<p>La d\u00e9cision n&#8217;a pas \u00e9t\u00e9 prise sur un coup de t\u00eate. <strong>Cela faisait<\/strong>un moment que je sentais que je n&#8217;<strong>\u00e9tais pas l\u00e0 o\u00f9 je dev <\/strong>ais \u00eatre. Le travail \u00e9tait bien, mais juste bien. Et au fond de moi, <strong>je savais que je voulais plus qu&#8217;une bonne chose<\/strong>. Je voulais poursuivre une vie qui me fasse sauter du lit le matin, et non pas une vie qui me pousse \u00e0 appuyer sur &#8220;snooze&#8221;.<\/p>\n\n<div style=\"height:33px\" aria-hidden=\"true\" class=\"wp-block-spacer\"><\/div>\n\n<h3 id='le-grand-d\u00e9m\u00e9nagement'  id=\"boomdevs_24\" class=\"wp-block-heading\" >Le grand d\u00e9m\u00e9nagement<\/h3>\n\n<p><strong>Le choix du Canada n&#8217;a pas \u00e9t\u00e9 fait au hasard.  <\/strong>J&#8217;ai toujours \u00e9t\u00e9 attir\u00e9e par ses paysages \u00e9poustouflants et sa culture accueillante. De plus, Calgary semblait \u00eatre le m\u00e9lange parfait de vie urbaine et de nature. L&#8217;id\u00e9e d&#8217;\u00eatre proche des Rocheuses \u00e9tait enthousiasmante. J&#8217;ai donc franchi le pas. J&#8217;ai fait mes valises, j&#8217;ai dit au revoir et je me suis embarqu\u00e9e dans ce qui m&#8217;a sembl\u00e9 \u00eatre la plus grande aventure de ma vie.<\/p>\n\n<div style=\"height:33px\" aria-hidden=\"true\" class=\"wp-block-spacer\"><\/div>\n<div class=\"wp-block-image\">\n<figure class=\"aligncenter size-large\"><img decoding=\"async\" loading=\"lazy\" width=\"768\" height=\"1024\" src=\"https:\/\/luciepo.com\/wp-content\/uploads\/2024\/01\/last-year-reflection-1-768x1024.jpg\" alt=\"Exemple de r&#xE9;flexion de fin d'ann&#xE9;e\" class=\"wp-image-4761\" srcset=\"https:\/\/luciepo.com\/wp-content\/uploads\/2024\/01\/last-year-reflection-1-768x1024.jpg 768w, https:\/\/luciepo.com\/wp-content\/uploads\/2024\/01\/last-year-reflection-1-225x300.jpg 225w, https:\/\/luciepo.com\/wp-content\/uploads\/2024\/01\/last-year-reflection-1-1152x1536.jpg 1152w, https:\/\/luciepo.com\/wp-content\/uploads\/2024\/01\/last-year-reflection-1-1536x2048.jpg 1536w, https:\/\/luciepo.com\/wp-content\/uploads\/2024\/01\/last-year-reflection-1-1140x1520.jpg 1140w, https:\/\/luciepo.com\/wp-content\/uploads\/2024\/01\/last-year-reflection-1-scaled.jpg 1920w\" sizes=\"(max-width: 768px) 100vw, 768px\" \/><\/figure><\/div>\n<div style=\"height:33px\" aria-hidden=\"true\" class=\"wp-block-spacer\"><\/div>\n\n<h3 id='s-installer'  id=\"boomdevs_25\" class=\"wp-block-heading\" >S&#8217;installer<\/h3>\n\n<p>L&#8217;installation \u00e0 Calgary a \u00e9t\u00e9 un <strong>m\u00e9lange d&#8217;excitation et de d\u00e9fis<\/strong>. Les premi\u00e8res semaines ont \u00e9t\u00e9 un tourbillon de recherche d&#8217;un logement, d&#8217;adaptation \u00e0 la ville et, bien s\u00fbr, de d\u00e9marches administratives (personne ne vous pr\u00e9vient de la paperasserie !).  <strong>J&#8217;ai eu des moments de doute, me demandant si j&#8217;avais fait le bon choix.<\/strong>  Mais ensuite, je voyais le soleil se coucher sur les montagnes.  <strong>cela en valait la peine.<\/strong><\/p>\n\n<div style=\"height:33px\" aria-hidden=\"true\" class=\"wp-block-spacer\"><\/div>\n<div class=\"wp-block-image\">\n<figure class=\"aligncenter size-full\"><img decoding=\"async\" loading=\"lazy\" width=\"900\" height=\"600\" src=\"https:\/\/luciepo.com\/wp-content\/uploads\/2024\/01\/last-year-reflection-3.jpg\" alt=\"bilan de l'ann&#xE9;e derni&#xE8;re\" class=\"wp-image-8598\" srcset=\"https:\/\/luciepo.com\/wp-content\/uploads\/2024\/01\/last-year-reflection-3.jpg 900w, https:\/\/luciepo.com\/wp-content\/uploads\/2024\/01\/last-year-reflection-3-300x200.jpg 300w, https:\/\/luciepo.com\/wp-content\/uploads\/2024\/01\/last-year-reflection-3-768x512.jpg 768w\" sizes=\"(max-width: 900px) 100vw, 900px\" \/><\/figure><\/div>\n<div style=\"height:33px\" aria-hidden=\"true\" class=\"wp-block-spacer\"><\/div>\n\n<h3 id='enseignements-tir\u00e9s-1'  id=\"boomdevs_26\" class=\"wp-block-heading\" >Enseignements tir\u00e9s<\/h3>\n\n<ol id=\"isPasted\">\n<li><strong>Accepter l&#8217;inconnu<\/strong>: la plus grande le\u00e7on de ce d\u00e9m\u00e9nagement a \u00e9t\u00e9 d&#8217;<strong>apprendre \u00e0 accepter l&#8217;incertitude <\/strong>. C&#8217;est effrayant, mais aussi incroyablement lib\u00e9rateur.<\/li>\n\n\n\n<li>La <strong>communaut\u00e9 compte<\/strong>: <strong>La constitution d&#8217;un nouveau r\u00e9seau d&#8217;amis et de connaissances a \u00e9t\u00e9 cruciale<\/strong>. Cela m&#8217;a aid\u00e9 \u00e0 me sentir enracin\u00e9e et \u00e0 faire partie de mon nouveau foyer.<\/li>\n\n\n\n<li><strong>Soyez gentil avec vous-m\u00eame<\/strong>: <strong>Il y a eu des jours difficiles.<\/strong> J&#8217;ai eu le mal du pays ou je me suis sentie d\u00e9pass\u00e9e. <strong>J&#8217;ai appris l&#8217;importance de la compassion envers soi-m\u00eame au cours de ces transitions.<\/strong><\/li>\n<\/ol>\n\n<div style=\"height:33px\" aria-hidden=\"true\" class=\"wp-block-spacer\"><\/div>\n<div class=\"wp-block-image\">\n<figure class=\"aligncenter size-large\"><img decoding=\"async\" loading=\"lazy\" width=\"768\" height=\"1024\" src=\"https:\/\/luciepo.com\/wp-content\/uploads\/2024\/01\/last-year-reflection-2-768x1024.jpg\" alt=\"essai de r&#xE9;flexion de fin d'ann&#xE9;e\" class=\"wp-image-4762\" srcset=\"https:\/\/luciepo.com\/wp-content\/uploads\/2024\/01\/last-year-reflection-2-768x1024.jpg 768w, https:\/\/luciepo.com\/wp-content\/uploads\/2024\/01\/last-year-reflection-2-225x300.jpg 225w, https:\/\/luciepo.com\/wp-content\/uploads\/2024\/01\/last-year-reflection-2-1152x1536.jpg 1152w, https:\/\/luciepo.com\/wp-content\/uploads\/2024\/01\/last-year-reflection-2-1536x2048.jpg 1536w, https:\/\/luciepo.com\/wp-content\/uploads\/2024\/01\/last-year-reflection-2-1140x1520.jpg 1140w, https:\/\/luciepo.com\/wp-content\/uploads\/2024\/01\/last-year-reflection-2-scaled.jpg 1920w\" sizes=\"(max-width: 768px) 100vw, 768px\" \/><\/figure><\/div>\n<div style=\"height:33px\" aria-hidden=\"true\" class=\"wp-block-spacer\"><\/div>\n\n<h2 id='mes-objectifs-pour-2024-d\u00e9finir-le-cap-d-une-ann\u00e9e-riche-en-satisfactions'  id=\"boomdevs_27\" class=\"wp-block-heading\" ><strong>Mes objectifs pour 2024 : D\u00e9finir le cap d&#8217;une ann\u00e9e riche en satisfactions<\/strong><\/h2>\n\n<p>\u00c0 l&#8217;aube de 2024, il est temps de <strong>tracer la voie pour l&#8217;ann\u00e9e \u00e0 venir<\/strong>. En r\u00e9fl\u00e9chissant \u00e0 la croissance et aux d\u00e9fis de l&#8217;ann\u00e9e \u00e9coul\u00e9e, je me suis fix\u00e9 une s\u00e9rie d&#8217;objectifs qui ne sont pas seulement des jalons, mais des rep\u00e8res dans un voyage vers une vie plus \u00e9panouie.  <\/p>\n\n<p>Voici ce que je vise pour 2024 :<strong><br\/><\/strong><\/p>\n\n<div style=\"height:33px\" aria-hidden=\"true\" class=\"wp-block-spacer\"><\/div>\n\n<h3 id='aider-les-gens-gr\u00e2ce-\u00e0-mon-blog'  id=\"boomdevs_28\" class=\"wp-block-heading\" >Aider les gens gr\u00e2ce \u00e0 mon blog<\/h3>\n\n<p>Avant tout, je veux que mon blog soit plus qu&#8217;une simple collection d&#8217;histoires et d&#8217;id\u00e9es. Mon objectif est d&#8217;en faire <strong>une plateforme qui aide r\u00e9ellement les gens, que ce soit par des conseils pratiques, le partage d&#8217;exp\u00e9riences ou simplement une source d&#8217;inspiration<\/strong>. J&#8217;envisage un espace o\u00f9 les lecteurs trouveront de la valeur, du soutien et un sens de la communaut\u00e9.<\/p>\n\n<div style=\"height:33px\" aria-hidden=\"true\" class=\"wp-block-spacer\"><\/div>\n\n<h3 id='rejoindre-mediavine'  id=\"boomdevs_29\" class=\"wp-block-heading\" ><span class=\"ez-toc-section\" id=\"Rejoindre_Mediavine\"><\/span>Rejoindre Mediavine<span class=\"ez-toc-section-end\"><\/span><\/h3>\n\n<p>Pour atteindre un public plus large et faire passer mon blog au niveau sup\u00e9rieur, j&#8217;ai l&#8217;intention d&#8217;entrer dans Mediavine. Il s&#8217;agit non seulement d&#8217;augmenter le trafic sur mon blog, mais aussi de veiller \u00e0 ce que le contenu soit attrayant, utile et qu&#8217;il trouve un \u00e9cho aupr\u00e8s de mes lecteurs.  <strong>C&#8217;est un d\u00e9fi que je suis impatiente de relever, car il correspond \u00e0 ma passion pour le blogging et \u00e0 mon engagement d&#8217;en faire une partie importante de ma vie.<\/strong><\/p>\n\n<div style=\"height:33px\" aria-hidden=\"true\" class=\"wp-block-spacer\"><\/div>\n\n<h3 id='obtenir-la-r\u00e9sidence-permanente-au-canada'  id=\"boomdevs_30\" class=\"wp-block-heading\" >Obtenir la r\u00e9sidence permanente au Canada<\/h3>\n\n<p>L&#8217;un de mes principaux objectifs personnels est d&#8217;obtenir une r\u00e9sidence permanente au Canada. Il ne s&#8217;agit pas seulement d&#8217;un changement de statut ; il s&#8217;<strong>agit de planter des racines dans un endroit que j&#8217;ai appris \u00e0 aimer, de construire un avenir stable et s\u00fbr, et de saisir les opportunit\u00e9s qu&#8217;offre le statut de r\u00e9sident permanent de ce pays dynamique<\/strong>.<\/p>\n\n<div style=\"height:33px\" aria-hidden=\"true\" class=\"wp-block-spacer\"><\/div>\n\n<h3 id='favoriser-de-nouvelles-amiti\u00e9s'  id=\"boomdevs_31\" class=\"wp-block-heading\" >Favoriser de nouvelles amiti\u00e9s<\/h3>\n\n<p>Les exp\u00e9riences de la vie sont enrichies par les personnes avec lesquelles nous les partageons. Cette ann\u00e9e, <strong>je veux me concentrer sur le d\u00e9veloppement des amiti\u00e9s, \u00e0 la fois en renfor\u00e7ant les liens que j&#8217;ai d\u00e9j\u00e0 et en en cr\u00e9ant de nouveaux<\/strong>. Il s&#8217;agit de se connecter, de partager et de grandir ensemble.<\/p>\n\n<div style=\"height:33px\" aria-hidden=\"true\" class=\"wp-block-spacer\"><\/div>\n\n<h3 id='obtenir-une-voiture'  id=\"boomdevs_32\" class=\"wp-block-heading\" ><span class=\"ez-toc-section\" id=\"Obtenir_une_voiture\"><\/span><strong>Obtenir une voiture<\/strong><span class=\"ez-toc-section-end\"><\/span><\/h3>\n\n<p>Un objectif pratique mais important pour moi est d&#8217;avoir une voiture. <strong>Elle repr\u00e9sente la libert\u00e9 et l&#8217;ind\u00e9pendance<\/strong>, et c&#8217;est un pas vers l&#8217;exploration de ce que le Canada a \u00e0 offrir. Qu&#8217;il s&#8217;agisse de voyages en voiture, de trajets plus faciles ou d&#8217;aventures spontan\u00e9es, le <strong>fait d&#8217;avoir une voiture ouvre un nouveau champ de possibilit\u00e9s<\/strong>.<\/p>\n\n<div style=\"height:33px\" aria-hidden=\"true\" class=\"wp-block-spacer\"><\/div>\n\n<h3 id='reconnaissance-de-mon-dipl\u00f4me-de-pharmacie'  id=\"boomdevs_33\" class=\"wp-block-heading\" ><strong>Reconnaissance de mon dipl\u00f4me de pharmacie<\/strong><\/h3>\n\n<p>Enfin, un objectif professionnel qui me tient \u00e0 c\u0153ur : <strong>obtenir la reconnaissance de mon dipl\u00f4me de pharmacie au Canada<\/strong>. Il ne s&#8217;agit pas seulement d&#8217;une d\u00e9marche acad\u00e9mique ; il s&#8217;<strong>agit de faire progresser ma carri\u00e8re, d&#8217;\u00e9largir mes opportunit\u00e9s professionnelles et d&#8217;acqu\u00e9rir un sentiment d&#8217;accomplissement dans mon domaine<\/strong>.<\/p>\n\n<div style=\"height:33px\" aria-hidden=\"true\" class=\"wp-block-spacer\"><\/div>\n\n<p>Chacun de ces objectifs, bien que distincts, est interconnect\u00e9, tissant des liens entre les aspects personnels, professionnels et cr\u00e9atifs de ma vie. Il ne s&#8217;agit pas seulement d&#8217;objectifs \u00e0 cocher, mais de voies vers la croissance, l&#8217;\u00e9panouissement et de nouvelles aventures.  <\/p>\n\n<p><strong>Nous vous souhaitons une ann\u00e9e 2024 pleine de possibilit\u00e9s, de d\u00e9fis et de r\u00e9alisations !<\/strong><\/p>\n\n<div style=\"height:33px\" aria-hidden=\"true\" class=\"wp-block-spacer\"><\/div>\n<div class=\"wp-block-image\">\n<figure class=\"aligncenter size-large\"><img decoding=\"async\" loading=\"lazy\" width=\"1024\" height=\"724\" src=\"https:\/\/luciepo.com\/wp-content\/uploads\/2024\/01\/last-year-reflection-1024x724.png\" alt=\"r&#xE9;flexion sur l'ann&#xE9;e derni&#xE8;re\" class=\"wp-image-4763\" srcset=\"https:\/\/luciepo.com\/wp-content\/uploads\/2024\/01\/last-year-reflection-1024x724.png 1024w, https:\/\/luciepo.com\/wp-content\/uploads\/2024\/01\/last-year-reflection-300x212.png 300w, https:\/\/luciepo.com\/wp-content\/uploads\/2024\/01\/last-year-reflection-768x543.png 768w, https:\/\/luciepo.com\/wp-content\/uploads\/2024\/01\/last-year-reflection-1536x1087.png 1536w, https:\/\/luciepo.com\/wp-content\/uploads\/2024\/01\/last-year-reflection-1140x807.png 1140w, https:\/\/luciepo.com\/wp-content\/uploads\/2024\/01\/last-year-reflection.png 2000w\" sizes=\"(max-width: 1024px) 100vw, 1024px\" \/><\/figure><\/div>\n<div style=\"height:33px\" aria-hidden=\"true\" class=\"wp-block-spacer\"><\/div>\n\n<div class=\"wp-block-group has-background is-layout-constrained wp-block-group-is-layout-constrained\" style=\"background-color:#fbf0c3\"><div class=\"wp-block-group__inner-container\">\n<p id=\"isPasted\"><strong>En partageant mon histoire avec vous, j&#8217;esp\u00e8re qu&#8217;elle r\u00e9sonnera, qu&#8217;elle vous inspirera ou qu&#8217;elle vous offrira simplement un moment de connexion. Mais maintenant, j&#8217;aimerais que vous me fassiez part de vos commentaires :<\/strong><\/p>\n\n\n\n<ul>\n<li><strong><em>Quels ont \u00e9t\u00e9 les moments cl\u00e9s de l&#8217;ann\u00e9e \u00e9coul\u00e9e ?<\/em><\/strong><\/li>\n\n\n\n<li><strong><em>Quelles sont vos aspirations pour 2024 ?<\/em><\/strong><\/li>\n<\/ul>\n\n\n\n<p><strong>Partagez vos histoires dans les commentaires, ou contactez-moi sur mon blog. Inspirons-nous les uns des autres alors que nous nous embarquons pour une nouvelle ann\u00e9e remplie d&#8217;espoirs, de d\u00e9fis et de r\u00e9alisations. Ensemble, faisons de 2024 une ann\u00e9e m\u00e9morable !<\/strong><\/p>\n<\/div><\/div>\n\n<div style=\"height:33px\" aria-hidden=\"true\" class=\"wp-block-spacer\"><\/div>\n\n<h2 id='questions-fr\u00e9quemment-pos\u00e9es'  id=\"boomdevs_34\" class=\"wp-block-heading\" ><strong>Questions fr\u00e9quemment pos\u00e9es<\/strong><\/h2>\n\n<div style=\"height:33px\" aria-hidden=\"true\" class=\"wp-block-spacer\"><\/div>\n<div id=\"rank-math-faq\" class=\"rank-math-block\">\n<div class=\"rank-math-list \">\n<div id=\"faq-question-1704313422655\" class=\"rank-math-list-item\">\n<h3 id='quelles-sont-les-questions-de-r\u00e9flexion-les-plus-efficaces-pour-la-fin-de-l-ann\u00e9e'  id=\"boomdevs_35\" class=\"rank-math-question \" ><strong>Quelles sont les questions de r\u00e9flexion les plus efficaces pour la fin de l&#8217;ann\u00e9e ?<\/strong><\/h3>\n<div class=\"rank-math-answer \">\n\n<p>Pensez \u00e0 vous interroger sur les <strong>choses les plus importantes que vous avez apprises, vos plus grands d\u00e9fis et vos plus grandes r\u00e9ussites<\/strong>. R\u00e9fl\u00e9chissez \u00e0 votre vie personnelle et professionnelle, et <strong>pensez aux changements positifs que vous avez op\u00e9r<\/strong>\u00e9s.<\/p>\n\n<\/div>\n<\/div>\n<div id=\"faq-question-1704313435319\" class=\"rank-math-list-item\">\n<h3 id='comment-faire-en-sorte-que-mes-r\u00e9solutions-du-nouvel-an-tiennent-tout-au-long-de-l-ann\u00e9e'  id=\"boomdevs_36\" class=\"rank-math-question \" ><strong>Comment faire en sorte que mes r\u00e9solutions du Nouvel An tiennent tout au long de l&#8217;ann\u00e9e ?<\/strong><\/h3>\n<div class=\"rank-math-answer \">\n\n<p>Commencez par <strong><br \/>\n  <a href=\"https:\/\/luciepo.com\/fr\/fixation-dobjectifs-101-un-guide-pas-a-pas-pour-realiser-vos-reves\/\" data-type=\"link\" data-id=\"https:\/\/luciepo.com\/how-set-goals-and-achieve-them\/\">fixer des objectifs clairs et r\u00e9alisables<\/a><br \/>\n<\/strong>. <strong>D\u00e9composez vos r\u00e9solutions en \u00e9tapes r\u00e9alisables et revoyez-les r\u00e9guli\u00e8rement.<\/strong> La tenue d&#8217;un bullet journal ou la mise en place de rappels r\u00e9guliers peuvent vous aider \u00e0 ne pas perdre de vue vos objectifs.<\/p>\n\n<\/div>\n<\/div>\n<div id=\"faq-question-1704313451501\" class=\"rank-math-list-item\">\n<h3 id='quelle-est-la-meilleure-fa\u00e7on-de-mener-une-r\u00e9flexion-annuelle-\u00e0-la-fin-de-chaque-ann\u00e9e'  id=\"boomdevs_37\" class=\"rank-math-question \" ><strong>Quelle est la meilleure fa\u00e7on de mener une r\u00e9flexion annuelle \u00e0 la fin de chaque ann\u00e9e ?<\/strong><\/h3>\n<div class=\"rank-math-answer \">\n\n<p><strong>R\u00e9servez un moment de calme <\/strong>pour une r\u00e9flexion approfondie. Faites le bilan de vos hauts et de vos bas et r\u00e9fl\u00e9chissez \u00e0 ce que vous avez appris. Le fait d&#8217;\u00e9crire ses pens\u00e9es ou d&#8217;en discuter avec des membres de l&#8217;\u00e9quipe ou des amis peut apporter de nouvelles id\u00e9es.<\/p>\n\n<\/div>\n<\/div>\n<div id=\"faq-question-1704313529210\" class=\"rank-math-list-item\">\n<h3 id='comment-puis-je-profiter-de-la-fin-de-l-ann\u00e9e-pour-me-pr\u00e9parer-\u00e0-un-nouveau-d\u00e9part'  id=\"boomdevs_38\" class=\"rank-math-question \" ><strong>Comment puis-je profiter de la fin de l&#8217;ann\u00e9e pour me pr\u00e9parer \u00e0 un nouveau d\u00e9part ?<\/strong><\/h3>\n<div class=\"rank-math-answer \">\n\n<p>La fin d&#8217;une ann\u00e9e est une occasion naturelle de se fixer de nouveaux objectifs et de se d\u00e9barrasser de mauvaises habitudes. C&#8217;est le moment id\u00e9al pour planifier l&#8217;ann\u00e9e \u00e0 venir et d\u00e9cider des prochaines \u00e9tapes.<\/p>\n\n<\/div>\n<\/div>\n<div id=\"faq-question-1704313552729\" class=\"rank-math-list-item\">\n<h3 id='de-quelle-mani\u00e8re-la-r\u00e9flexion-sur-l-ann\u00e9e-\u00e9coul\u00e9e-peut-elle-influer-sur-l-ann\u00e9e-\u00e0-venir'  id=\"boomdevs_39\" class=\"rank-math-question \" ><strong>De quelle mani\u00e8re la r\u00e9flexion sur l&#8217;ann\u00e9e \u00e9coul\u00e9e peut-elle influer sur l&#8217;ann\u00e9e \u00e0 venir ?<\/strong><\/h3>\n<div class=\"rank-math-answer \">\n\n<p>Une r\u00e9flexion sur l&#8217;ann\u00e9e \u00e9coul\u00e9e permet de <strong>comprendre ce qui a fonctionn\u00e9, ce qui n&#8217;a pas fonctionn\u00e9 et pourquoi<\/strong>. Cette compr\u00e9hension peut vous aider \u00e0 <strong><br \/>\n  <a href=\"https:\/\/luciepo.com\/fr\/fixation-dobjectifs-101-un-guide-pas-a-pas-pour-realiser-vos-reves\/\" data-type=\"link\" data-id=\"https:\/\/luciepo.com\/how-set-goals-and-achieve-them\/\">fixation d&#8217;objectifs <\/a><br \/>\n<\/strong>et vous aider \u00e0 prendre des d\u00e9cisions plus \u00e9clair\u00e9es au cours de la nouvelle ann\u00e9e.<\/p>\n\n<\/div>\n<\/div>\n<div id=\"faq-question-1704313597617\" class=\"rank-math-list-item\">\n<h3 id='quel-devrait-\u00eatre-mon-objectif-le-plus-important-pour-l-ann\u00e9e-\u00e0-venir'  id=\"boomdevs_40\" class=\"rank-math-question \" ><strong>Quel devrait \u00eatre mon objectif le plus important pour l&#8217;ann\u00e9e \u00e0 venir ?<\/strong><\/h3>\n<div class=\"rank-math-answer \">\n\n<p>Votre objectif le plus important doit <strong>correspondre<\/strong> \u00e0 votre &#8220;\u00e9toile polaire&#8221; personnelle, c&#8217;est-\u00e0-dire \u00e0 <strong>votre objectif ou \u00e0 votre ambition g\u00e9n\u00e9rale<\/strong>. Il doit s&#8217;agir d&#8217;une activit\u00e9 qui vous rapproche de la vision globale de votre vie.<\/p>\n\n<\/div>\n<\/div>\n<div id=\"faq-question-1704313625148\" class=\"rank-math-list-item\">\n<h3 id='comment-r\u00e9fl\u00e9chir-\u00e0-mon-parcours-et-\u00e0-ma-vie-professionnelle-\u00e0-la-fin-de-l-ann\u00e9e'  id=\"boomdevs_41\" class=\"rank-math-question \" ><strong>Comment r\u00e9fl\u00e9chir \u00e0 mon parcours et \u00e0 ma vie professionnelle \u00e0 la fin de l&#8217;ann\u00e9e ?<\/strong><\/h3>\n<div class=\"rank-math-answer \">\n\n<p>Repensez \u00e0 vos plus grandes r\u00e9alisations professionnelles et aux le\u00e7ons que vous en avez tir\u00e9es.  <strong>R\u00e9fl\u00e9chissez aux nouvelles comp\u00e9tences que vous avez acquises et planifiez la mani\u00e8re dont vous pourrez les utiliser dans la prochaine \u00e9tape de votre carri\u00e8re.<\/strong><\/p>\n\n<\/div>\n<\/div>\n<div id=\"faq-question-1704313679061\" class=\"rank-math-list-item\">\n<h3 id='quelle-est-la-meilleure-fa\u00e7on-de-faire-le-point-sur-mes-relations-personnelles-\u00e0-la-fin-de-l-ann\u00e9e'  id=\"boomdevs_42\" class=\"rank-math-question \" ><strong>Quelle est la meilleure fa\u00e7on de faire le point sur mes relations personnelles \u00e0 la fin de l&#8217;ann\u00e9e ?<\/strong><\/h3>\n<div class=\"rank-math-answer \">\n\n<p>R\u00e9fl\u00e9chissez \u00e0 la qualit\u00e9 de vos interactions, au soutien que vous avez apport\u00e9 et re\u00e7u, et aux changements que vous aimeriez apporter.  <strong>R\u00e9fl\u00e9chissez \u00e0 l&#8217;impact de ces relations sur votre d\u00e9veloppement personnel et votre bonheur.<\/strong><\/p>\n\n<\/div>\n<\/div>\n<div id=\"faq-question-1704313702111\" class=\"rank-math-list-item\">\n<h3 id='existe-t-il-des-outils-ou-des-m\u00e9thodes-pour-faciliter-le-processus-de-r\u00e9flexion-de-fin-d-ann\u00e9e'  id=\"boomdevs_43\" class=\"rank-math-question \" ><strong>Existe-t-il des outils ou des m\u00e9thodes pour faciliter le processus de r\u00e9flexion de fin d&#8217;ann\u00e9e ?<\/strong><\/h3>\n<div class=\"rank-math-answer \">\n\n<p>Les <strong><a href=\"https:\/\/amzn.to\/3NU3NxB\" data-type=\"link\" data-id=\"https:\/\/amzn.to\/3NU3NxB\" target=\"_blank\" rel=\"noopener\">carnets \u00e0 pu<\/a><\/strong> ces<strong>, les outils de r\u00e9flexion et les <a href=\"https:\/\/affiliate.notion.so\/4h9idqo45el1\" data-type=\"link\" data-id=\"https:\/\/affiliate.notion.so\/4h9idqo45el1\" target=\"_blank\" rel=\"noopener\">applications num\u00e9riques<\/a><\/strong> peuvent s&#8217;av\u00e9rer utiles. Certaines personnes trouvent que le fait de r\u00e9pondre \u00e0 une s\u00e9rie de questions structur\u00e9es ou de cr\u00e9er un tableau de bord pour l&#8217;ann\u00e9e suivante facilite leur processus de r\u00e9flexion.<\/p>\n\n<\/div>\n<\/div>\n<div id=\"faq-question-1704313743096\" class=\"rank-math-list-item\">\n<h3 id='quel-est-le-meilleur-souvenir-de-mon-ann\u00e9e-et-pourquoi-est-il-important-de-se-rem\u00e9morer-les-bons-moments'  id=\"boomdevs_44\" class=\"rank-math-question \" ><strong>Quel est le meilleur souvenir de mon ann\u00e9e et pourquoi est-il important de se rem\u00e9morer les bons moments ?<\/strong><\/h3>\n<div class=\"rank-math-answer \">\n\n<p>R\u00e9fl\u00e9chir \u00e0 votre meilleur souvenir de l&#8217;ann\u00e9e <strong>vous aide \u00e0 appr\u00e9cier les aspects positifs de votre vie<\/strong>. Cela peut \u00eatre une source de joie et de motivation, en<strong> vous rappelant les bons moments, m\u00eame pendant les p\u00e9riodes difficiles<\/strong>.<\/p>\n\n<\/div>\n<\/div>\n<\/div>\n<\/div>\t<div\n\t\tclass=&quot;wp-block-essential-blocks-social-share&quot;>\n        <div class=\"eb-parent-wrapper eb-parent-eb-social-share-mhc31gz\">\n            <div class=\"eb-social-share-mhc31gz eb-social-share-wrapper\">\n                <ul class=\"eb-social-shares\">\n                                            <li>\n                            <a class=\"facebook-original \" href=https:\/\/www.facebook.com\/sharer\/sharer.php?u=https:\/\/luciepo.com\/fr\/reflexion-sur-ma-derniere-annee-bilan-de-fin-dannee-2023\/ target=\"_blank\" rel=\"nofollow noopener noreferrer\">\n                                <i class=\"fab fa-facebook hvr-icon eb-social-share-icon\"><\/i>\n                                                        <\/a>\n                        <\/li>\n                                            <li>\n                            <a class=\"twitter-original \" href=https:\/\/twitter.com\/share?text=R\u00e9flexion%20sur%20ma%20derni\u00e8re%20ann\u00e9e%20:%20Bilan%20de%20fin%20d&#8217;ann\u00e9e%202023&#038;url=https:\/\/luciepo.com\/fr\/reflexion-sur-ma-derniere-annee-bilan-de-fin-dannee-2023\/ target=\"_blank\" rel=\"nofollow noopener noreferrer\">\n                                <i class=\"fab fa-twitter hvr-icon eb-social-share-icon\"><\/i>\n                                                        <\/a>\n                        <\/li>\n                                            <li>\n                            <a class=\"pinterest-original \" href=https:\/\/pinterest.com\/pin\/create\/button\/?url=https:\/\/luciepo.com\/fr\/reflexion-sur-ma-derniere-annee-bilan-de-fin-dannee-2023\/ target=\"_blank\" rel=\"nofollow noopener noreferrer\">\n                                <i class=\"fab fa-pinterest hvr-icon eb-social-share-icon\"><\/i>\n                                                        <\/a>\n                        <\/li>\n                                            <li>\n                            <a class=\"reddit-original \" href=https:\/\/www.reddit.com\/submit?url=https:\/\/luciepo.com\/fr\/reflexion-sur-ma-derniere-annee-bilan-de-fin-dannee-2023\/&#038;title=R\u00e9flexion%20sur%20ma%20derni\u00e8re%20ann\u00e9e%20:%20Bilan%20de%20fin%20d&#8217;ann\u00e9e%202023 target=\"_blank\" rel=\"nofollow noopener noreferrer\">\n                                <i class=\"fab fa-reddit hvr-icon eb-social-share-icon\"><\/i>\n                                                        <\/a>\n                        <\/li>\n                                    <\/ul>\n            <\/div>\n        <\/div>\n\t<\/div>\n\n","protected":false},"excerpt":{"rendered":"<p>Bonjour \u00e0 tous ! Alors que le calendrier tourne ses derni\u00e8res pages, je me retrouve \u00e0 faire ce que je fais chaque ann\u00e9e : prendre un moment pour r\u00e9fl\u00e9chir \u00e0 ce que j&#8217;ai fait et \u00e0 ce que je vais faire (r\u00e9flexion sur l&#8217;ann\u00e9e derni\u00e8re). Il ne s&#8217;agit pas de prendre un tas de r\u00e9solutions que j&#8217;oublierai en f\u00e9vrier, mais de se fixer des objectifs concrets et tangibles auxquels on s&#8217; accrochera. Dans l&#8217;esprit de la r\u00e9alit\u00e9, je raconterai les hauts et les bas, les le\u00e7ons apprises et les exp\u00e9riences qui m&#8217;ont orient\u00e9 vers de nouvelles directions passionnantes. Il n&#8217;y a que toi et moi, et la v\u00e9rit\u00e9 honn\u00eate d&#8217;une ann\u00e9e \u00e9coul\u00e9e. Alors, discutons de ce que cela signifie de clore un chapitre et de passer doucement au suivant, d&#8217;accord ? Mon parcours de blogueur, mon exploration de Pinterest et mes d\u00e9fis \u00e0 relever Cr\u00e9er un blog peut donner l&#8217;impression d&#8217;envoyer en mer un message dans une bouteille. On esp\u00e8re qu&#8217;il trouvera un public, mais il n&#8217;y a aucune garantie. Mon aventure dans le blogging a commenc\u00e9 avec un m\u00e9lange d&#8217;espoir et d&#8217;h\u00e9sitation, surtout lorsque j&#8217;ai rejoint le groupe LK media (cr\u00e9\u00e9 par Lukas et Lucka ) et que je me suis connect\u00e9e \u00e0 la communaut\u00e9. Je dois dire que ce d\u00e9fi ne concerne pas seulement le blogging ; il s&#8217;agit aussi de construire un r\u00e9seau, de partager des exp\u00e9riences et d&#8217;apprendre les uns des autres, ce que je trouve absolument inestimable. Les d\u00e9buts du blogging Lancer un blog, c&#8217;est comme chuchoter dans un vaste hall vide en esp\u00e9rant que votre voix r\u00e9sonne. C&#8217;est ainsi que mon parcours de blogueur a commenc\u00e9. Imaginez-moi, un blogueur d\u00e9butant, d\u00e9bordant d&#8217;enthousiasme mais confront\u00e9 \u00e0 la t\u00e2che ardue de cr\u00e9er un public \u00e0 partir de rien. C&#8217;\u00e9tait un m\u00e9lange d&#8217;excitation et de &#8220;qu&#8217;est-ce que je fais ? que diable suis-je en train de faire ? &#8216; Chaque article de blog me semblait \u00eatre une petite victoire, un tout petit pas dans le vaste monde de la narration num\u00e9rique. Je ne m&#8217;adressais pas \u00e0 une foule; parfois, j&#8217;avais l&#8217;impression de me parler \u00e0 moi-m\u00eame. Mais n&#8217;est-ce pas l\u00e0 que commencent toutes les bonnes choses ? Des r\u00e9flexions sur la vie quotidienne au partage des bizarreries de l&#8217;adaptation \u00e0 un nouveau pays, mon blog est devenu mon journal num\u00e9rique, un compte rendu de mon voyage, ouvert au monde entier &#8211; ou du moins \u00e0 quelques \u00e2mes curieuses. Un monde d&#8217;inspiration sur Pinterest Simultan\u00e9ment, j&#8217;ai d\u00e9couvert le pouvoir de Pinterest non seulement comme source d&#8217;inspiration, mais aussi comme outil strat\u00e9gique pour g\u00e9n\u00e9rer du trafic vers mon blog. Pinterest est devenu mon storyboard visuel, o\u00f9 chaque \u00e9pingle a \u00e9t\u00e9 soigneusement s\u00e9lectionn\u00e9e pour r\u00e9sonner avec le th\u00e8me de mon blog et attirer des lecteurs partageant les m\u00eames id\u00e9es. Il s&#8217;agissait d&#8217;un jeu de strat\u00e9gie et de cr\u00e9ativit\u00e9, d&#8217;apprendre les ficelles du marketing Pinterest, de comprendre ce qui attire l&#8217;attention et comment canaliser cet int\u00e9r\u00eat vers mon blog. Ce que j&#8217;ai appris en cours de route Cr\u00e9ativit\u00e9 num\u00e9rique &#8211; Lancement de produits num\u00e9riques Plonger dans le monde des produits num\u00e9riques a \u00e9t\u00e9 comme ouvrir une porte sur une salle pleine de possibilit\u00e9s dont je ne soup\u00e7onnais pas l&#8217;existence. Cette ann\u00e9e, J&#8217;ai d\u00e9cid\u00e9 de canaliser mon \u00e9nergie cr\u00e9ative vers quelque chose de tangible (enfin, de num\u00e9riquement tangible). et incroyablement personnelle. Je ne me contentais plus de partager mes pens\u00e9es sur mon blog ; je mettais au point des outils qui pouvaient r\u00e9ellement faire la diff\u00e9rence dans la vie quotidienne de quelqu&#8217;un. C&#8217;est ainsi que j&#8217;ai commenc\u00e9 \u00e0 cr\u00e9er un journal de gratitude , a planificateur de productivit\u00e9 et une collection de citations sur l&#8217;amour de soi a commenc\u00e9. De l&#8217;id\u00e9e \u00e0 la r\u00e9alit\u00e9 L&#8217;id\u00e9e est n\u00e9e de mes propres besoins et exp\u00e9riences. Je me suis demand\u00e9 : &#8220; Quels outils me permettraient d&#8217;am\u00e9liorer ma vie ? &#8221; La r\u00e9ponse \u00e9tait claire : quelque chose pour cultiver la gratitude, stimuler la productivit\u00e9 et favoriser l&#8217;amour de soi. C&#8217;est ainsi que le journal de la gratitude , planificateur de productivit\u00e9 et les citations sur l&#8217;amour de soi a vu le jour. Chaque produit \u00e9tait plus qu&#8217;un simple objet ; c &#8216;\u00e9tait un morceau de mon parcours, une offrande des le\u00e7ons que j&#8217;ai apprises. Le processus cr\u00e9atif Soyons r\u00e9alistes, le processus ne s&#8217;est pas d\u00e9roul\u00e9 sans heurts. Il a fallu passer des nuits blanches, faire des retouches sans fin et apprendre les ficelles des logiciels de conception (ce qui, soit dit en passant, peut \u00eatre aussi d\u00e9licat que d&#8217;essayer de r\u00e9soudre un Rubik&#8217;s cube dans l&#8217;obscurit\u00e9). Mais chaque \u00e9tape, chaque d\u00e9fi, faisait partie de l&#8217;aventure cr\u00e9ative. J&#8217;ai appris l&#8217;esth\u00e9tique, la fonctionnalit\u00e9 et l&#8217;\u00e9quilibre d\u00e9licat entre ce qui est beau et ce qui fonctionne bien. Leur donner vie Voir le journal de gratitude , le planificateur de productivit\u00e9 et les citations sur l&#8217;amour de soi Le fait que la vie prenne vie a \u00e9t\u00e9 un moment de pure joie. J&#8217;ai eu l&#8217;impression de voir mes b\u00e9b\u00e9s num\u00e9riques faire leurs premiers pas. Le journal de la gratitude a \u00e9t\u00e9 con\u00e7u pour encourager la r\u00e9flexion quotidienne, le planificateur de productivit\u00e9 pour aider \u00e0 organiser le chaos de la vie quotidienne, et les citations sur l&#8217;amour de soi pour rappeler en douceur la valeur et l&#8217;attention que l&#8217;on se porte \u00e0 soi-m\u00eame. P.S. J&#8217;ai \u00e9galement cr\u00e9\u00e9 plusieurs produits gratuits qui sont tr\u00e8s populaires &#8211; vous pouvez les voir ICI. Enseignements tir\u00e9s Fitness et bien-\u00eatre &#8211; Une nouvelle passion Si vous m&#8217;aviez dit il y a un an que je tomberais amoureuse d&#8217;un programme de remise en forme, j&#8217;aurais peut-\u00eatre ri. Mais voil\u00e0, je suis une nouvelle adepte de BodyPump et cela a remodel\u00e9 non seulement mon corps, mais aussi mon approche du bien-\u00eatre. D\u00e9couvrir BodyPump Tout a commenc\u00e9 par une simple d\u00e9cision d&#8217;essayer quelque chose de nouveau pour mes objectifs de remise en forme. Entrer BodyPump &#8211; un monde o\u00f9 les poids rencontrent le rythme, et la sueur la satisfaction. D\u00e8s la premi\u00e8re s\u00e9ance, j&#8217;ai \u00e9t\u00e9 s\u00e9duite. Il y a quelque chose dans la combinaison de la musique, du mouvement et du sentiment de lutte partag\u00e9e qui fait que c&#8217;est plus qu&#8217;un simple exercice, c&#8217;est un d\u00e9fi exaltant. Chaque flexion, chaque pression et chaque soul\u00e8vement \u00e9tait un pas vers un moi plus fort. Plus qu&#8217;une simple sant\u00e9 physique BodyPump est devenu plus qu&#8217;une s\u00e9ance d&#8217;entra\u00eenement, c&#8217;est devenu un rituel. Il ne s&#8217;agissait pas seulement de se mettre en forme, mais aussi de se r\u00e9server du temps pour soi et de le consacrer exclusivement \u00e0 son bien-\u00eatre. Cet engagement en faveur de la forme physique a eu un effet b\u00e9n\u00e9fique inattendu : il m&#8217;a permis de rationaliser ma routine quotidienne. Soudain, je me suis retrouv\u00e9e \u00e0 mieux g\u00e9rer mon temps, \u00e0 r\u00e9duire les activit\u00e9s improductives et \u00e0 me concentrer davantage sur ce qui ajoute de la valeur \u00e0 ma vie, comme la sant\u00e9 et le bien-\u00eatre. L&#8217;impact sur ma vie Le voyage avec BodyPump a \u00e9t\u00e9 transformatrice. Ce n&#8217;est pas seulement la force physique que j&#8217;ai acquise, c&#8217;est aussi la clart\u00e9 mentale et la discipline qui en d\u00e9coulent. Chaque s\u00e9ance me rappelle que je suis capable de repousser les limites et d&#8217;atteindre mes objectifs, que ce soit \u00e0 l&#8217;int\u00e9rieur ou \u00e0 l&#8217;ext\u00e9rieur de la salle de sport. Aper\u00e7u des principaux \u00e9l\u00e9ments Le triomphe au milieu des \u00e9preuves &#8211; r\u00e9ussir l&#8217;IELTS Au cours de l&#8217;une des p\u00e9riodes les plus difficiles de mon ann\u00e9e, j&#8217;ai r\u00e9ussi quelque chose qui est devenu un triomphe personnel: j&#8217;ai obtenu d&#8217;excellents r\u00e9sultats \u00e0 l&#8217;IELTS. Au milieu du tourbillon du travail, des blogs et des bouleversements personnels, se pr\u00e9parer \u00e0 cet examen a \u00e9t\u00e9 comme s&#8217;accrocher \u00e0 une bou\u00e9e de sauvetage de la normalit\u00e9. Les heures d&#8217;\u00e9tude, bien qu&#8217;\u00e9puisantes, ont apport\u00e9 un sens de l&#8217;objectif et de la concentration qui faisait cruellement d\u00e9faut. Lorsque les r\u00e9sultats sont arriv\u00e9s, il ne s&#8217;agissait pas seulement de r\u00e9ussir un examen ; c &#8216;\u00e9tait un rappel bien n\u00e9cessaire de ma r\u00e9silience et de mes capacit\u00e9s, un phare de r\u00e9ussite dans une p\u00e9riode de temp\u00eate. Principaux enseignements L&#8217;art de dire non &#8211; Fixer des limites pour une meilleure sant\u00e9 L&#8217;ann\u00e9e qui vient de s&#8217;\u00e9couler a \u00e9t\u00e9 un cours magistral sur une comp\u00e9tence dont je ne savais pas que j&#8217;avais d\u00e9sesp\u00e9r\u00e9ment besoin: l&#8217;art de dire &#8220;non&#8221;. Cela semble simple, mais pour quelqu&#8217;un qui a toujours \u00e9t\u00e9 du genre &#8220;oui&#8221;, apprendre \u00e0 fixer des limites a \u00e9t\u00e9 tout simplement r\u00e9volutionnaire pour mon \u00e9quilibre vie professionnelle-vie priv\u00e9e et ma sant\u00e9 mentale. Apprendre \u00e0 \u00e9tablir des priorit\u00e9s Le voyage a commenc\u00e9 par une prise de conscience : Je ne peux pas tout faire. Dire &#8220;oui&#8221; \u00e0 chaque demande, \u00e0 chaque opportunit\u00e9, me semblait une obligation. Mais ce faisant, je m&#8217;\u00e9tirais trop, ce qui me conduisait \u00e0 l&#8217;\u00e9puisement et au stress. Il \u00e9tait temps de r\u00e9\u00e9valuer mes priorit\u00e9s et de comprendre que dire &#8220;non&#8221; n&#8217;est pas \u00e9go\u00efste, mais n\u00e9cessaire. Il s&#8217;agit de respecter mon temps et mes besoins. L&#8217;impact sur l&#8217;\u00e9quilibre entre vie professionnelle et vie priv\u00e9e Lorsque j&#8217;ai commenc\u00e9 \u00e0 dire &#8220;non&#8221; &#8211; aux r\u00e9unions inutiles, aux demandes de derni\u00e8re minute, aux rencontres sociales qui m&#8217;\u00e9puisaient au lieu de me donner de l&#8217;\u00e9nergie &#8211; quelque chose d&#8217;\u00e9tonnant s&#8217;est produit. J&#8217;ai trouv\u00e9 plus de temps pour les choses importantes: ma sant\u00e9, mes loisirs et le temps pass\u00e9 avec mes proches. L&#8217;\u00e9quilibre entre ma vie professionnelle et ma vie priv\u00e9e s&#8217;est consid\u00e9rablement am\u00e9lior\u00e9, tout comme ma sant\u00e9 mentale. N&#8217;\u00e9tant plus submerg\u00e9e par un flot incessant d&#8217;engagements, je pouvais mieux respirer et me concentrer sur mes objectifs personnels et professionnels. Une ann\u00e9e de croissance personnelle Ce changement d&#8217;\u00e9tat d&#8217;esprit a \u00e9t\u00e9 la pierre angulaire de mon d\u00e9veloppement personnel au cours de l&#8217;ann\u00e9e. Fixer des limites est devenu synonyme de prendre soin de soi. Il s&#8217;agissait de faire des choix conscients qui correspondaient \u00e0 mon bien-\u00eatre et \u00e0 mes objectifs \u00e0 long terme. Apprendre \u00e0 dire &#8220;non&#8221; signifiait dire &#8220;oui&#8221; \u00e0 une vie plus saine et plus \u00e9quilibr\u00e9e. Principaux enseignements Le saut de la foi &#8211; Quitter mon emploi et d\u00e9m\u00e9nager au Canada Il y a quelque chose de terrifiant et d&#8217;exaltant \u00e0 la fois dans le fait de prendre une d\u00e9cision qui bouleverse le monde. Pour moi, ce moment est arriv\u00e9 lorsque j&#8217;ai d\u00e9cid\u00e9 de quitter mon emploi. Imaginez : une journ\u00e9e normale au bureau, des lumi\u00e8res fluorescentes qui bourdonnent au-dessus de ma t\u00eate, et moi, fixant l&#8217;\u00e9cran de l&#8217;ordinateur, r\u00e9alisant que j&#8217;\u00e9tais pr\u00eat pour un changement. Pourquoi j&#8217;ai quitt\u00e9 La d\u00e9cision n&#8217;a pas \u00e9t\u00e9 prise sur un coup de t\u00eate. Cela faisaitun moment que je sentais que je n&#8217;\u00e9tais pas l\u00e0 o\u00f9 je dev ais \u00eatre. Le travail \u00e9tait bien, mais juste bien. Et au fond de moi, je savais que je voulais plus qu&#8217;une bonne chose. Je voulais poursuivre une vie qui me fasse sauter du lit le matin, et non pas une vie qui me pousse \u00e0 appuyer sur &#8220;snooze&#8221;. Le grand d\u00e9m\u00e9nagement Le choix du Canada n&#8217;a pas \u00e9t\u00e9 fait au hasard. J&#8217;ai toujours \u00e9t\u00e9 attir\u00e9e par ses paysages \u00e9poustouflants et sa culture accueillante. De plus, Calgary semblait \u00eatre le m\u00e9lange parfait de vie urbaine et de nature. L&#8217;id\u00e9e d&#8217;\u00eatre proche des Rocheuses \u00e9tait enthousiasmante. J&#8217;ai donc franchi le pas. J&#8217;ai fait mes valises, j&#8217;ai dit au revoir et je me suis embarqu\u00e9e dans ce qui m&#8217;a sembl\u00e9 \u00eatre la plus grande aventure de ma vie. S&#8217;installer L&#8217;installation \u00e0 Calgary a \u00e9t\u00e9 un m\u00e9lange d&#8217;excitation et de d\u00e9fis. Les premi\u00e8res semaines ont \u00e9t\u00e9 un tourbillon de recherche d&#8217;un logement, d&#8217;adaptation \u00e0 la ville et, bien s\u00fbr, de d\u00e9marches administratives (personne ne vous pr\u00e9vient de la paperasserie !). J&#8217;ai eu des moments de doute, me demandant si j&#8217;avais fait le bon choix. Mais ensuite, je voyais le soleil se coucher sur les montagnes. cela en valait la peine. Enseignements tir\u00e9s Mes objectifs pour 2024 : D\u00e9finir le cap d&#8217;une ann\u00e9e riche en satisfactions \u00c0 l&#8217;aube de 2024, il est temps de tracer la voie pour l&#8217;ann\u00e9e \u00e0 venir. En r\u00e9fl\u00e9chissant \u00e0 la croissance et aux d\u00e9fis de l&#8217;ann\u00e9e \u00e9coul\u00e9e, je me suis fix\u00e9 une s\u00e9rie d&#8217;objectifs qui ne sont pas seulement des jalons, mais des&#8230;<\/p>\n","protected":false},"author":1,"featured_media":8583,"comment_status":"open","ping_status":"open","sticky":false,"template":"","format":"standard","meta":{"_eb_attr":"","cos_headline_score":0,"cos_seo_score":0,"cos_headline_text":"","cos_headline_has_been_analyzed":false,"cos_last_analyzed_headline":[],"_lmt_disableupdate":"","_lmt_disable":"","footnotes":""},"categories":[123],"tags":[],"ppma_author":[115],"modified_by":null,"acf":[],"authors":[{"term_id":115,"user_id":1,"is_guest":0,"slug":"lucie-pospechova92gmail-com","display_name":"Lucie Pospechova","avatar_url":"https:\/\/secure.gravatar.com\/avatar\/233d2c822e5d73b3ec29ee7289f7af27?s=96&d=mm&r=g","user_url":"http:\/\/luciepo.com","last_name":"Pospechova","first_name":"Lucie","description":"Hello, I'm Lucie, a 31-year-old advocate for personal development and holistic well-being. Through this blog, I share practical insights and inspiring stories to help you thrive in every aspect of your life. Let's embark on this transformative journey together. \r\nWarm regards, Lucie."}],"_links":{"self":[{"href":"https:\/\/luciepo.com\/fr\/wp-json\/wp\/v2\/posts\/9186"}],"collection":[{"href":"https:\/\/luciepo.com\/fr\/wp-json\/wp\/v2\/posts"}],"about":[{"href":"https:\/\/luciepo.com\/fr\/wp-json\/wp\/v2\/types\/post"}],"author":[{"embeddable":true,"href":"https:\/\/luciepo.com\/fr\/wp-json\/wp\/v2\/users\/1"}],"replies":[{"embeddable":true,"href":"https:\/\/luciepo.com\/fr\/wp-json\/wp\/v2\/comments?post=9186"}],"version-history":[{"count":1,"href":"https:\/\/luciepo.com\/fr\/wp-json\/wp\/v2\/posts\/9186\/revisions"}],"predecessor-version":[{"id":9198,"href":"https:\/\/luciepo.com\/fr\/wp-json\/wp\/v2\/posts\/9186\/revisions\/9198"}],"wp:featuredmedia":[{"embeddable":true,"href":"https:\/\/luciepo.com\/fr\/wp-json\/wp\/v2\/media\/8583"}],"wp:attachment":[{"href":"https:\/\/luciepo.com\/fr\/wp-json\/wp\/v2\/media?parent=9186"}],"wp:term":[{"taxonomy":"category","embeddable":true,"href":"https:\/\/luciepo.com\/fr\/wp-json\/wp\/v2\/categories?post=9186"},{"taxonomy":"post_tag","embeddable":true,"href":"https:\/\/luciepo.com\/fr\/wp-json\/wp\/v2\/tags?post=9186"},{"taxonomy":"author","embeddable":true,"href":"https:\/\/luciepo.com\/fr\/wp-json\/wp\/v2\/ppma_author?post=9186"}],"curies":[{"name":"wp","href":"https:\/\/api.w.org\/{rel}","templated":true}]}}